{"id":5122,"date":"2020-08-06T08:09:00","date_gmt":"2020-08-06T06:09:00","guid":{"rendered":"https:\/\/gilbertbrands.de\/blog\/?p=5122"},"modified":"2020-08-06T07:29:00","modified_gmt":"2020-08-06T05:29:00","slug":"degeneration","status":"publish","type":"post","link":"https:\/\/gilbertbrands.de\/blog\/2020\/08\/06\/degeneration\/","title":{"rendered":"Degeneration"},"content":{"rendered":"\n<p>Wenn man wissen will, wo die ganzen KZ-Aufseher*innen der NS-Zeit untergekommen sind, die man nicht verurteilt hat, kann man auf den Gedanken kommen, dass sie sich in Gesundheits\u00e4mtern und Ministerien herumtreiben. Der Hintergrund f\u00fcr solche Gedanken:<\/p>\n\n\n\n<!--more-->\n\n\n\n<ul class=\"wp-block-list\"><li>Gesundheits\u00e4mter in mehreren Bundesl\u00e4ndern fordern Eltern in der Coronakrise dazu auf, ihre Kinder in h\u00e4uslicher Quarant\u00e4ne getrennt von der Familie in einem Raum zu isolieren, wenn ein Corona-Verdacht besteht. Nach Informationen von nw.de, der Online-Ausgabe der in Bielefeld erscheinenden Tageszeitung &#8222;Neue Westf\u00e4lische&#8220;, haben die Gesundheits\u00e4mter der Kreise Offenbach und Karlsruhe in einer Anordnung gefordert, es solle keine gemeinsamen Mahlzeiten geben. Zudem drohten sie Eltern, dass bei Zuwiderhandlung das Kind in einer geschlossenen Einrichtung f\u00fcr die Dauer der Quarant\u00e4ne untergebracht werde. Bei den Empf\u00e4ngern der Anordnungen handelt es sich um Eltern von Kindern zwischen drei und elf Jahren (<a href=\"https:\/\/www.presseportal.de\/pm\/65487\/4671896\">https:\/\/www.presseportal.de\/pm\/65487\/4671896<\/a>). <\/li><li>Die Regeln f\u00fcr die Schuler\u00f6ffnungen &#8211; so sie denn tats\u00e4chlich stattfinden und nicht in einem neuen Lockdown versanden &#8211; sehen vor: Masken- und Abstandspflicht f\u00fcr die Kinder bis in den Unterricht hinein.<\/li><\/ul>\n\n\n\n<p>Wobei zu dem ersten Bericht anzumerken ist, dass der Originaltext solcher Anordnungen noch wesentlich krasser ist &#8211; die Kinder m\u00fcssen in absoluter Isolation in der Familie gehalten werden, st\u00e4ndig eine Maske tragen und den Eltern wird selbst ebenfalls Verbringung in die geschlossene Psychiatrie auf der Grundlage eines Verwaltungsaktes angedroht, wenn sie das nicht durchsetzen &#8211; und diese Anordnungen aufgrund eines puren Verdachts &#8211; im Umfeld des Kindes ist eine positive Testung erfolgt &#8211; erfolgen. Was aus solchen Kindern werden kann &#8211; k\u00f6rperlich d\u00fcrften sie es wohl \u00fcberstehen, Kinder sind da sehr robust &#8211; sind psychisch gest\u00f6rte Pers\u00f6nlichkeiten. Die Seelenklempner belegen regelm\u00e4\u00dfig, dass Soziopathen irgendwann solche Erlebnisse in der Kindheit hatten. Wo sind sie nun, wenn sie den staatlichen Terror eigentlich unterbinden m\u00fcssten?<\/p>\n\n\n\n<p>In der NS-Zeit konnte man den Menschen ja so einiges antun, zumindest wenn sie nicht-arischer Abstammung waren. Heute ist man nicht so w\u00e4hlerisch: man kann es jedem antun. Wer einen Vergleich haben m\u00f6chte, was es mit den beiden Anordnungen auf sich hat, kann sich hier bedienen: nach \u00a72 Tierschutzgesetz (TierSchG) macht sich strafbar, wer ein Tier nicht artgerecht h\u00e4lt. Menschenkindern k\u00f6nnen deutsche Beh\u00f6rden aber problemlos die artgerechte Haltung (herumtollen, soziale Kontakte entwickeln, spielen &#8211; kurz leben genannt) verweigern. Ohne Probleme. Kein Gericht nimmt sich der Sache an. Wer im TierSchG weiter liest, findet auch noch einiges andere, was man einem Tier nicht antun darf, aber anscheinend problemlos Menschenjungen. Obwohl es nat\u00fcrlich auch allen Gesetzen bez\u00fcglich des Schutzes und der Rechte der Kinder widerspricht. Aber wer in einem Amt interessiert sich heute noch f\u00fcr Gesetze?<\/p>\n\n\n\n<p>Was zur \u00dcberschrift f\u00fchrt. Denn damit sind die Eltern gemeint. In der Natur verteidigt jedes Muttertier seine Nachkommen mit Z\u00e4hnen und Krallen bis zum Tod, wenn man sie in der Form bedroht, wie sich das deutsche Beh\u00f6rden gegen\u00fcber deutschen Muttertieren herausnehmen. Besch\u00fctzer- oder Mutterinstinkt nennt man das. Deutsche M\u00fctter z\u00f6gern hingegen nicht, ihre Brut auf Befehl von oben zu misshandeln, ohne sich in irgendeiner Form zu wehren. Muss ja sein! Heil Spahn! Heil Merkel! Heil S\u00f6der! Heil Laschet! Und nein, in den Lappen reingekotzt zu haben, ist kein Grund, ihn abzunehmen, du ungezogenes G\u00f6hr.<\/p>\n\n\n\n<p>\u00c4hnliches passiert am anderen Ende der Alterskette. W\u00e4hrend des staatlich angeordneten Lockdowns durften Angeh\u00f6rige ihre alten Verwandten in Heimen nicht besuchen und erhielten irgendwann die Nachricht, die Leute seien (an Corona?) verstorben. Die Spahn-Schergen haben die Alten oft ohne richtige Pflege und soziale Kontakt langsam verrecken lassen, auf beh\u00f6rdliche Anordnung versteht sich.<\/p>\n\n\n\n<p>Da das so gut funktioniert hat, will man zuk\u00fcnftig die \u00e4lteren B\u00fcrger gezielt sch\u00fctzen. Also im Klartext: in jeder Grippesaison sozial isolieren und die Pflege herunterfahren. Nur zum Schutz, versteht sich. Grippe ist nicht notwendig; auch ohne Grippe stirbt sich auf diese Weise schnell (also zumindest relativ, aber bereits bewiesen). Und damit sich keiner davor dr\u00fcckt, auf diese Weise die Rentenzahlungen zeitlich zu begrenzen, sieht ein Spahn-Entwurf auch vor, alte Menschen bei Bedarf in Heime zwangseinweisen zu lassen. Bislang weigern sich aber noch ein paar Uneinsichtige im Bumstag. Aber die werden auch noch degenerieren.<\/p>\n","protected":false},"excerpt":{"rendered":"<p>Wenn man wissen will, wo die ganzen KZ-Aufseher*innen der NS-Zeit untergekommen sind, die man nicht verurteilt hat, kann man auf den Gedanken kommen, dass sie sich in Gesundheits\u00e4mtern und Ministerien herumtreiben. Der Hintergrund f\u00fcr solche Gedanken: Download Artikel als PDF<\/p>\n","protected":false},"author":1,"featured_media":0,"comment_status":"closed","ping_status":"closed","sticky":false,"template":"","format":"standard","meta":{"footnotes":""},"categories":[12,6],"tags":[],"class_list":["post-5122","post","type-post","status-publish","format-standard","hentry","category-gesellschaft","category-politik"],"post_mailing_queue_ids":[],"_links":{"self":[{"href":"https:\/\/gilbertbrands.de\/blog\/wp-json\/wp\/v2\/posts\/5122","targetHints":{"allow":["GET"]}}],"collection":[{"href":"https:\/\/gilbertbrands.de\/blog\/wp-json\/wp\/v2\/posts"}],"about":[{"href":"https:\/\/gilbertbrands.de\/blog\/wp-json\/wp\/v2\/types\/post"}],"author":[{"embeddable":true,"href":"https:\/\/gilbertbrands.de\/blog\/wp-json\/wp\/v2\/users\/1"}],"replies":[{"embeddable":true,"href":"https:\/\/gilbertbrands.de\/blog\/wp-json\/wp\/v2\/comments?post=5122"}],"version-history":[{"count":3,"href":"https:\/\/gilbertbrands.de\/blog\/wp-json\/wp\/v2\/posts\/5122\/revisions"}],"predecessor-version":[{"id":5125,"href":"https:\/\/gilbertbrands.de\/blog\/wp-json\/wp\/v2\/posts\/5122\/revisions\/5125"}],"wp:attachment":[{"href":"https:\/\/gilbertbrands.de\/blog\/wp-json\/wp\/v2\/media?parent=5122"}],"wp:term":[{"taxonomy":"category","embeddable":true,"href":"https:\/\/gilbertbrands.de\/blog\/wp-json\/wp\/v2\/categories?post=5122"},{"taxonomy":"post_tag","embeddable":true,"href":"https:\/\/gilbertbrands.de\/blog\/wp-json\/wp\/v2\/tags?post=5122"}],"curies":[{"name":"wp","href":"https:\/\/api.w.org\/{rel}","templated":true}]}}