{"id":5076,"date":"2020-07-11T07:54:00","date_gmt":"2020-07-11T05:54:00","guid":{"rendered":"https:\/\/gilbertbrands.de\/blog\/?p=5076"},"modified":"2020-07-07T08:27:49","modified_gmt":"2020-07-07T06:27:49","slug":"lesch-is-back","status":"publish","type":"post","link":"https:\/\/gilbertbrands.de\/blog\/2020\/07\/11\/lesch-is-back\/","title":{"rendered":"Lesch is back!"},"content":{"rendered":"\n<p>Kann sich noch jemand an Prof. Harald Lesch erinnern? Den Kumpel von Greta Thunberg, der wie sie den Unterricht geschw\u00e4nzt hat, um irgendwie gegen den Klimawandel zu demonstrieren? Ok, der Unterricht war der, den er geben sollte und nicht der, den er bekommen sollte, aber sonst sind sich die F\u00e4lle recht \u00e4hnlich.<\/p>\n\n\n\n<!--more-->\n\n\n\n<p>Lesch ist Astrophysiker und hat irgendwann die Esotherische Physik erfunden. Ob es nun stimmt, dass er mit hom\u00f6opathischen Globuli die Gravitationskonstante ver\u00e4ndern wollte, halte ich allerdings f\u00fcr ein Ger\u00fccht. Nach einer Reihe von eigentlich recht guten Wissenschaftsshows im Fernsehen ist er dann auf das Thema Klima gekommen, wo er Anspruch durch Erfolg ersetzte.<\/p>\n\n\n\n<p>Lesch ist von Hause aus eigentlich so wie ich und eine Reihe anderer Professoren: qua Beruf verf\u00fcgt man \u00fcber einen methodischen Horizont, der es einem erlaubt, zu einer ganzen Reihe Themen durchaus qualifiziert Stellung zu beziehen. Im Gegensatz zu mir und einer Reihe anderer Professoren hat sich Lesch allerdings in Sachen Klima eher wie ein Absolvent irgendeines Laberfachs verhalten: er widerlegte Behauptungen, die nie jemand aufgestellt hatte, zu einem wesentlichen Teil sogar auf seinem Fachgebiet der Astrophysik, das er ja wohl eigentlich verstehen sollte, und er h\u00f6rte bei anderen Sachen grunds\u00e4tzlich in dem Moment mit dem logischen Denken auf, in dem ich und andere Professoren damit anfangen. Daf\u00fcr hatte er medialen Erfolg und wurde als Fachmann gefeiert, wobei es aber im Gegensatz zu Greta nicht zu gr\u00f6\u00dferen Preisen reichte. Dumm gelaufen. Wahrscheinlich h\u00e4tte er viel fr\u00fcher die Schule schw\u00e4nzen m\u00fcssen, um einen vergleichbaren Erfolg zu haben.<\/p>\n\n\n\n<p>Durch die Corona-Grippe sind beide etwas von der Bildfl\u00e4che verschwunden. Doch nun gilt: LESCH IS BACK! Neben einem <strong>Schock<\/strong>sommer (Lesch kommt aus M\u00fcnchen, weshalb diese nur im M\u00fcnchner Merkur st\u00e4ndig gebrauchte Floskel wohl verst\u00e4ndlich ist) bef\u00fcrchtet der gute Lesch, dass &#8222;eine zweite Welle kommt und wir die Kontrolle \u00fcber das Virus verlieren&#8220; (<a href=\"https:\/\/www.focus.de\/kultur\/kino_tv\/tv-physiker-wird-deutlich-zdf-professor-lesch-ich-habe-angst-dass-wir-kontrolle-ueber-virus-verlieren_id_12173490.html\">https:\/\/www.focus.de\/kultur\/kino_tv\/tv-physiker-wird-deutlich-zdf-professor-lesch-ich-habe-angst-dass-wir-kontrolle-ueber-virus-verlieren_id_12173490.html<\/a>). <\/p>\n\n\n\n<p>Anscheinend hat Drosten abgewirtschaftet, weil seine kruden Thesen sich erkennbar immer weiter von seri\u00f6ser wissenschaftlicher Arbeit entfernen. Also bekommt er noch mal schnell einen Fernsehpreis f\u00fcr hervorragendes Propagandafernsehen und verschwindet dann etwas im Untergrund, daf\u00fcr taucht dann Allzweckwaffe Lesch wieder auf, der \u00e4hnlich wie weiland Erika Saucke auftritt:<\/p>\n\n\n\n<blockquote class=\"wp-block-quote is-layout-flow wp-block-quote-is-layout-flow\"><p>&#8222;Gr\u00fc\u00df Gott, liebes Publikum!&#8220; &#8211; &#8222;Gr\u00fc\u00df Gott, Onkel Harald!&#8220; &#8211; und dann wird mit kruden Modelle gespielt.<\/p><cite><a href=\"https:\/\/www.tvforen.de\/read.php?3,1314705,1314790\">https:\/\/www.tvforen.de\/read.php?3,1314705,1314790<\/a><\/cite><\/blockquote>\n\n\n\n<p>Nun also (wie) bestellt mit der These, dass &#8222;eine zweite Welle kommt und wir die Kontrolle \u00fcber das Virus verlieren&#8220;. Dazu, lieber Harald, mal so von Namensvetter zu Namensvetter, drei Fragen:<\/p>\n\n\n\n<ol class=\"wp-block-list\"><li>Wo war die erste Welle? Das konnte schon Drosten nicht beantworten, aber vielleicht du.<\/li><li>Welche Kontrolle und wor\u00fcber? <\/li><li>Mit welchem Betrag l\u00e4sst du dich f\u00fcr so etwas schmieren?<\/li><\/ol>\n","protected":false},"excerpt":{"rendered":"<p>Kann sich noch jemand an Prof. Harald Lesch erinnern? Den Kumpel von Greta Thunberg, der wie sie den Unterricht geschw\u00e4nzt hat, um irgendwie gegen den Klimawandel zu demonstrieren? Ok, der Unterricht war der, den er geben sollte und nicht der, den er bekommen sollte, aber sonst sind sich die F\u00e4lle recht \u00e4hnlich. Download Artikel als &hellip; <a href=\"https:\/\/gilbertbrands.de\/blog\/2020\/07\/11\/lesch-is-back\/\" class=\"more-link\"><span class=\"screen-reader-text\">Lesch is back!<\/span> weiterlesen <span class=\"meta-nav\">&rarr;<\/span><\/a><\/p>\n","protected":false},"author":1,"featured_media":0,"comment_status":"closed","ping_status":"closed","sticky":false,"template":"","format":"standard","meta":{"footnotes":""},"categories":[12],"tags":[],"class_list":["post-5076","post","type-post","status-publish","format-standard","hentry","category-gesellschaft"],"post_mailing_queue_ids":[],"_links":{"self":[{"href":"https:\/\/gilbertbrands.de\/blog\/wp-json\/wp\/v2\/posts\/5076","targetHints":{"allow":["GET"]}}],"collection":[{"href":"https:\/\/gilbertbrands.de\/blog\/wp-json\/wp\/v2\/posts"}],"about":[{"href":"https:\/\/gilbertbrands.de\/blog\/wp-json\/wp\/v2\/types\/post"}],"author":[{"embeddable":true,"href":"https:\/\/gilbertbrands.de\/blog\/wp-json\/wp\/v2\/users\/1"}],"replies":[{"embeddable":true,"href":"https:\/\/gilbertbrands.de\/blog\/wp-json\/wp\/v2\/comments?post=5076"}],"version-history":[{"count":1,"href":"https:\/\/gilbertbrands.de\/blog\/wp-json\/wp\/v2\/posts\/5076\/revisions"}],"predecessor-version":[{"id":5077,"href":"https:\/\/gilbertbrands.de\/blog\/wp-json\/wp\/v2\/posts\/5076\/revisions\/5077"}],"wp:attachment":[{"href":"https:\/\/gilbertbrands.de\/blog\/wp-json\/wp\/v2\/media?parent=5076"}],"wp:term":[{"taxonomy":"category","embeddable":true,"href":"https:\/\/gilbertbrands.de\/blog\/wp-json\/wp\/v2\/categories?post=5076"},{"taxonomy":"post_tag","embeddable":true,"href":"https:\/\/gilbertbrands.de\/blog\/wp-json\/wp\/v2\/tags?post=5076"}],"curies":[{"name":"wp","href":"https:\/\/api.w.org\/{rel}","templated":true}]}}