{"id":5035,"date":"2020-06-22T08:29:00","date_gmt":"2020-06-22T06:29:00","guid":{"rendered":"https:\/\/gilbertbrands.de\/blog\/?p=5035"},"modified":"2020-06-19T12:53:08","modified_gmt":"2020-06-19T10:53:08","slug":"demokratie-made-by-fdp","status":"publish","type":"post","link":"https:\/\/gilbertbrands.de\/blog\/2020\/06\/22\/demokratie-made-by-fdp\/","title":{"rendered":"Demokratie made by FDP"},"content":{"rendered":"\n<p>Im FDP-Hauptquartier in Berlin:<\/p>\n\n\n\n<!--more-->\n\n\n\n<p>&#8222;Jungs .. \u00e4h .. und Jungingen, mir ist da was aufgefallen. Im Infektionsschutzgesetz steht, dass die epidemische Lage gar nicht von der Regierung widerrufen werden muss, sondern das wir als Bumstag daf\u00fcr zust\u00e4ndig sind.&#8220; (Zwischenruf: &#8222;Bumstag! Sexist!&#8220;) &#8222;Ich habe mal nachgeschaut, wie das aussieht und festgestellt, dass die epidemische Lage gar nicht mehr besteht. Wir k\u00f6nnen das also beenden. Ich habe da mal was vorbereitet: <a href=\"https:\/\/www.google.com\/url?sa=t&amp;rct=j&amp;q=&amp;esrc=s&amp;source=web&amp;cd=&amp;cad=rja&amp;uact=8&amp;ved=2ahUKEwip16691Y3qAhXy0qYKHe2dDmkQFjAAegQIBhAB&amp;url=https%3A%2F%2Fdipbt.bundestag.de%2Fdoc%2Fbtd%2F19%2F200%2F1920046.pdf&amp;usg=AOvVaw12huYjdbx2LYvizx3G5f6i\">1920046<\/a>.<\/p>\n\n\n\n<hr class=\"wp-block-separator\"\/>\n\n\n\n<p>Anruf aus dem Bundeskanzleramt:<\/p>\n\n\n\n<p>&#8222;Lindner? Hier Braun aus dem F\u00fchrerinnenhaupt &#8230; \u00e4h, Bundeskanzleramt. Ich soll Ihnen von der F\u00fchrerin ausrichten &#8211; ich zitiere mal w\u00f6rtlich: &#8218;Fragen Sie dieses Arschloch Linder, was ihm einf\u00e4llt, meine diktatorischen Vollmachten kappen zu wollen. Wenn hier einer was beschlie\u00dft, dann ich! Falls er nicht mit seiner ganzen Truppe in M\u00e4dchenkleidern Botschafter in Burkina Faso werden will, soll er sich was einfallen lassen&#8216;. Ich gehe davon aus, dass Sie verstanden haben, Lindner! Heil Merkel!&#8220; -klick-<\/p>\n\n\n\n<hr class=\"wp-block-separator\"\/>\n\n\n\n<p>Wieder zur\u00fcck im FDP-Hauptquartier: <\/p>\n\n\n\n<p>&#8222;Wir haben da ein Problem. Wir haben einen Fehler gemacht. Wir sollen alle Botschafter in M\u00e4dchenkleidern in Burkina Faso werden und es ist abzusehen, dass wir bei den sexgeilen Musels nach den M\u00e4dels auch irgendwann dran sind&#8220; (Zwischenruf: &#8222;Mieser Sexist! Ist deine Mutter schwul oder was?&#8220;) &#8222;Ich habe mir aber schon was \u00fcberlegt und vorbereitet. Nennen wir das der Einfachheit halber <a href=\"https:\/\/www.google.com\/url?sa=t&amp;rct=j&amp;q=&amp;esrc=s&amp;source=web&amp;cd=&amp;cad=rja&amp;uact=8&amp;ved=2ahUKEwip16691Y3qAhXy0qYKHe2dDmkQFjABegQIAhAB&amp;url=https%3A%2F%2Fdipbt.bundestag.de%2Fdoc%2Fbtd%2F19%2F200%2F1920042.pdf&amp;usg=AOvVaw1R5Ru-DAEhGoNvV-oxN5Xl\">Covid-19-Rechtsverordnungsweitergeltungsgesetz<\/a>. Da schreiben wir einfach rein, dass f\u00fcr die epidemische Lage keine Voraussetzungen mehr vorhanden sind, aber die Verordnungen unbedingt weiter bestehen m\u00fcssen. Die epidemische Lage endet am 31. M\u00e4rz 2021 automatisch, falls Merkel nicht vorher beschlie\u00dft, dass sie zu Ende ist, oder wir einen Anruf erhalten, dass das so mit dem Termin nicht geht. Ach ja, und dass mir keiner auf die Idee kommt, das irgendjemand erkl\u00e4ren zu wollen!&#8220; <\/p>\n\n\n\n<hr class=\"wp-block-separator\"\/>\n\n\n\n<p><\/p>\n","protected":false},"excerpt":{"rendered":"<p>Im FDP-Hauptquartier in Berlin: Download Artikel als PDF<\/p>\n","protected":false},"author":1,"featured_media":0,"comment_status":"closed","ping_status":"closed","sticky":false,"template":"","format":"standard","meta":{"footnotes":""},"categories":[6],"tags":[],"class_list":["post-5035","post","type-post","status-publish","format-standard","hentry","category-politik"],"post_mailing_queue_ids":[],"_links":{"self":[{"href":"https:\/\/gilbertbrands.de\/blog\/wp-json\/wp\/v2\/posts\/5035","targetHints":{"allow":["GET"]}}],"collection":[{"href":"https:\/\/gilbertbrands.de\/blog\/wp-json\/wp\/v2\/posts"}],"about":[{"href":"https:\/\/gilbertbrands.de\/blog\/wp-json\/wp\/v2\/types\/post"}],"author":[{"embeddable":true,"href":"https:\/\/gilbertbrands.de\/blog\/wp-json\/wp\/v2\/users\/1"}],"replies":[{"embeddable":true,"href":"https:\/\/gilbertbrands.de\/blog\/wp-json\/wp\/v2\/comments?post=5035"}],"version-history":[{"count":3,"href":"https:\/\/gilbertbrands.de\/blog\/wp-json\/wp\/v2\/posts\/5035\/revisions"}],"predecessor-version":[{"id":5038,"href":"https:\/\/gilbertbrands.de\/blog\/wp-json\/wp\/v2\/posts\/5035\/revisions\/5038"}],"wp:attachment":[{"href":"https:\/\/gilbertbrands.de\/blog\/wp-json\/wp\/v2\/media?parent=5035"}],"wp:term":[{"taxonomy":"category","embeddable":true,"href":"https:\/\/gilbertbrands.de\/blog\/wp-json\/wp\/v2\/categories?post=5035"},{"taxonomy":"post_tag","embeddable":true,"href":"https:\/\/gilbertbrands.de\/blog\/wp-json\/wp\/v2\/tags?post=5035"}],"curies":[{"name":"wp","href":"https:\/\/api.w.org\/{rel}","templated":true}]}}