{"id":501,"date":"2016-04-19T08:09:17","date_gmt":"2016-04-19T06:09:17","guid":{"rendered":"http:\/\/gilbertbrands.de\/blog\/?p=501"},"modified":"2016-04-19T08:09:17","modified_gmt":"2016-04-19T06:09:17","slug":"der-islam-und-die-afd","status":"publish","type":"post","link":"https:\/\/gilbertbrands.de\/blog\/2016\/04\/19\/der-islam-und-die-afd\/","title":{"rendered":"Der Islam und die AfD"},"content":{"rendered":"<p>Mit ihren Aussagen zum Wesen des Islam liefert die AfD (wieder einmal) eine Steilvorlage f\u00fcr die Gutmenschen, ohne Diskussion des Themas Nazi-Vergleiche zu ziehen, um die immer gr\u00f6\u00dfere politische Erosion der eigenen Position einzud\u00e4mmen. <!--more-->Dabei scheuen sie sich nicht, die eigenen fr\u00fcheren Positionen zu verleugnen und Leute mit Hetzparolen zu Wort kommen zu lassen, die die Bedenken der AfD best\u00e4tigen.<\/p>\n<p>Aussage der AfD: der Islam ist eine politische Ideologie. [AUFSCHREI! ISLAMFEINDLICH!] Dummerweise stimmt genau das. Der Islam IST eine politische Ideologie, die alles andere als auf friedliche Weise mit anderen Richtungen zusammenlegen, sondern die Macht \u00fcbernehmen will. Das steht genau so im Koran drin, wortw\u00f6rtlich, und das ist weltweite Praxis dort, wo der Islam in der Mehrheit ist, angefangen in der T\u00fcrkei. Imame oder Ayatollahs oder Scheichs oder wie auch immer sich islamische Prediger nennen &#8211; sie bestimmen in islamischen L\u00e4ndern. Und auch hier werben islamische Prediger Soldaten an, die irgendwo k\u00e4mpfen sollen und daf\u00fcr Freibriefe zum T\u00f6ten oder zur Massenfrauenhaltung erhalten.<\/p>\n<p>Nat\u00fcrlich sind nicht alle Moslems heimliche Terroristen. Die meisten wollen friedlich ihr Leben f\u00fchren und ihre Religion spirituell aus\u00fcben. Und genau das ist es ja, wof\u00fcr gesellschaftliche Exponenten wie Hamad Abdel-Samad eintreten: weg vom politischen Islam hin zum spirituellen Islam. Das sieht auch die AfD so, wie aus Interviews hervorgeht. Leider sind Leute wie Abdel-Samad nicht Gespr\u00e4chspartner f\u00fcr die Gutmenschen. Abdel-Samad darf sich literarisch \u00e4u\u00dfern, was ja bekanntlich nicht Ernst genommen wird. Gespr\u00e4chspartner sind Organisationen wie der Islamrat, der auch sofort mit Nazihetze \u00fcber die AfD herf\u00e4llt. Was ist der Islamrat? Wer hat den gew\u00e4hlt? <strong>Keiner!<\/strong><\/p>\n<p>Der Islamrat ist keine Vertretung der Muslime. Der Islam kennt so etwas wie die kirchliche Organisation, wie sie heute besteht, nicht. Er ist eben eine politische Organisation. Der Islamrat ist eine Dachorganisation von Vereinen wie <span lang=\"tr\" xml:lang=\"tr\"><i>Diyanet \u0130\u015fleri T\u00fcrk \u0130slam Birli\u011fi<\/i><\/span>, abgek\u00fcrzt <b>D\u0130T\u0130B<\/b>, <span lang=\"tr\" xml:lang=\"tr\">\u0130slam K\u00fclt\u00fcr Merkezleri Birli\u011fi<\/span>, IKMB, dem Zentralrat der Muslime, in dem ausnahmsweise die T\u00fcrken nicht das Sagen haben, der <b>Islamische Gemeinschaft Mill\u00ee G\u00f6r\u00fc\u015f<\/b> e.V. und anderen. Die meisten dieser Vereine sowie die Mehrheit der islamischen Prediger in Deutschland (ca. 100.000) werden direkt vom t\u00fcrkischen Religionsministerium (ja, die haben ein Religionsministerium (Diyanet \u0130\u015fleri Ba\u015fkanl\u0131\u011f\u0131)) kontrolliert und finanziert.<\/p>\n<p>Die T\u00fcrkei hat hier damit l\u00e4ngst politische Positionen inne, die man mit Fug und Recht als verfassungs- und v\u00f6lkerrechtswidrige Einmischung in die Angelegenheiten anderer Staaten bezeichnen kann. Genau das kreidet die AfD dem Islam an. Sie ist damit nicht so ganz alleine. Selbst Vertreter von Parteien wie CDU oder SPD f\u00e4llt das sporadisch auf, aber vermutlich sorgt der starke politische Arm der T\u00fcrkei und des Islam immer wieder daf\u00fcr, dass solche Stimmen schnell verstummen. Die AfD vertritt mit der Kritik an der t\u00fcrkischen Steuerung des Islam keine extremistischen, ja noch nicht einmal neue Positionen. Trotzdem d\u00fcrfen die t\u00fcrkischen Islamverb\u00e4nde hier in der Presse lauthals br\u00fcllen, dass es so etwas wie die AfD seit Hitler nicht mehr gegeben h\u00e4tte.<\/p>\n<p>Auch sonst steht im AfD-Programm auch nichts anderes, als im nationalsozialistischen Frankreich, in der nationalsozialistischen Schweiz und anderen nationalsozialistischen Staaten der EU nicht schon l\u00e4ngst Gesetzesrealit\u00e4t ist: Einschr\u00e4nkung des Burkatragens, des Minarettbaus und anderer islamische Symbole. Selbst in der Nationalsozialistischen christlich-demokratischen Union (NSCDU) sowie der Nationalsozialistisch-sozialdemokratischen Partei Deutschlands (NSSPD) werden diese Positionen vertreten. Alles Nationalsozialisten aus Sicht des Islamrats. Obendrein ist es ganz erstaunlich, wie Leute, die in einer <a href=\"http:\/\/www.frauenrechte.de\/online\/index.php\/themen-und-aktionen\/frauenfeindliche-werbung\/checkliste\" target=\"_blank\">sp\u00e4rlich bekleideten Frau auf einem Werbeplakat<\/a> ein verbotsw\u00fcrdiges Vergehen sehen (man muss das nicht gut finden, aber verbieten?!), anscheinend wenig bis nichts dagegen haben, wenn Frauen im Islam unwesentlich besser behandelt werden als Ziegen und Schafe, und zwar selbst hier. Zumindest tun sie selbst herzlich wenig im Vergleich zu der medialen Hetze, die sie gegen die AfD veranstalten.<\/p>\n<p>Halten wir fest: der Islam, so wie er ist, IST verfassungsfeindlich. Er bedarf einer grundlegenden Reform in Richtung Spiritualit\u00e4t. Wo sollte das beginnen, wenn nicht hier? Etwa im Iran oder in Saudi-Arabien?<\/p>\n<p>&nbsp;<\/p>\n<p>&nbsp;<\/p>\n","protected":false},"excerpt":{"rendered":"<p>Mit ihren Aussagen zum Wesen des Islam liefert die AfD (wieder einmal) eine Steilvorlage f\u00fcr die Gutmenschen, ohne Diskussion des Themas Nazi-Vergleiche zu ziehen, um die immer gr\u00f6\u00dfere politische Erosion der eigenen Position einzud\u00e4mmen. Download Artikel als PDF<\/p>\n","protected":false},"author":1,"featured_media":0,"comment_status":"open","ping_status":"open","sticky":false,"template":"","format":"standard","meta":{"footnotes":""},"categories":[6,13,16],"tags":[],"class_list":["post-501","post","type-post","status-publish","format-standard","hentry","category-politik","category-recht","category-religion"],"post_mailing_queue_ids":[],"_links":{"self":[{"href":"https:\/\/gilbertbrands.de\/blog\/wp-json\/wp\/v2\/posts\/501","targetHints":{"allow":["GET"]}}],"collection":[{"href":"https:\/\/gilbertbrands.de\/blog\/wp-json\/wp\/v2\/posts"}],"about":[{"href":"https:\/\/gilbertbrands.de\/blog\/wp-json\/wp\/v2\/types\/post"}],"author":[{"embeddable":true,"href":"https:\/\/gilbertbrands.de\/blog\/wp-json\/wp\/v2\/users\/1"}],"replies":[{"embeddable":true,"href":"https:\/\/gilbertbrands.de\/blog\/wp-json\/wp\/v2\/comments?post=501"}],"version-history":[{"count":1,"href":"https:\/\/gilbertbrands.de\/blog\/wp-json\/wp\/v2\/posts\/501\/revisions"}],"predecessor-version":[{"id":502,"href":"https:\/\/gilbertbrands.de\/blog\/wp-json\/wp\/v2\/posts\/501\/revisions\/502"}],"wp:attachment":[{"href":"https:\/\/gilbertbrands.de\/blog\/wp-json\/wp\/v2\/media?parent=501"}],"wp:term":[{"taxonomy":"category","embeddable":true,"href":"https:\/\/gilbertbrands.de\/blog\/wp-json\/wp\/v2\/categories?post=501"},{"taxonomy":"post_tag","embeddable":true,"href":"https:\/\/gilbertbrands.de\/blog\/wp-json\/wp\/v2\/tags?post=501"}],"curies":[{"name":"wp","href":"https:\/\/api.w.org\/{rel}","templated":true}]}}