{"id":4943,"date":"2020-05-27T08:49:18","date_gmt":"2020-05-27T06:49:18","guid":{"rendered":"https:\/\/gilbertbrands.de\/blog\/?p=4943"},"modified":"2020-05-27T08:49:20","modified_gmt":"2020-05-27T06:49:20","slug":"meine-erste-corona-tote","status":"publish","type":"post","link":"https:\/\/gilbertbrands.de\/blog\/2020\/05\/27\/meine-erste-corona-tote\/","title":{"rendered":"Meine erste Corona-Tote"},"content":{"rendered":"\n<p>Derzeit gilt es, jedes Leben zu bewahren. Wer vor Covid19 bewahrt wird, wird anscheinend nur noch von Jesus in Bezug auf die ewige Lebensdauer getoppt. Der hat immerhin 2000 Jahre Vorsprung vor denjenigen, die heute Dank Maske und morgen Dank Impfstoff automatisch unsterblich werden. Aber auch wenn uns in Zeiten des Covid-Lockdowns von Politik und Medien etwas anderes wei\u00df gemacht wird, endet das Leben stets t\u00f6dlich, auch weiterhin.  <\/p>\n\n\n\n<!--more-->\n\n\n\n<p>Der Tod ist also ein st\u00e4ndiger Begleiter im Leben und alle paar Jahre gibt es ein paar Einschl\u00e4ge, die so nah sind, dass man den Betreffenden gut kannte. In Sachen Covid19 wurde uns zun\u00e4chst versprochen, dass wir davon in Sachen Beerdigung nichts merken w\u00fcrden, in der n\u00e4chsten Phase lagen die verwesenden Leichen pl\u00f6tzlich unbeerdigt in den Stra\u00dfengr\u00e4ben und schlie\u00dflich verk\u00fcndete der \u00f6sterreichische Bundeskanzler Kurz kurz, dass jeder bald mindestens eines der Covid19-Opfer pers\u00f6nlich kennen w\u00fcrde.<\/p>\n\n\n\n<p>Nun ja, mit der pers\u00f6nlichen guten Bekanntschaft ist es immer noch nicht so weit, aber zumindest im sehr nahen Umfeld konnte nun auch ich meinen ersten Strich auf die Corona-Z\u00e4hlliste machen. Das Opfer ist eine 71-j\u00e4hrige Frau, die f\u00fcr eine Gallen-OP vorgesehen war. Dann kam Covid19 und die OP wurde verschoben, weil das Krankenhaus wegen \u00dcberleerung geschlossen werden musste. Der Frau ging es immer schlechter, weshalb ein weiterer OP-Termin gepr\u00fcft wurde. Die Krankenh\u00e4user waren jedoch nach wie vor leer, weshalb auch dieser Termin nicht zustande kam. Schlie\u00dflich ging es der Frau aber so schlecht, dass man sich im dritten Anlauf trotz leerer Betten zu einer OP entschloss. Dabei stellten sich Komplikationen mit der Milz heraus, die auch in einer weiteren OP nicht mehr unter Kontrolle gebracht werden konnten. Die Frau verstarb. Sie hat zwar vom Virus nie etwas gesehen, kann aber eindeutig als Covid19-Opfer bezeichnet werden, weil sie am Verordnungswahnsinn rund um das Virus verstarb. Wieler, \u00fcbernehmen Sie den Fall in Ihre Liste! Vielleicht l\u00e4sst sich so die Zahl der Toten \u00fcber die der nachgewiesenen Infektionen hinaus vergr\u00f6\u00dfern.<\/p>\n\n\n\n<p>Nicht der einzige Fall. Im Internet kursieren mehrere \u00e4hnliche F\u00e4lle und mir sind mehrere weitere Personen pers\u00f6nlich bekannt, denen wichtige Untersuchungen nun seit Monaten immer wieder verweigert werden. Die Leichen m\u00f6gen in den Stra\u00dfengr\u00e4ben noch nicht verwesen, aber die Zahl der unerledigten F\u00e4lle verstopft inzwischen das ganze medizinische Kanalsystem.<\/p>\n\n\n\n<hr class=\"wp-block-separator\"\/>\n\n\n\n<p>An dieser Stelle ein Gru\u00df an den Landrat und den B\u00fcrgermeister, die nicht nur jede noch so widersinnige Verordnung bis ins letzte Detail sklavisch umgesetzt und dazu das Ordungsamt als einzige noch (oder sogar noch besser) funktionierende Abteilung ihrer Verwaltung bewahrt und alles andere weitgehend abgeschaltet haben,  (<a href=\"https:\/\/gilbertbrands.de\/blog\/2020\/05\/25\/verwalten-bis-zum-exitus\/\">https:\/\/gilbertbrands.de\/blog\/2020\/05\/25\/verwalten-bis-zum-exitus\/<\/a>), sondern auch selbst kreativ mit eigenen Einf\u00e4llen zur Versch\u00e4rfung der Situation beigetragen haben (<a href=\"https:\/\/gilbertbrands.de\/blog\/2020\/05\/25\/verwalten-bis-zum-exitus\/\">https:\/\/gilbertbrands.de\/blog\/2020\/05\/25\/verwalten-bis-zum-exitus\/<\/a>). <\/p>\n\n\n\n<p>Aktueller Stand der Bem\u00fchungen: Gesamtzahl der F\u00e4lle 0,07% der Bev\u00f6lkerung, noch aktiv 0,002%, verstorben mit Covid19 0,004% (wobei der oben genannte Fall hoffentlich mitgez\u00e4hlt wurde, oder? Normalsterblichkeit im gleichen Zeitraum 0,25%). Sind Sie zufrieden?<\/p>\n","protected":false},"excerpt":{"rendered":"<p>Derzeit gilt es, jedes Leben zu bewahren. Wer vor Covid19 bewahrt wird, wird anscheinend nur noch von Jesus in Bezug auf die ewige Lebensdauer getoppt. Der hat immerhin 2000 Jahre Vorsprung vor denjenigen, die heute Dank Maske und morgen Dank Impfstoff automatisch unsterblich werden. Aber auch wenn uns in Zeiten des Covid-Lockdowns von Politik und &hellip; <a href=\"https:\/\/gilbertbrands.de\/blog\/2020\/05\/27\/meine-erste-corona-tote\/\" class=\"more-link\"><span class=\"screen-reader-text\">Meine erste Corona-Tote<\/span> weiterlesen <span class=\"meta-nav\">&rarr;<\/span><\/a><\/p>\n","protected":false},"author":1,"featured_media":0,"comment_status":"closed","ping_status":"closed","sticky":false,"template":"","format":"standard","meta":{"footnotes":""},"categories":[11,6],"tags":[],"class_list":["post-4943","post","type-post","status-publish","format-standard","hentry","category-gesundheit","category-politik"],"post_mailing_queue_ids":[],"_links":{"self":[{"href":"https:\/\/gilbertbrands.de\/blog\/wp-json\/wp\/v2\/posts\/4943","targetHints":{"allow":["GET"]}}],"collection":[{"href":"https:\/\/gilbertbrands.de\/blog\/wp-json\/wp\/v2\/posts"}],"about":[{"href":"https:\/\/gilbertbrands.de\/blog\/wp-json\/wp\/v2\/types\/post"}],"author":[{"embeddable":true,"href":"https:\/\/gilbertbrands.de\/blog\/wp-json\/wp\/v2\/users\/1"}],"replies":[{"embeddable":true,"href":"https:\/\/gilbertbrands.de\/blog\/wp-json\/wp\/v2\/comments?post=4943"}],"version-history":[{"count":1,"href":"https:\/\/gilbertbrands.de\/blog\/wp-json\/wp\/v2\/posts\/4943\/revisions"}],"predecessor-version":[{"id":4944,"href":"https:\/\/gilbertbrands.de\/blog\/wp-json\/wp\/v2\/posts\/4943\/revisions\/4944"}],"wp:attachment":[{"href":"https:\/\/gilbertbrands.de\/blog\/wp-json\/wp\/v2\/media?parent=4943"}],"wp:term":[{"taxonomy":"category","embeddable":true,"href":"https:\/\/gilbertbrands.de\/blog\/wp-json\/wp\/v2\/categories?post=4943"},{"taxonomy":"post_tag","embeddable":true,"href":"https:\/\/gilbertbrands.de\/blog\/wp-json\/wp\/v2\/tags?post=4943"}],"curies":[{"name":"wp","href":"https:\/\/api.w.org\/{rel}","templated":true}]}}