{"id":4919,"date":"2020-05-22T09:05:44","date_gmt":"2020-05-22T07:05:44","guid":{"rendered":"https:\/\/gilbertbrands.de\/blog\/?p=4919"},"modified":"2020-05-22T09:05:45","modified_gmt":"2020-05-22T07:05:45","slug":"kann-nicht-mal-jemand-diesen-typen-aus-dem-verkehr-ziehen","status":"publish","type":"post","link":"https:\/\/gilbertbrands.de\/blog\/2020\/05\/22\/kann-nicht-mal-jemand-diesen-typen-aus-dem-verkehr-ziehen\/","title":{"rendered":"Kann nicht mal jemand diesen Typen aus dem Verkehr ziehen?"},"content":{"rendered":"\n<p>Gemeint ist die Zahnarztfrau Christian Drosten, der doch nun tats\u00e4chlich verk\u00fcndet, dass Erk\u00e4ltungskrankheiten in merkw\u00fcrdiger \u00dcbereinstimmung mit dem Namen auch etwas mit der Temperatur zu tun haben k\u00f6nnten.<\/p>\n\n\n\n<!--more-->\n\n\n\n<blockquote class=\"wp-block-quote is-layout-flow wp-block-quote-is-layout-flow\"><p>Ein wichtiger Faktor k\u00f6nne auch die Umgebungstemperatur am Arbeitsplatz sein. In den R\u00e4umen, teils in Hallengr\u00f6\u00dfe, herrschten kalte Temperaturen. \u201cIch stelle mir da schon immer mehr die Frage, ob diese hohen \u00dcbertragungsaktivit\u00e4ten in Schlachth\u00f6fen nicht etwas anzeigen, was wir sonst im Winter auch weitfl\u00e4chig erleben werden, n\u00e4mlich eben diesen Temperatureffekt.\u201d Sprich: Wenn es k\u00e4lter wird, werde wahrscheinlich auch das Coronavirus besser \u00fcbertragen.<\/p><p>Es sei aber nicht so, dass er daf\u00fcr Beweise oder  Daten in der Literatur gefunden h\u00e4tte, gab Drosten zu. \u201cIch denke aber,  dass man sich das jetzt schon mal anschauen muss.\u201d Es sei aber  schwierig, solche aussagekr\u00e4ftige Daten mittels Studien zu erheben.<\/p><cite><a href=\"https:\/\/www.rnd.de\/gesundheit\/drosten-zu-corona-in-schlachtbetrieben-moglicher-hinweis-auf-schnellere-ubertragung-bei-kalten-temperaturen-ZKMI34M52VBFDM7EORCE5Y63GM.html\">https:\/\/www.rnd.de\/gesundheit\/drosten-zu-corona-in-schlachtbetrieben-moglicher-hinweis-auf-schnellere-ubertragung-bei-kalten-temperaturen-ZKMI34M52VBFDM7EORCE5Y63GM.html<\/a><\/cite><\/blockquote>\n\n\n\n<p>Tolle Erkenntnis! Und so was kann man tats\u00e4chlich studieren? Es k\u00f6nnte nat\u00fcrlich auch sein, dass Drosten f\u00fcrchterlich einen an der Waffel hat, wenn er den Zusammenhang zwischen Jahreszeiten und dem geh\u00e4uften Auftreten bestimmter Krankheiten erst jetzt bemerkt. <\/p>\n\n\n\n<p>Nun ja, studieren darf er, was er will, nachdem man schon mal den Fehler gemacht hat, ihn als Beamten auf Lebenszeit einzustellen. Aber k\u00f6nnte es nicht auch ein ganz klein wenig geisteskrank sein, auf der Basis solcher Konjunktive eine ganze Volkswirtschaft vor die Wand zu klatschen?<\/p>\n\n\n\n<hr class=\"wp-block-separator\"\/>\n\n\n\n<p>Nebenbei: die Teams sind aufeinander eingespielt. Bei K\u00e4lte ist der K\u00f6rper weniger resistent, was die Angreifer ausnutzen. Hier nur die Viren zu betrachten wie die Zahnarztfrau spricht nun nicht gerade f\u00fcr einen gro\u00dfen Durchblick.<\/p>\n","protected":false},"excerpt":{"rendered":"<p>Gemeint ist die Zahnarztfrau Christian Drosten, der doch nun tats\u00e4chlich verk\u00fcndet, dass Erk\u00e4ltungskrankheiten in merkw\u00fcrdiger \u00dcbereinstimmung mit dem Namen auch etwas mit der Temperatur zu tun haben k\u00f6nnten. Download Artikel als PDF<\/p>\n","protected":false},"author":1,"featured_media":0,"comment_status":"closed","ping_status":"closed","sticky":false,"template":"","format":"standard","meta":{"footnotes":""},"categories":[11,19],"tags":[],"class_list":["post-4919","post","type-post","status-publish","format-standard","hentry","category-gesundheit","category-wissenschaft"],"post_mailing_queue_ids":[],"_links":{"self":[{"href":"https:\/\/gilbertbrands.de\/blog\/wp-json\/wp\/v2\/posts\/4919","targetHints":{"allow":["GET"]}}],"collection":[{"href":"https:\/\/gilbertbrands.de\/blog\/wp-json\/wp\/v2\/posts"}],"about":[{"href":"https:\/\/gilbertbrands.de\/blog\/wp-json\/wp\/v2\/types\/post"}],"author":[{"embeddable":true,"href":"https:\/\/gilbertbrands.de\/blog\/wp-json\/wp\/v2\/users\/1"}],"replies":[{"embeddable":true,"href":"https:\/\/gilbertbrands.de\/blog\/wp-json\/wp\/v2\/comments?post=4919"}],"version-history":[{"count":1,"href":"https:\/\/gilbertbrands.de\/blog\/wp-json\/wp\/v2\/posts\/4919\/revisions"}],"predecessor-version":[{"id":4920,"href":"https:\/\/gilbertbrands.de\/blog\/wp-json\/wp\/v2\/posts\/4919\/revisions\/4920"}],"wp:attachment":[{"href":"https:\/\/gilbertbrands.de\/blog\/wp-json\/wp\/v2\/media?parent=4919"}],"wp:term":[{"taxonomy":"category","embeddable":true,"href":"https:\/\/gilbertbrands.de\/blog\/wp-json\/wp\/v2\/categories?post=4919"},{"taxonomy":"post_tag","embeddable":true,"href":"https:\/\/gilbertbrands.de\/blog\/wp-json\/wp\/v2\/tags?post=4919"}],"curies":[{"name":"wp","href":"https:\/\/api.w.org\/{rel}","templated":true}]}}