{"id":4887,"date":"2020-05-13T11:29:16","date_gmt":"2020-05-13T09:29:16","guid":{"rendered":"https:\/\/gilbertbrands.de\/blog\/?p=4887"},"modified":"2020-05-13T11:29:17","modified_gmt":"2020-05-13T09:29:17","slug":"wenn-groessenwahnsinnige-sagen-wo-es-langgehen-soll","status":"publish","type":"post","link":"https:\/\/gilbertbrands.de\/blog\/2020\/05\/13\/wenn-groessenwahnsinnige-sagen-wo-es-langgehen-soll\/","title":{"rendered":"Wenn Gr\u00f6\u00dfenwahnsinnige sagen, wo es langgehen soll"},"content":{"rendered":"\n<p>Bei allem Hin und Her hat Corona einen Vorteil &#8211; oder h\u00e4tte ihn, wenn nicht inzwischen alles so v\u00f6llig verkorkst w\u00e4re:<\/p>\n\n\n\n<!--more-->\n\n\n\n<p>Es handelt sich prim\u00e4r um ein medizinisches und damit im weitesten Sinn naturwissenschaftliches und nicht um ein geschw\u00e4tzwissenschaftliches Problem. Nat\u00fcrwissenschaftliche Probleme kann man anhand von Fakten diskutieren und nicht anhand von Gef\u00fchlen, was dazu f\u00fchrt oder f\u00fchrend m\u00fcsste, dass alle Beteiligten einen gewissen Grundkonsens entwickeln. In Details kann man nat\u00fcrlich weiterhin anderer Meinung sein.<\/p>\n\n\n\n<p>Wer James-Bond-Filme und \u00e4hnliche Schinken kennt, kennt auch den Typ des gr\u00f6\u00dfenwahnsinnigen Wissenschaftlers. Der hat sein eigenes Weltbild, das das einzig richtige ist und jeder, der etwas andere sagt, ist ein Idiot. Diskutiert wird mit Idioten nat\u00fcrlich grunds\u00e4tzlich nicht. So ein gr\u00f6\u00dfenwahnsinniger Wissenschaftler k\u00f6nnte S\u00e4tze wie<\/p>\n\n\n\n<blockquote class=\"wp-block-quote is-layout-flow wp-block-quote-is-layout-flow\"><p> &#8222;Es l\u00e4sst sich kaum noch zusammenfassen, was in den sozialen Medien  kursiert, meist in Form von Videos, die zum Teil Millionen Abrufe haben  und voller Unsinn sind&#8220;<\/p><cite><a href=\"https:\/\/www.t-online.de\/nachrichten\/panorama\/id_87867956\/corona-virologe-drosten-kritisiert-falsche-experten-unverantwortlich-.html\">https:\/\/www.t-online.de\/nachrichten\/panorama\/id_87867956\/corona-virologe-drosten-kritisiert-falsche-experten-unverantwortlich-.html<\/a><\/cite><\/blockquote>\n\n\n\n<p> oder<\/p>\n\n\n\n<blockquote class=\"wp-block-quote is-layout-flow wp-block-quote-is-layout-flow\"><p>&#8222;Es sind zum Teil \u00c4rzte und Professoren dabei, die irgendeinen Quatsch in die Welt setzen, die nie an diesen Themen gearbeitet haben. Denen man aber aufgrund ihrer akademischen Qualifikation glaubt. Und es sind nat\u00fcrlich auch richtige Verschw\u00f6rungstheoretiker dabei.&#8220; Und weiter: &#8222;Ich bekomme das Echo zur\u00fcck in Form von Anschuldigungen und Fragen.&#8220;<\/p><\/blockquote>\n\n\n\n<p>Wer jetzt den Links nachgegangen ist, hat vermutlich festgestellt, dass der irre Wissenschaftler nicht aus einem Film stammt, sondern eine reale Person aus der Charit\u00e9 ist, der alle, die nicht seiner Meinung sind, als Verschw\u00f6rungstheoretiker bezeichnet und es auch nicht n\u00f6tig hat, irgendwelche Fragen zu beantworten. Wo k\u00e4men wir denn da auch hin, wenn jeder eine Begr\u00fcndung f\u00fcr den Irrsinn verlangen w\u00fcrde? Und so geht es dann weiter:<\/p>\n\n\n\n<blockquote class=\"wp-block-quote is-layout-flow wp-block-quote-is-layout-flow\"><p>Personen w\u00fcrden sich anma\u00dfen, zu Themen Expertise vorzugeben, die \u00fcberhaupt nicht in ihrem Fachbereich liegen: &#8222;Ich bin auch Professor. Aber ich w\u00fcrde mich nie trauen, irgendwelche Dinge an die \u00d6ffentlichkeit zu geben, die auch noch so viel Meinung beinhalten.<\/p><p>Beispielsweise \u00fcber Bakterien. Ich bin Virologe. Ich w\u00fcrde mich nie zu einem bakteriologischen Thema \u00e4u\u00dfern.<\/p><\/blockquote>\n\n\n\n<p>Das ist schon ein merkw\u00fcrdiges Eingest\u00e4ndnis, denn der gute irre Wissenschaftler wei\u00df genau, dass Themen, zu denen er sich nicht \u00e4u\u00dfern m\u00f6chte, sehr wohl eine Bedeutung in dem Umfeld haben, er aber trotzdem keine Expertise von anderen einholt, die dringend notwendig w\u00e4re.<\/p>\n\n\n\n<p>Richtig konfus wird er dann, wenn S\u00e4tze wie<\/p>\n\n\n\n<blockquote class=\"wp-block-quote is-layout-flow wp-block-quote-is-layout-flow\"><p>Laien sollten daher darauf achten, welches Fachgebiet ein m\u00f6glicher Experte, der sich \u00f6ffentlich \u00e4u\u00dfert, hat. &#8222;Und da muss man dann auch noch mal ganz genau hinschauen, wie er sich spezialisiert hat. Und gibt es Hinweise, dass die Fach-Community diesen als Experten respektiert? Und wenn das nicht der Fall ist, dann sollte man einfach die Finger davon lassen.&#8220;<\/p><\/blockquote>\n\n\n\n<p>von S\u00e4tzen wie<\/p>\n\n\n\n<blockquote class=\"wp-block-quote is-layout-flow wp-block-quote-is-layout-flow\"><p>In diesem Zusammenhang nimmt Drosten auch SPD-Politiker Karl Lauterbach  in Schutz, der in den sozialen Medien zuletzt f\u00fcr einige seiner  \u00f6ffentlichen Auftritte angegriffen wurde. &#8222;Ich habe gelesen, wie er in  die Kritik geraten ist. Da haben Kommentatoren geschrieben, er solle mal  weniger in Talkshow gehen und mal darauf achten, wie er sich so  verh\u00e4lt&#8220;, so Drosten. Damit w\u00fcrden auch Lauterbachs kompetente  \u00c4u\u00dferungen in Frage gestellt werden. &#8222;Das ist ein Zielen auf eine Person  und damit ein Treffen des Inhalts, den die Person von sich gibt \u2013 aber  dieser Inhalt ist vollkommen richtig.&#8220;<\/p><\/blockquote>\n\n\n\n<p>gefolgt werden. Also Fachleute, die nicht die Meinung des irren Wissenschaftler teilen, sollen ignoriert werden, w\u00e4hrend Nichtfachleute (Lauterbach hat seit mindestens 20 Jahren nichts mehr mit Medizin zu tun, sondern ist ausschlie\u00dflich Politiker), die die richtige Meinung \u00e4u\u00dfern (also die des irren Wissenschaftlers), werden in den Himmel gelobt. Vermutlich sind dann solche Kritiken an seinem Spezi bei dem irren Wissenschaftler auch nicht beliebt:<\/p>\n\n\n\n<blockquote class=\"wp-block-quote is-layout-flow wp-block-quote-is-layout-flow\"><p>Besonders k\u00fchn fand ich Lauterbachs Aussage, Covid-19-Erkrankte verl\u00f6ren im Schnitt 11 bis 13 Lebensjahre. Wie, um alles in der Welt, kann er das heute schon wissen? Und was bedeutet dies f\u00fcr 80-j\u00e4hrige? Werden die, falls sie normalerweise 85 w\u00fcrden, ins 74. Jahr zur\u00fcckgebeamt?<\/p><p>Der Gastromom und Koch Tim M\u00e4lzer war bei Lanz den Tr\u00e4nen nahe. Er hat 240 Mitarbeiter, die stehen am Abgrund. Solche existentiellen Sorgen kennen Abgeordnete wie Lauterbach nicht, seine Kinder hocken auch sicher nicht in einer kleinen Wohnung und er betreut sie sicher nicht Fulltime. <\/p><cite><a href=\"https:\/\/www.tagesspiegel.de\/politik\/martenstein-ueber-karl-lauterbach-ein-harter-lockdown-verfechter-mit-vielen-sozialen-kontakten\/25815886.html\">https:\/\/www.tagesspiegel.de\/politik\/martenstein-ueber-karl-lauterbach-ein-harter-lockdown-verfechter-mit-vielen-sozialen-kontakten\/25815886.html<\/a><\/cite><\/blockquote>\n\n\n\n<p>Also halten wir fest: alle, die nicht Drostens Ansicht teilen, sind bl\u00f6d und er ist der einzige auf der Welt, der den Durchblick hat. Nachweis unn\u00f6tig. Besser kann man Gr\u00f6\u00dfenwahnsinn nicht definieren.<\/p>\n","protected":false},"excerpt":{"rendered":"<p>Bei allem Hin und Her hat Corona einen Vorteil &#8211; oder h\u00e4tte ihn, wenn nicht inzwischen alles so v\u00f6llig verkorkst w\u00e4re: Download Artikel als PDF<\/p>\n","protected":false},"author":1,"featured_media":0,"comment_status":"closed","ping_status":"closed","sticky":false,"template":"","format":"standard","meta":{"footnotes":""},"categories":[12,11,6],"tags":[],"class_list":["post-4887","post","type-post","status-publish","format-standard","hentry","category-gesellschaft","category-gesundheit","category-politik"],"post_mailing_queue_ids":[],"_links":{"self":[{"href":"https:\/\/gilbertbrands.de\/blog\/wp-json\/wp\/v2\/posts\/4887","targetHints":{"allow":["GET"]}}],"collection":[{"href":"https:\/\/gilbertbrands.de\/blog\/wp-json\/wp\/v2\/posts"}],"about":[{"href":"https:\/\/gilbertbrands.de\/blog\/wp-json\/wp\/v2\/types\/post"}],"author":[{"embeddable":true,"href":"https:\/\/gilbertbrands.de\/blog\/wp-json\/wp\/v2\/users\/1"}],"replies":[{"embeddable":true,"href":"https:\/\/gilbertbrands.de\/blog\/wp-json\/wp\/v2\/comments?post=4887"}],"version-history":[{"count":1,"href":"https:\/\/gilbertbrands.de\/blog\/wp-json\/wp\/v2\/posts\/4887\/revisions"}],"predecessor-version":[{"id":4888,"href":"https:\/\/gilbertbrands.de\/blog\/wp-json\/wp\/v2\/posts\/4887\/revisions\/4888"}],"wp:attachment":[{"href":"https:\/\/gilbertbrands.de\/blog\/wp-json\/wp\/v2\/media?parent=4887"}],"wp:term":[{"taxonomy":"category","embeddable":true,"href":"https:\/\/gilbertbrands.de\/blog\/wp-json\/wp\/v2\/categories?post=4887"},{"taxonomy":"post_tag","embeddable":true,"href":"https:\/\/gilbertbrands.de\/blog\/wp-json\/wp\/v2\/tags?post=4887"}],"curies":[{"name":"wp","href":"https:\/\/api.w.org\/{rel}","templated":true}]}}