{"id":4868,"date":"2020-05-08T07:50:46","date_gmt":"2020-05-08T05:50:46","guid":{"rendered":"https:\/\/gilbertbrands.de\/blog\/?p=4868"},"modified":"2020-05-08T07:50:47","modified_gmt":"2020-05-08T05:50:47","slug":"hasskommentar-in-der-ard","status":"publish","type":"post","link":"https:\/\/gilbertbrands.de\/blog\/2020\/05\/08\/hasskommentar-in-der-ard\/","title":{"rendered":"Hasskommentar in der ARD"},"content":{"rendered":"\n<p>Am 6.5.20 lie\u00df Rainld Becker von der ARD folgendes in den Tagesthemen vom Stapel:<\/p>\n\n\n\n<!--more-->\n\n\n\n<figure class=\"wp-block-video\"><video controls src=\"https:\/\/gilbertbrands.de\/blog\/wp-content\/uploads\/2020\/05\/TV-20200506-2218-3500.websm_.h264.mp4\"><\/video><\/figure>\n\n\n\n<p>Wie war noch mal die Schnappswerbung? &#8222;Wenn einem so viel Gutes wiederf\u00e4hrt &#8211; das ist schon einen Brief an den Intendanten und den Rundfunkrat wert&#8220;.<\/p>\n\n\n\n<hr class=\"wp-block-separator\"\/>\n\n\n\n<p>Sehr geehrter Herr &#8230;.,<\/p>\n\n\n\n<p>Meinung\nist eine Sache, die man laut Grundgesetz haben darf, und zwar jeder.\nMan kann f\u00fcr seine Meinung eintreten, je nach Ort vielleicht auch\netwas heftiger. Zum Beispiel kann man die Art und Weise, wie auf die\nCorona-Grippe reagiert wurde und wird, f\u00fcr gut befinden oder eben\nmit vielleicht guten Gr\u00fcnden auch nicht. Herr Becker findet das aus\nseinem zwangsfinanzierten Sessel anscheinend gut, aber das darf er\nschlie\u00dflich.<\/p>\n\n\n\n<p>Herr\nBecker \u00fcberschreitet mit seinem Hate-Speech-Kommentar, der\nstellenweise durchaus das Format des Streicherschen St\u00fcrmers\nerreicht, aber s\u00e4mtliche Grenzen. Ich zitiere<\/p>\n\n\n\n<blockquote class=\"wp-block-quote is-layout-flow wp-block-quote-is-layout-flow\"><p>Der Stand zur\u00fcck zur alten Normalit\u00e4t ist vielen Wirrk\u00f6pfen, die sich im Netz unter Widerstand 2020 und anderen Namen tummeln, nachgerade ein Herzensanliegen. All diesen Spinnern und Coronakritikern sei gesagt: ES WIRD KEINE NORMALIT\u00c4T MEHR GEBEN WIE VORHER (\u2026)<\/p><p>Wir k\u00f6nnen froh sein, dass Hasardeure wie Donald Trump, Boris Johnson und Bolsonaro hier nichts zu melden haben. Und Typen solchen Charakters in diesem Land hoffentlich auch nie gew\u00e4hlt werden!<\/p><\/blockquote>\n\n\n\n<p>Jeder,\nder Herrn Beckers f\u00fcrstliches Gehalt zwangsfinanziert, aber nicht\ndessen Meinung teilt, ist ein Wirrkopf, Spinner, Coronakritiker und\nWiderst\u00e4ndler? Jeder gew\u00e4hlte Regierungschef eines anderen Landes,\ndas mit dem Problem anders umgeht, als es Herrn Becker passt, darf im\nhalbstaatlichen Fernsehen als Hasardeur und \u201eTyp solchen\nCharakters\u201c zur Hauptsendezeit beschimpft werden? Haben die \u00d6R\ndenn aus dem Oma-Sau-Video und anderen Beschimpfungen gar nichts\ngelernt?<\/p>\n\n\n\n<p>Vermutlich sind Sie nicht zust\u00e4ndig f\u00fcr Herrn Becker, sondern einer Ihrer Kollegen. Ich sende diesen Brief trotzdem an Sie, weil Sie f\u00fcr die Beitreibung der Zwangsbeitr\u00e4ge in Ihrem Sendegebiet zust\u00e4ndig sind. Die Frage, die Sie beantworten sollten: Warum sollte ich als Geb\u00fchrenzahler nach der \u201eOma-Sau\u201c im WDR, den \u201ein-die-Fresse-hauen\u201c-Kommentaren im MDR nach der Th\u00fcringenwahl, dem \u201ejuchu-die-Alten-verrecken-an-Corona\u201c des BR, \u201ekn\u00fcppelt-alle-mit-abweichender-Meinung-nieder\u201c so genannter K\u00fcnstler und Entertainer und nun der Streicherall\u00fcren eines Herrn Becker es nicht mal drauf ankommen lassen und es erneut bis vor das Verfassungsgericht treiben, um dort feststellen zu lassen, ob der Zwangsbeitrag auch gilt, wenn der Zwangsfinanzierte st\u00e4ndig gegen diverse Artikel des Grundgesetzes verst\u00f6\u00dft, mit Artikel 1 gleich angefangen? Und dabei habe ich die st\u00e4ndigen und leicht nachweisbaren faktischen L\u00fcgen in den Sendern noch gar nicht erw\u00e4hnt. Ich erwarte Ihre Stellungnahme hierzu.<\/p>\n\n\n\n<p>Des\nweiteren geben Sie diesen Brief bitte an den zust\u00e4ndigen Indentanten\nweiter, dessen f\u00fcrstliches Gehalt ja ebenfalls zwangsfinanziert ist.\nBitte teilen Sie mir mit, an wen Sie den Brief weitergegeben haben,\ndenn auch von diesem Exponenten des zwangsfinanzierten \u00d6R erwarten\nich eine Stellungnahme, wie Leute mit einer verfassungsfeindlichen\nEinstellung wie Herr Becker nicht nur in den Sendeanstalten m\u00f6glich\nsind, sondern ihre Hasskommentare auch noch \u00f6ffentlich verbreiten\nd\u00fcrfen.<\/p>\n\n\n\n<hr class=\"wp-block-separator\"\/>\n\n\n\n<p>Das gleiche noch mal an den Rundfunkrat.<\/p>\n","protected":false},"excerpt":{"rendered":"<p>Am 6.5.20 lie\u00df Rainld Becker von der ARD folgendes in den Tagesthemen vom Stapel: Download Artikel als PDF<\/p>\n","protected":false},"author":1,"featured_media":0,"comment_status":"closed","ping_status":"closed","sticky":false,"template":"","format":"standard","meta":{"footnotes":""},"categories":[20,3],"tags":[],"class_list":["post-4868","post","type-post","status-publish","format-standard","hentry","category-journalismus","category-mediennutzung"],"post_mailing_queue_ids":[],"_links":{"self":[{"href":"https:\/\/gilbertbrands.de\/blog\/wp-json\/wp\/v2\/posts\/4868","targetHints":{"allow":["GET"]}}],"collection":[{"href":"https:\/\/gilbertbrands.de\/blog\/wp-json\/wp\/v2\/posts"}],"about":[{"href":"https:\/\/gilbertbrands.de\/blog\/wp-json\/wp\/v2\/types\/post"}],"author":[{"embeddable":true,"href":"https:\/\/gilbertbrands.de\/blog\/wp-json\/wp\/v2\/users\/1"}],"replies":[{"embeddable":true,"href":"https:\/\/gilbertbrands.de\/blog\/wp-json\/wp\/v2\/comments?post=4868"}],"version-history":[{"count":1,"href":"https:\/\/gilbertbrands.de\/blog\/wp-json\/wp\/v2\/posts\/4868\/revisions"}],"predecessor-version":[{"id":4870,"href":"https:\/\/gilbertbrands.de\/blog\/wp-json\/wp\/v2\/posts\/4868\/revisions\/4870"}],"wp:attachment":[{"href":"https:\/\/gilbertbrands.de\/blog\/wp-json\/wp\/v2\/media?parent=4868"}],"wp:term":[{"taxonomy":"category","embeddable":true,"href":"https:\/\/gilbertbrands.de\/blog\/wp-json\/wp\/v2\/categories?post=4868"},{"taxonomy":"post_tag","embeddable":true,"href":"https:\/\/gilbertbrands.de\/blog\/wp-json\/wp\/v2\/tags?post=4868"}],"curies":[{"name":"wp","href":"https:\/\/api.w.org\/{rel}","templated":true}]}}