{"id":4493,"date":"2020-02-24T07:37:00","date_gmt":"2020-02-24T06:37:00","guid":{"rendered":"https:\/\/gilbertbrands.de\/blog\/?p=4493"},"modified":"2020-02-17T09:53:28","modified_gmt":"2020-02-17T08:53:28","slug":"qualitaets-journalismus","status":"publish","type":"post","link":"https:\/\/gilbertbrands.de\/blog\/2020\/02\/24\/qualitaets-journalismus\/","title":{"rendered":"Qualit\u00e4ts-Journalismus"},"content":{"rendered":"\n<figure class=\"wp-block-image size-large\"><img loading=\"lazy\" decoding=\"async\" width=\"831\" height=\"241\" src=\"https:\/\/gilbertbrands.de\/blog\/wp-content\/uploads\/2020\/02\/grafik-43.png\" alt=\"\" class=\"wp-image-4494\" srcset=\"https:\/\/gilbertbrands.de\/blog\/wp-content\/uploads\/2020\/02\/grafik-43.png 831w, https:\/\/gilbertbrands.de\/blog\/wp-content\/uploads\/2020\/02\/grafik-43-300x87.png 300w, https:\/\/gilbertbrands.de\/blog\/wp-content\/uploads\/2020\/02\/grafik-43-768x223.png 768w\" sizes=\"auto, (max-width: 831px) 100vw, 831px\" \/><figcaption><a href=\"https:\/\/www.merkur.de\/welt\/todesschuesse-vor-berliner-tempodrom-taeter-auf-flucht-zr-13541781.html\">https:\/\/www.merkur.de\/welt\/todesschuesse-vor-berliner-tempodrom-taeter-auf-flucht-zr-13541781.html<\/a><\/figcaption><\/figure>\n\n\n\n<!--more-->\n\n\n\n<p>Was ist da den wieder passiert? Ein neuer Amok-Lauf ? Islamistischer Anschlag? Oder wieder Verschweig-Sprech der deutschen Qualit\u00e4tsmedien? <\/p>\n\n\n\n<p>Wenn man weiter sucht, wird man bei Putin f\u00fcndig:<\/p>\n\n\n\n<figure class=\"wp-block-image size-large\"><img loading=\"lazy\" decoding=\"async\" width=\"783\" height=\"362\" src=\"https:\/\/gilbertbrands.de\/blog\/wp-content\/uploads\/2020\/02\/grafik-44.png\" alt=\"\" class=\"wp-image-4495\" srcset=\"https:\/\/gilbertbrands.de\/blog\/wp-content\/uploads\/2020\/02\/grafik-44.png 783w, https:\/\/gilbertbrands.de\/blog\/wp-content\/uploads\/2020\/02\/grafik-44-300x139.png 300w, https:\/\/gilbertbrands.de\/blog\/wp-content\/uploads\/2020\/02\/grafik-44-768x355.png 768w\" sizes=\"auto, (max-width: 783px) 100vw, 783px\" \/><figcaption><a href=\"https:\/\/deutsch.rt.com\/inland\/98089-mann-vor-berliner-tempodrom-erschossen\/\">https:\/\/deutsch.rt.com\/inland\/98089-mann-vor-berliner-tempodrom-erschossen\/<\/a><\/figcaption><\/figure>\n\n\n\n<p>Also modernes Verschweig-Sprech. Wenn man die \u00dcberschrift liest, war es dann ein rechtsextremistischer Anschlag? Hat ein AfD-W\u00e4hler vielleicht gesagt &#8222;Isch schiess disch, Alder! P\u00c4NG!&#8220; und der T\u00fcrke ist tot umgefallen? Kann eigentlich nicht, denn rechtsextrem h\u00e4tte auch im MERKUR gestanden.<\/p>\n\n\n\n<p>Wer t\u00fcrkisch kann, wird noch schlauer:<\/p>\n\n\n\n<figure class=\"wp-block-image size-large\"><img loading=\"lazy\" decoding=\"async\" width=\"689\" height=\"207\" src=\"https:\/\/gilbertbrands.de\/blog\/wp-content\/uploads\/2020\/02\/grafik-45.png\" alt=\"\" class=\"wp-image-4496\" srcset=\"https:\/\/gilbertbrands.de\/blog\/wp-content\/uploads\/2020\/02\/grafik-45.png 689w, https:\/\/gilbertbrands.de\/blog\/wp-content\/uploads\/2020\/02\/grafik-45-300x90.png 300w\" sizes=\"auto, (max-width: 689px) 100vw, 689px\" \/><figcaption><a href=\"https:\/\/t24.com.tr\/haber\/guldur-guldur-show-un-almanya-turnesi-kanli-bitti-1-kisi-hayatini-kaybetti,861214\">https:\/\/t24.com.tr\/haber\/guldur-guldur-show-un-almanya-turnesi-kanli-bitti-1-kisi-hayatini-kaybetti,861214<\/a><\/figcaption><\/figure>\n\n\n\n<p>Danach sind mutma\u00dflich 15 vermummte T\u00fcrken \u00fcber 5 andere hergefallen und haben ihnen gezielt in die Beine geschossen. Ob der Tod eines der Opfer Absicht war, sei einmal dahin gestellt, aber auf jeden Fall sei diese Art des Vorgehens eine \u00fcbliche Warnung unter t\u00fcrkischen Kriminellenclans, sich nicht in die Quere zu kommen. Damit ist alles gekl\u00e4rt: hat nichts mit uns Deutschen zu tun, machen die T\u00fcrken untereinander aus. <\/p>\n\n\n\n<p>Der Ehrlichkeit halber muss man sagen: der <a href=\"https:\/\/www.tagesspiegel.de\/berlin\/polizei-justiz\/tempodrom-berlin-42-jaehriger-erschossener-tuerke-starb-durch-schuesse-in-oberkoerper\/25549254.html\">Tagesspiegel<\/a> hat es irgendwie geschafft, die t\u00fcrkische Quelle in seiner Nachricht auszuwerten, und RTdeutsch wiederum zitiert den Tagesspiegel. Und im nahen zeitlichen Umfeld gab es in Berlin noch einige weitere Schie\u00dfereien mit Toten, die es nicht in die \u00fcberregionalen Meldungen geschafft haben.<\/p>\n","protected":false},"excerpt":{"rendered":"<p>Download Artikel als PDF<\/p>\n","protected":false},"author":1,"featured_media":0,"comment_status":"closed","ping_status":"closed","sticky":false,"template":"","format":"standard","meta":{"footnotes":""},"categories":[20],"tags":[],"class_list":["post-4493","post","type-post","status-publish","format-standard","hentry","category-journalismus"],"post_mailing_queue_ids":[],"_links":{"self":[{"href":"https:\/\/gilbertbrands.de\/blog\/wp-json\/wp\/v2\/posts\/4493","targetHints":{"allow":["GET"]}}],"collection":[{"href":"https:\/\/gilbertbrands.de\/blog\/wp-json\/wp\/v2\/posts"}],"about":[{"href":"https:\/\/gilbertbrands.de\/blog\/wp-json\/wp\/v2\/types\/post"}],"author":[{"embeddable":true,"href":"https:\/\/gilbertbrands.de\/blog\/wp-json\/wp\/v2\/users\/1"}],"replies":[{"embeddable":true,"href":"https:\/\/gilbertbrands.de\/blog\/wp-json\/wp\/v2\/comments?post=4493"}],"version-history":[{"count":1,"href":"https:\/\/gilbertbrands.de\/blog\/wp-json\/wp\/v2\/posts\/4493\/revisions"}],"predecessor-version":[{"id":4497,"href":"https:\/\/gilbertbrands.de\/blog\/wp-json\/wp\/v2\/posts\/4493\/revisions\/4497"}],"wp:attachment":[{"href":"https:\/\/gilbertbrands.de\/blog\/wp-json\/wp\/v2\/media?parent=4493"}],"wp:term":[{"taxonomy":"category","embeddable":true,"href":"https:\/\/gilbertbrands.de\/blog\/wp-json\/wp\/v2\/categories?post=4493"},{"taxonomy":"post_tag","embeddable":true,"href":"https:\/\/gilbertbrands.de\/blog\/wp-json\/wp\/v2\/tags?post=4493"}],"curies":[{"name":"wp","href":"https:\/\/api.w.org\/{rel}","templated":true}]}}