{"id":4462,"date":"2020-02-21T06:41:00","date_gmt":"2020-02-21T05:41:00","guid":{"rendered":"https:\/\/gilbertbrands.de\/blog\/?p=4462"},"modified":"2020-02-14T18:46:26","modified_gmt":"2020-02-14T17:46:26","slug":"tagesbefehl","status":"publish","type":"post","link":"https:\/\/gilbertbrands.de\/blog\/2020\/02\/21\/tagesbefehl\/","title":{"rendered":"Tagesbefehl"},"content":{"rendered":"\n<p><strong>Genossen !<\/strong><\/p>\n\n\n\n<!--more-->\n\n\n\n<p>Unl\u00e4ngst hat es eine b\u00fcrgerlich-liberale Ratte gewagt, sich gegen den ausdr\u00fccklichen Befehl unserer F\u00fchrerin in einem pseudodemokratischen Verfahren der Restdemokratie mit Hilfe der leider noch geduldeten Abgeordneten der &#8222;Allgemeinen faschistischen Deutschlandpartei&#8220; &#8211; kurz AfD &#8211; zum Ministerpr\u00e4sidenten des sozialistischen Gaus Th\u00fcringen w\u00e4hlen zu lassen. Eine sofort in Marsch gesetzte Antifa-Sturmbrigade konnte ihm an seinen Familienmitgliedern sein unannehmbares Unterfangen klar machen und ihn von weiteren Provokationen wie der Teilnahme an der Ministerpr\u00e4sidentenkonferenz abhalten.<\/p>\n\n\n\n<p>Zeitgleich hat der Reichsf\u00fchrer-Antifa bundesweit ein Pogrom der Antifa-Brigaden gegen die Parteib\u00fcros der betreffenden Splitterpartei angeordnet, das erfolgreich ausgef\u00fchrt wird. Bei dieser Gelegenheit wurde auch das Problem des Krebsgeschw\u00fcrs namens Werte-Union innerhalb der Partei unserer F\u00fchrerin angegangen. Die S\u00e4uberungen laufen. Einem f\u00fchrenden Mitglied konnte klar gemacht werden, das er durch sein Verhalten Gefahr l\u00e4uft, vom gerechten Volkszorn der Kader hinweg gerafft werden k\u00f6nnte. Er hat seine T\u00e4tigkeiten eingestellt. Die anderen Mitglieder der Gruppe \u00fcben bereits Selbstkritik und d\u00fcrfen die Partei verlassen.<\/p>\n\n\n\n<p>Uns bl\u00fcht Erfolg auf der ganzen Linie !<\/p>\n\n\n\n<p>HEIL MERKEL !!<\/p>\n\n\n\n<p>gez. M\u00fcller, Antifa-Obergruppenf\u00fchrerin<\/p>\n\n\n\n<hr class=\"wp-block-separator\"\/>\n\n\n\n<p>Bitterb\u00f6se Satire ? Nur die \u00e4u\u00dfere Form, der Inhalt ist leider bitterb\u00f6se Realit\u00e4t. Gew\u00e4hlt wurde in Th\u00fcringen in einem ordnungsgem\u00e4\u00dfen demokratischen Verfahren Herr Kemmerich (45 Stimmen) vor Herrn Ramelow (44 Stimmen), was nebenbei bedeutet, dass Kemmerich 3 Stimmen seines Lagers (FDP, CDU, AfD) nicht bekommen hat, sondern Ramelow. Ebenfalls stimmt, dass die Familie von Kemmerich postwendend bedroht wurde und unter Polizeischutz gestellt werden musste. Auch die bundesweiten Antifa-Anschl\u00e4ge auf B\u00fcros der FDP und inzwischen auch der CDU sind kein Fake. Aus dem Pressesprecher der Werte-Union, Anwalt Ralf H\u00f6cker, spricht die nackte Angst, wenn er auf Facebook seinen R\u00fcckzug aus allen Aktivit\u00e4ten erkl\u00e4rt:<\/p>\n\n\n\n<figure class=\"wp-block-image size-large\"><img loading=\"lazy\" decoding=\"async\" width=\"688\" height=\"822\" src=\"https:\/\/gilbertbrands.de\/blog\/wp-content\/uploads\/2020\/02\/image.png\" alt=\"\" class=\"wp-image-4464\" srcset=\"https:\/\/gilbertbrands.de\/blog\/wp-content\/uploads\/2020\/02\/image.png 688w, https:\/\/gilbertbrands.de\/blog\/wp-content\/uploads\/2020\/02\/image-251x300.png 251w\" sizes=\"auto, (max-width: 688px) 100vw, 688px\" \/><\/figure>\n\n\n\n<p>Neben ihm rudert auch der Rest der Werte-Union inzwischen kr\u00e4ftig zur\u00fcck, wie man auf deren Webseite lesen kann.<\/p>\n\n\n\n<p>Das ist ebenso wie die zu irgendwelchen Veranstaltungen per Sonderz\u00fcgen und Bussen heran gekarrten &#8222;Gegendemonstranten&#8220; Zufall, sondern durchorganisiert, was vermutlich auch die Alimentation und das Training der linksterroristischen Antifa einschlie\u00dft. Die SPD verf\u00fcgt \u00fcber ein Medienimperium von mehr als 1 Mrd \u20ac Wert, die LINKE d\u00fcrfte aus der zerfallenden DDR ebenfalls Verm\u00f6gen in der Gr\u00f6\u00dfenordnung her\u00fcbergerettet haben (in der Anfangszeit wurde ein Funktion\u00e4r der damaligen PDS vor einer skandinavischen Bank abgefangen, von der er 200 Mio DM in bar abheben wollte; nach Ansicht der damaligen Fachleute nur die Spitze des Eisbergs). An Geld f\u00fcr die Unterhaltung einer schlagkr\u00e4ftigen Truppe, die die weniger werdenden Stimmen, die die Parteien auf sich vereinen, kompensieren k\u00f6nnen, mangelt es wohl kaum. Skrupel, sich dessen zu bedienen, d\u00fcrfte es ebenfalls nicht geben, wenn man sich die Spr\u00fcche und Alpha-Kevin &amp; Co. anh\u00f6rt. <\/p>\n\n\n\n<p>Nach Th\u00fcringen scheint der politische Terrorismus und die Stra\u00dfengewalt endg\u00fcltig in der Republik angekommen zu sein. Auf der einen oder anderen Webseite wird noch die Erwartung gepflegt, dass das Spielchen der linken Bande bald vorbei sein k\u00f6nnte. Ich pers\u00f6nlich glaube nicht mehr daran. Nachdem jetzt die formalen Reste der b\u00fcrgerlichen Mitte &#8211; die FDP und der rechte Fl\u00fcgel der CDU &#8211; derart folgenlos und obendrein von den \u00d6R- und Mainstream-Medien noch bejubelt mit Vokabeln wie &#8222;Krebsgeschw\u00fcr&#8220; und &#8222;S\u00e4uberung&#8220; regelrecht von der B\u00fchne gepr\u00fcgelt wurden, wird es auch eher Jubel als Protest geben, wenn bei den n\u00e4chsten Wahlen AfD-Veranstaltungen in der Manier der sp\u00e4ten Weimarer Jahre vom bewaffneten Antifa-Mob auseinander gepr\u00fcgelt werden, ohne dass die Polizei noch gro\u00df eingreift.<\/p>\n\n\n\n<p>Hier wird erkl\u00e4rt, wie man einen Faschisten erkennt:<\/p>\n\n\n\n<figure class=\"wp-block-embed-youtube wp-block-embed is-type-video is-provider-youtube wp-embed-aspect-16-9 wp-has-aspect-ratio\"><div class=\"wp-block-embed__wrapper\">\n<iframe loading=\"lazy\" title=\"Susanne Hennig-Wellsow und die perfiden Methoden der AfD\" width=\"604\" height=\"340\" src=\"https:\/\/www.youtube.com\/embed\/nweqDtCfogY?feature=oembed\" frameborder=\"0\" allow=\"accelerometer; autoplay; clipboard-write; encrypted-media; gyroscope; picture-in-picture; web-share\" referrerpolicy=\"strict-origin-when-cross-origin\" allowfullscreen><\/iframe>\n<\/div><\/figure>\n\n\n\n<p>Und niemand lacht !!!! Dieses Land hat so was von fertig!<\/p>\n","protected":false},"excerpt":{"rendered":"<p>Genossen ! Download Artikel als PDF<\/p>\n","protected":false},"author":1,"featured_media":0,"comment_status":"closed","ping_status":"closed","sticky":false,"template":"","format":"standard","meta":{"footnotes":""},"categories":[12,6],"tags":[],"class_list":["post-4462","post","type-post","status-publish","format-standard","hentry","category-gesellschaft","category-politik"],"post_mailing_queue_ids":[],"_links":{"self":[{"href":"https:\/\/gilbertbrands.de\/blog\/wp-json\/wp\/v2\/posts\/4462","targetHints":{"allow":["GET"]}}],"collection":[{"href":"https:\/\/gilbertbrands.de\/blog\/wp-json\/wp\/v2\/posts"}],"about":[{"href":"https:\/\/gilbertbrands.de\/blog\/wp-json\/wp\/v2\/types\/post"}],"author":[{"embeddable":true,"href":"https:\/\/gilbertbrands.de\/blog\/wp-json\/wp\/v2\/users\/1"}],"replies":[{"embeddable":true,"href":"https:\/\/gilbertbrands.de\/blog\/wp-json\/wp\/v2\/comments?post=4462"}],"version-history":[{"count":4,"href":"https:\/\/gilbertbrands.de\/blog\/wp-json\/wp\/v2\/posts\/4462\/revisions"}],"predecessor-version":[{"id":4469,"href":"https:\/\/gilbertbrands.de\/blog\/wp-json\/wp\/v2\/posts\/4462\/revisions\/4469"}],"wp:attachment":[{"href":"https:\/\/gilbertbrands.de\/blog\/wp-json\/wp\/v2\/media?parent=4462"}],"wp:term":[{"taxonomy":"category","embeddable":true,"href":"https:\/\/gilbertbrands.de\/blog\/wp-json\/wp\/v2\/categories?post=4462"},{"taxonomy":"post_tag","embeddable":true,"href":"https:\/\/gilbertbrands.de\/blog\/wp-json\/wp\/v2\/tags?post=4462"}],"curies":[{"name":"wp","href":"https:\/\/api.w.org\/{rel}","templated":true}]}}