{"id":4389,"date":"2020-02-12T07:14:00","date_gmt":"2020-02-12T06:14:00","guid":{"rendered":"https:\/\/gilbertbrands.de\/blog\/?p=4389"},"modified":"2020-02-11T08:31:41","modified_gmt":"2020-02-11T07:31:41","slug":"die-97-demok-ratten","status":"publish","type":"post","link":"https:\/\/gilbertbrands.de\/blog\/2020\/02\/12\/die-97-demok-ratten\/","title":{"rendered":"Die Demok-Ratten"},"content":{"rendered":"\n<p>In Th\u00fcringen wurde ein Ministerpr\u00e4sident gew\u00e4hlt &#8211; allerdings der falsche &#8211; oder besser der richtige, aber mit den falschen Stimmen. Selbst nach fast einer Woche ist das Chaos nicht so richtig \u00fcberschaubar.<\/p>\n\n\n\n<!--more-->\n\n\n\n<ul class=\"wp-block-list\"><li>Die FDP hat sich selbst den Todessto\u00df versetzt, so viel d\u00fcrfte klar sein. Wer soll jemanden w\u00e4hlen, der sich w\u00e4hlen l\u00e4sst und dann bekannt gibt, dass er sich eigentlich nicht w\u00e4hlen lassen wollte? Da kann man besser zu Hause bleiben.<\/li><li>FDP-Mann Kemmerich wird von Rot-Rot-Gr\u00fcn mit Hitler gleichgesetzt, die FDP mit der der NSDAP verglichen und auch noch schlimmere Vergleiche bis hin zu Konzentrationslagern bem\u00fcht. Die gesamte linientreue Presse und die \u00d6R-Medien berichten gen\u00fc\u00dflich und nehmen keinen Anstand an solchen Vergleichen.<\/li><li>Nachdem vor der Wahl noch gro\u00dfe Aufregung wegen &#8222;Gewalt gegen Politiker und Parlamentarier&#8220; herrschte (es wurden Arbeitskreise dazu ins Leben gerufen, zu denen die Hauptbetroffenen [31 von 43 Gewaltstraftaten betrafen AfD-Politiker] nat\u00fcrlich nicht eingeladen wurden), hetzen nun SPD, LINKE und GR\u00dcNE die Antifa bundesweit auf die FDP und inzwischen sogar auf die CDU. H\u00e4user werden beschmiert, Parteileute bedroht. Weder den linken Medien noch den linken Parteien ist das derzeit einen Kommentar wert.<\/li><li>In der CDU geht es zu wie in der KPDSU zu Zeiten Stalins. K\u00f6pfe rollen, eine ganze Mitgliedergruppe, die als Werte-Union derzeit haupts\u00e4chlich noch die W\u00e4hler bei der Stange h\u00e4lt, wird ganz offen als &#8222;Krebsgeschw\u00fcr&#8220; bezeichnet und soll aus der Partei ausgeschlossen werden. Selbst die Parteivorsitzende AKK (absolut keine Kanzlerin) hat geschmissen. <\/li><li>Nicht nur innerhalb der CDU entspricht die Tonart inzwischen kommunistischen Standards: SPD und LINKE fordern w\u00f6rtlich &#8222;S\u00e4uberungen&#8220; innerhalb der CDU.<\/li><li>Angeblich w\u00fcrden bei eine Neuwahl nunmehr fast 40% der Stimmen auf die LINKE entfallen (z.Z. 31%). Zumindest die stramm linkspopulistische S\u00fcddeutsche nennt solche Zahlen. Warum wird dann aber nicht neu gew\u00e4hlt, wenn das stimmt? Dann brauchte es keinen Ramelow von Merkels Gnaden. Es gibt Zeitungen, da sollte man selbst das Erscheinungsdatum mit dem Kalender abgleichen.<\/li><\/ul>\n\n\n\n<p>Es wird wieder eine Mauer in Deutschland gebaut. Diesmal eine Mauer in den K\u00f6pfen. Hier SPD, LINKE, GR\u00dcNE und Merkel-CDU (und S\u00f6der-CSU?), dort AfD, FDP, Werte-Union (und deren CSU-Fl\u00fcgel). Diskutiert wird nicht, sondern sofort geschossen. Und zwar wie fr\u00fcher von der linken Seite. <\/p>\n\n\n\n<p>Was zieht so viele Leute zum Kommunismus? Warum werden so wenige wach? <\/p>\n","protected":false},"excerpt":{"rendered":"<p>In Th\u00fcringen wurde ein Ministerpr\u00e4sident gew\u00e4hlt &#8211; allerdings der falsche &#8211; oder besser der richtige, aber mit den falschen Stimmen. Selbst nach fast einer Woche ist das Chaos nicht so richtig \u00fcberschaubar. Download Artikel als PDF<\/p>\n","protected":false},"author":1,"featured_media":0,"comment_status":"closed","ping_status":"closed","sticky":false,"template":"","format":"standard","meta":{"footnotes":""},"categories":[6],"tags":[],"class_list":["post-4389","post","type-post","status-publish","format-standard","hentry","category-politik"],"post_mailing_queue_ids":[],"_links":{"self":[{"href":"https:\/\/gilbertbrands.de\/blog\/wp-json\/wp\/v2\/posts\/4389","targetHints":{"allow":["GET"]}}],"collection":[{"href":"https:\/\/gilbertbrands.de\/blog\/wp-json\/wp\/v2\/posts"}],"about":[{"href":"https:\/\/gilbertbrands.de\/blog\/wp-json\/wp\/v2\/types\/post"}],"author":[{"embeddable":true,"href":"https:\/\/gilbertbrands.de\/blog\/wp-json\/wp\/v2\/users\/1"}],"replies":[{"embeddable":true,"href":"https:\/\/gilbertbrands.de\/blog\/wp-json\/wp\/v2\/comments?post=4389"}],"version-history":[{"count":8,"href":"https:\/\/gilbertbrands.de\/blog\/wp-json\/wp\/v2\/posts\/4389\/revisions"}],"predecessor-version":[{"id":4419,"href":"https:\/\/gilbertbrands.de\/blog\/wp-json\/wp\/v2\/posts\/4389\/revisions\/4419"}],"wp:attachment":[{"href":"https:\/\/gilbertbrands.de\/blog\/wp-json\/wp\/v2\/media?parent=4389"}],"wp:term":[{"taxonomy":"category","embeddable":true,"href":"https:\/\/gilbertbrands.de\/blog\/wp-json\/wp\/v2\/categories?post=4389"},{"taxonomy":"post_tag","embeddable":true,"href":"https:\/\/gilbertbrands.de\/blog\/wp-json\/wp\/v2\/tags?post=4389"}],"curies":[{"name":"wp","href":"https:\/\/api.w.org\/{rel}","templated":true}]}}