{"id":4357,"date":"2020-02-08T06:53:00","date_gmt":"2020-02-08T05:53:00","guid":{"rendered":"https:\/\/gilbertbrands.de\/blog\/?p=4357"},"modified":"2020-02-07T08:33:37","modified_gmt":"2020-02-07T07:33:37","slug":"ein-paar-notizen","status":"publish","type":"post","link":"https:\/\/gilbertbrands.de\/blog\/2020\/02\/08\/ein-paar-notizen\/","title":{"rendered":"Ein paar Notizen"},"content":{"rendered":"\n<p>Vor ein paar Tagen habe ich die Energiewende der Bundesregierung referiert. Hier die Versorgung im Jahr 2030 nach den Werten von Januar 2020:<\/p>\n\n\n\n<!--more-->\n\n\n\n<figure class=\"wp-block-image size-large\"><img loading=\"lazy\" decoding=\"async\" width=\"1024\" height=\"701\" src=\"https:\/\/gilbertbrands.de\/blog\/wp-content\/uploads\/2020\/02\/out-2568-1024x701.jpeg\" alt=\"\" class=\"wp-image-4358\" srcset=\"https:\/\/gilbertbrands.de\/blog\/wp-content\/uploads\/2020\/02\/out-2568-1024x701.jpeg 1024w, https:\/\/gilbertbrands.de\/blog\/wp-content\/uploads\/2020\/02\/out-2568-300x206.jpeg 300w, https:\/\/gilbertbrands.de\/blog\/wp-content\/uploads\/2020\/02\/out-2568-768x526.jpeg 768w, https:\/\/gilbertbrands.de\/blog\/wp-content\/uploads\/2020\/02\/out-2568-1536x1052.jpeg 1536w, https:\/\/gilbertbrands.de\/blog\/wp-content\/uploads\/2020\/02\/out-2568.jpeg 1962w\" sizes=\"auto, (max-width: 1024px) 100vw, 1024px\" \/><\/figure>\n\n\n\n<p>Die gr\u00fcne Linie gibt die Selbstversorgungskapazit\u00e4t nach dem Energie-Monitoring wieder. Wie beabsichtig ist die \u00dcberkapazit\u00e4t minimal, daf\u00fcr besteht an der H\u00e4lfte der Tage eine Unterversorgung, sogar eine ganze Woche, in der kaum die H\u00e4lfte des Bedarfs geliefert werden kann.<\/p>\n\n\n\n<hr class=\"wp-block-separator\"\/>\n\n\n\n<p>Hier wird mal der Unterschied zwischen Wetterschwankungen und dem Klimaunfug, den man uns t\u00e4glich zumutet, deutlich:<\/p>\n\n\n\n<div class=\"wp-block-file\"><a href=\"https:\/\/gilbertbrands.de\/blog\/wp-content\/uploads\/2020\/02\/Wetter-Witterung-in-alten-Zeiten-B\u00f6bing-994-1949.pdf\">Wetter-Witterung-in-alten-Zeiten-B\u00f6bing-994-1949<\/a><a href=\"https:\/\/gilbertbrands.de\/blog\/wp-content\/uploads\/2020\/02\/Wetter-Witterung-in-alten-Zeiten-B\u00f6bing-994-1949.pdf\" class=\"wp-block-file__button\" download>Herunterladen<\/a><\/div>\n\n\n\n<hr class=\"wp-block-separator\"\/>\n\n\n\n<figure class=\"wp-block-video\"><video controls src=\"https:\/\/gilbertbrands.de\/blog\/wp-content\/uploads\/2020\/02\/VIDEO-2020-01-31-20-24-08.mp4\"><\/video><\/figure>\n\n\n\n<p>Kommentar vermutlich unn\u00f6tig. Nat\u00fcrlich sind nicht alle Jugendlichen in dieser Art verbl\u00f6det. Bei F4F d\u00fcrfte das allerdings eher der Standard sein. Bei Politiker*innen anscheinend auch:<\/p>\n\n\n\n<figure class=\"wp-block-embed-youtube wp-block-embed is-type-video is-provider-youtube wp-embed-aspect-16-9 wp-has-aspect-ratio\"><div class=\"wp-block-embed__wrapper\">\nhttps:\/\/www.youtube.com\/watch?v=9rOuC0svZZY\n<\/div><\/figure>\n\n\n\n<hr class=\"wp-block-separator\"\/>\n\n\n\n<p>Auch nicht weiter kommentieren muss man solche statistischen Zuordnungen:<\/p>\n\n\n\n<figure class=\"wp-block-image size-large\"><img loading=\"lazy\" decoding=\"async\" width=\"307\" height=\"409\" src=\"https:\/\/gilbertbrands.de\/blog\/wp-content\/uploads\/2020\/02\/grafik-19.png\" alt=\"\" class=\"wp-image-4395\" srcset=\"https:\/\/gilbertbrands.de\/blog\/wp-content\/uploads\/2020\/02\/grafik-19.png 307w, https:\/\/gilbertbrands.de\/blog\/wp-content\/uploads\/2020\/02\/grafik-19-225x300.png 225w\" sizes=\"auto, (max-width: 307px) 100vw, 307px\" \/><\/figure>\n\n\n\n<hr class=\"wp-block-separator\"\/>\n\n\n\n<p>Malen nach Zahlen kann auch der ADAC. Auf die Frage, ob nach den Planungen des Energiemonitorings die E-Mobilit\u00e4t bereits abgeschrieben w\u00e4re, kommt die Antwort:<\/p>\n\n\n\n<pre class=\"wp-block-preformatted\">Um eine Vorstellung zu erhalten wieviel Strom die Elektromobilit\u00e4t ben\u00f6tigen hilft die Betrachtung, dass der Strombedarf um ca. 20% ansteigen w\u00fcrde, wenn alle ca. 46 PKW in Deutschland elektrisch fahren w\u00fcrden. \n\nDas ist nicht vernachl\u00e4ssigbar, aber auch nicht so, dass es exorbitant viel und abwegig w\u00e4re das zu realisieren. \nBis 2030 wird es diverse Faktoren geben, die den Strombedarf ansteigen oder abnehmen lassen. \nF\u00fcr den Anstieg k\u00f6nnen Mehrbedarf f\u00fcr Elektrofahrzeuge, Umstellung der Heizungen auf W\u00e4rmepumpen oder nat\u00fcrlich generell zunehmende Wirtschaftsleistung verantwortlich sein. \nDem Gegen\u00fcber k\u00f6nnte auch eine abnehmende Wirtschaftsleistung und besonders auch die Hebung von Energiesparpotentialen zu einer Abnahme des Strombedarfes f\u00fchren.\nWas letztlich \u00fcberwiegt wird in unterschiedlichen Szenarien betrachtet. Dabei sind 4,4 % eigentlich gar nicht so viel.\nAlleine von 2008 auf 2009 sank aufgrund der Wirtschaftskrise der Stromverbrauch um 6 %.\n\nDie gr\u00f6\u00dfere Herausforderung als die reine Strommenge wird \u00fcbrigens mit zunehmendem Elektroanteil das gezielte Steuern des Angebots und der Nachfrage, insbesondere bei den fluktuierend vorhandenen erneuerbaren Energien. Auch k\u00f6nnen Stromnetze lokal an Ihre Grenzen kommen und m\u00fcssen ausgebaut werden. Dieses stellt nach Aussage der Netzbetreiber aber kein Hemmnis, sondern eine Aufgabe dar diese Schritte in die Wege zu leiten.<\/pre>\n\n\n\n<p>Interessant an der Sache: selbst Harald Lesch kommt auf h\u00f6here Werte, was den zus\u00e4tzlichen Strombedarf angeht &#8211; und der ist nun nicht gerade als Kritiker des Ganzen bekannt (zwar hat der ADAC im Nachgang die Zahlen korrigiert, aber am generellen Tenor nicht viel ge\u00e4ndert). Aber nimmt man mal die Werte (4,4% sind ja nicht viel, wenn eine Weltwirtschaftskrise &#8222;nur&#8220; 6% sind), dann liegen nach dem ADAC die Einsparpotentiale bei der Effizienzsteigerung bei 25%, etwa konstante Wirtschaft vorausgesetzt. Ein Elektromotor l\u00e4sst sich nach dieser Logik auf eine Effizienz von 120% steigern, d.h. 1 kWh rein, 1,2 kWh Arbeit wieder raus. W\u00e4rmepumpen hatten wir hier auch schon mal: die Heizung einer Gro\u00dfstadt mit W\u00e4rmepumpen bewerkstelligen w\u00fcrde das komplette Grundwasser darunter in wenigen Monaten in einen Eisblock verwandeln.<\/p>\n\n\n\n<p>Malen nach Zahlen, wo man hinschaut.<\/p>\n\n\n\n<p><\/p>\n\n\n\n<p><\/p>\n","protected":false},"excerpt":{"rendered":"<p>Vor ein paar Tagen habe ich die Energiewende der Bundesregierung referiert. Hier die Versorgung im Jahr 2030 nach den Werten von Januar 2020: Download Artikel als PDF<\/p>\n","protected":false},"author":1,"featured_media":0,"comment_status":"closed","ping_status":"closed","sticky":false,"template":"","format":"standard","meta":{"footnotes":""},"categories":[18],"tags":[],"class_list":["post-4357","post","type-post","status-publish","format-standard","hentry","category-klima"],"post_mailing_queue_ids":[],"_links":{"self":[{"href":"https:\/\/gilbertbrands.de\/blog\/wp-json\/wp\/v2\/posts\/4357","targetHints":{"allow":["GET"]}}],"collection":[{"href":"https:\/\/gilbertbrands.de\/blog\/wp-json\/wp\/v2\/posts"}],"about":[{"href":"https:\/\/gilbertbrands.de\/blog\/wp-json\/wp\/v2\/types\/post"}],"author":[{"embeddable":true,"href":"https:\/\/gilbertbrands.de\/blog\/wp-json\/wp\/v2\/users\/1"}],"replies":[{"embeddable":true,"href":"https:\/\/gilbertbrands.de\/blog\/wp-json\/wp\/v2\/comments?post=4357"}],"version-history":[{"count":7,"href":"https:\/\/gilbertbrands.de\/blog\/wp-json\/wp\/v2\/posts\/4357\/revisions"}],"predecessor-version":[{"id":4396,"href":"https:\/\/gilbertbrands.de\/blog\/wp-json\/wp\/v2\/posts\/4357\/revisions\/4396"}],"wp:attachment":[{"href":"https:\/\/gilbertbrands.de\/blog\/wp-json\/wp\/v2\/media?parent=4357"}],"wp:term":[{"taxonomy":"category","embeddable":true,"href":"https:\/\/gilbertbrands.de\/blog\/wp-json\/wp\/v2\/categories?post=4357"},{"taxonomy":"post_tag","embeddable":true,"href":"https:\/\/gilbertbrands.de\/blog\/wp-json\/wp\/v2\/tags?post=4357"}],"curies":[{"name":"wp","href":"https:\/\/api.w.org\/{rel}","templated":true}]}}