{"id":4096,"date":"2019-12-20T07:22:00","date_gmt":"2019-12-20T06:22:00","guid":{"rendered":"https:\/\/gilbertbrands.de\/blog\/?p=4096"},"modified":"2019-12-12T10:05:27","modified_gmt":"2019-12-12T09:05:27","slug":"frohe-weihnachten","status":"publish","type":"post","link":"https:\/\/gilbertbrands.de\/blog\/2019\/12\/20\/frohe-weihnachten\/","title":{"rendered":"Frohe Weihnachten !"},"content":{"rendered":"\n<p>Kann sich ein Rechtssystem besser als menschenverachtend outen als so:<\/p>\n\n\n\n<!--more-->\n\n\n\n<figure class=\"wp-block-image size-large\"><img loading=\"lazy\" decoding=\"async\" width=\"723\" height=\"289\" src=\"https:\/\/gilbertbrands.de\/blog\/wp-content\/uploads\/2019\/12\/Bildschirmfoto-vom-2019-12-12-09-23-03.png\" alt=\"\" class=\"wp-image-4097\" srcset=\"https:\/\/gilbertbrands.de\/blog\/wp-content\/uploads\/2019\/12\/Bildschirmfoto-vom-2019-12-12-09-23-03.png 723w, https:\/\/gilbertbrands.de\/blog\/wp-content\/uploads\/2019\/12\/Bildschirmfoto-vom-2019-12-12-09-23-03-300x120.png 300w\" sizes=\"auto, (max-width: 723px) 100vw, 723px\" \/><figcaption><a href=\"https:\/\/www.zeit.de\/politik\/deutschland\/2019-12\/ursula-haverbeck-holocaust-leugnerin-haftstrafe-gerichtsurteil\">https:\/\/www.zeit.de\/politik\/deutschland\/2019-12\/ursula-haverbeck-holocaust-leugnerin-haftstrafe-gerichtsurteil<\/a><\/figcaption><\/figure>\n\n\n\n<p>Die 91J\u00e4hrige hat noch ein Jahr vor sich. Dann ist sie 92, falls sie dann noch lebt. Wobei ihr Verbrechen in einem reinen Verbaldelikt besteht. Sie bezeichnet Auschwitz als Arbeitslager und nicht als Vernichtungslager. Was nat\u00fcrlich nicht stimmt, denn was dort passiert ist, ist ausf\u00fchrlich dokumentiert:<\/p>\n\n\n\n<figure class=\"wp-block-image size-large\"><img loading=\"lazy\" decoding=\"async\" width=\"392\" height=\"597\" src=\"https:\/\/gilbertbrands.de\/blog\/wp-content\/uploads\/2019\/12\/Bildschirmfoto-vom-2019-12-12-09-35-46.png\" alt=\"\" class=\"wp-image-4098\" srcset=\"https:\/\/gilbertbrands.de\/blog\/wp-content\/uploads\/2019\/12\/Bildschirmfoto-vom-2019-12-12-09-35-46.png 392w, https:\/\/gilbertbrands.de\/blog\/wp-content\/uploads\/2019\/12\/Bildschirmfoto-vom-2019-12-12-09-35-46-197x300.png 197w\" sizes=\"auto, (max-width: 392px) 100vw, 392px\" \/><figcaption><a href=\"https:\/\/www.amazon.de\/Die-Krematorien-Auschwitz-Jean-Claude-Pressac\/dp\/3492121934\">https:\/\/www.amazon.de\/Die-Krematorien-Auschwitz-Jean-Claude-Pressac\/dp\/3492121934<\/a><\/figcaption><\/figure>\n\n\n\n<p>Ein B\u00fcchlein, dass auch als Sonderauflage f\u00fcr die Landeszentralen f\u00fcr politische Bildung aufgelegt ist und an Schulen und andere Interessierte verteilt wird. Also wird es wohl gepr\u00fcft und f\u00fcr gut befunden worden sein. Allerdings stimmt der Inhalt auch nicht mit dem \u00fcberein, was z.B. in der ZEIT behauptet wird, weshalb man es vielleicht doch mal lesen sollte.<\/p>\n\n\n\n<p>Zur\u00fcck zu der 91-j\u00e4hrigen im Knast. Was Sie getan hat, ist nicht korrekt. Sie verst\u00f6\u00dft gegen <a href=\"https:\/\/dejure.org\/gesetze\/StGB\/130.html\">\u00a7 130 StGB<\/a>, wo Strafen bis zu 3 Jahren angedroht werden. Man muss allerdings den Paragraphen mal genau lesen. Da steht:<\/p>\n\n\n\n<blockquote class=\"wp-block-quote is-layout-flow wp-block-quote-is-layout-flow\"><p>(3) Mit Freiheitsstrafe bis zu f\u00fcnf Jahren oder mit Geldstrafe wird  bestraft, wer eine unter der Herrschaft des Nationalsozialismus  begangene Handlung der in \u00a7 6  Abs. 1 des V\u00f6lkerstrafgesetzbuches bezeichneten Art in einer Weise, die  geeignet ist, den \u00f6ffentlichen Frieden zu st\u00f6ren, \u00f6ffentlich oder in  einer Versammlung billigt, leugnet oder verharmlost.<\/p><\/blockquote>\n\n\n\n<p>Da steht zun\u00e4chst einmal etwas drin, was vermutlich dem normalen Rechtsempfinden entspricht, dass n\u00e4mlich etwas geschieht, was &#8222;geeignet ist, den \u00f6ffentlichen Frieden zu st\u00f6ren&#8220;. Ist eine 91-j\u00e4hrige tats\u00e4chlich geeignet, den \u00f6ffentlichen Frieden zu st\u00f6ren? Oder w\u00e4re eine normale Reaktion nicht viel eher &#8222;Ist ja schon gut, Oma! Ess noch ein St\u00fcck Kuchen.&#8220;? Der letzte Satz und ein paar andere Abschnitte nehmen dem Paragraphen jedoch den Rechtssinn, dass die Handlung tats\u00e4chlich irgendwelche Folgen haben muss. Ein falsches Wort gen\u00fcgt und man sitzt im Knast und kommt auch nicht mehr raus. Ist das Recht? <\/p>\n\n\n\n<p>Menschenverachtend wird das Ganze, wenn man die Relation zu anderen Straftaten betrachtet. Nochmals vorab: Frau Haverbeck ist mit ihren \u00c4u\u00dferungen allenfalls ein paar Leuten auf den Sack gegangen, d\u00fcrfte von den meisten aber mitleidig bel\u00e4chelt worden sein und hat auf jeden Fall niemandem einen finanziellen oder k\u00f6rperlichen Schaden zugef\u00fcgt. Daf\u00fcr muss sie die volle Zeit ohne Bew\u00e4hrung absitzen. Anders in F\u00e4llen wie solchen:<\/p>\n\n\n\n<figure class=\"wp-block-image size-large\"><img loading=\"lazy\" decoding=\"async\" width=\"558\" height=\"140\" src=\"https:\/\/gilbertbrands.de\/blog\/wp-content\/uploads\/2019\/12\/Bildschirmfoto-vom-2019-12-12-09-53-07.png\" alt=\"\" class=\"wp-image-4099\" srcset=\"https:\/\/gilbertbrands.de\/blog\/wp-content\/uploads\/2019\/12\/Bildschirmfoto-vom-2019-12-12-09-53-07.png 558w, https:\/\/gilbertbrands.de\/blog\/wp-content\/uploads\/2019\/12\/Bildschirmfoto-vom-2019-12-12-09-53-07-300x75.png 300w\" sizes=\"auto, (max-width: 558px) 100vw, 558px\" \/><figcaption><a href=\"https:\/\/www.bild.de\/regional\/bremen\/urteil\/milde-strafe-fuer-brutalen-miri-27719612.bild.html\">https:\/\/www.bild.de\/regional\/bremen\/urteil\/milde-strafe-fuer-brutalen-miri-27719612.bild.html<\/a><\/figcaption><\/figure>\n\n\n\n<p>77 mal aktenkundig, davon 21 mal wegen Waffenbesitz und K\u00f6rperverletzung, 19 Vorstrafen, erwischt mit 2,5 kg Heroin nach einer Schie\u00dferei mit der Polizei. 20 Monate (also deutlich weniger als Frau Haverbeck) wegen &#8222;Haftempfindlichkeit&#8220;. Einzelfall? Keineswegs. Auf das Stichwort &#8222;Haftempfindlichkeit&#8220; liefert Google jede Menge Links auf F\u00e4lle, wo gesuchte Schwerstverbrecher milde davon kommen, selbst bei schwerer K\u00f6rperverletzung mit anschlie\u00dfender Invalidit\u00e4t des Opfers noch mit Bew\u00e4hrungsstrafen. Oder F\u00e4llen wie den Messerstechern der letzten Jahre, immer &#8222;polizeibekannt&#8220; mit Registern, die vermutlich nur noch auf eine 33m-Rolle Raufasertapete passen, wenn sie auf einem Blatt dargestellt werden sollen. Immer wieder auf freien Fu\u00df gesetzt, bis (endlich mal) ein Mord passiert.<\/p>\n\n\n\n<p>Das deutsche Rechts- und Strafsystem: vor Verbrechern haben Richter anscheinend Angst oder arbeiten mit ihnen zusammen, aber an 91-j\u00e4hrigen Omas kann man sich daf\u00fcr um so brutaler r\u00e4chen. <\/p>\n","protected":false},"excerpt":{"rendered":"<p>Kann sich ein Rechtssystem besser als menschenverachtend outen als so: Download Artikel als PDF<\/p>\n","protected":false},"author":1,"featured_media":0,"comment_status":"closed","ping_status":"closed","sticky":false,"template":"","format":"standard","meta":{"footnotes":""},"categories":[12,13],"tags":[],"class_list":["post-4096","post","type-post","status-publish","format-standard","hentry","category-gesellschaft","category-recht"],"post_mailing_queue_ids":[],"_links":{"self":[{"href":"https:\/\/gilbertbrands.de\/blog\/wp-json\/wp\/v2\/posts\/4096","targetHints":{"allow":["GET"]}}],"collection":[{"href":"https:\/\/gilbertbrands.de\/blog\/wp-json\/wp\/v2\/posts"}],"about":[{"href":"https:\/\/gilbertbrands.de\/blog\/wp-json\/wp\/v2\/types\/post"}],"author":[{"embeddable":true,"href":"https:\/\/gilbertbrands.de\/blog\/wp-json\/wp\/v2\/users\/1"}],"replies":[{"embeddable":true,"href":"https:\/\/gilbertbrands.de\/blog\/wp-json\/wp\/v2\/comments?post=4096"}],"version-history":[{"count":1,"href":"https:\/\/gilbertbrands.de\/blog\/wp-json\/wp\/v2\/posts\/4096\/revisions"}],"predecessor-version":[{"id":4100,"href":"https:\/\/gilbertbrands.de\/blog\/wp-json\/wp\/v2\/posts\/4096\/revisions\/4100"}],"wp:attachment":[{"href":"https:\/\/gilbertbrands.de\/blog\/wp-json\/wp\/v2\/media?parent=4096"}],"wp:term":[{"taxonomy":"category","embeddable":true,"href":"https:\/\/gilbertbrands.de\/blog\/wp-json\/wp\/v2\/categories?post=4096"},{"taxonomy":"post_tag","embeddable":true,"href":"https:\/\/gilbertbrands.de\/blog\/wp-json\/wp\/v2\/tags?post=4096"}],"curies":[{"name":"wp","href":"https:\/\/api.w.org\/{rel}","templated":true}]}}