{"id":4083,"date":"2019-12-17T07:25:00","date_gmt":"2019-12-17T06:25:00","guid":{"rendered":"https:\/\/gilbertbrands.de\/blog\/?p=4083"},"modified":"2019-12-10T14:39:21","modified_gmt":"2019-12-10T13:39:21","slug":"gott-wird-sich-noch-wundern","status":"publish","type":"post","link":"https:\/\/gilbertbrands.de\/blog\/2019\/12\/17\/gott-wird-sich-noch-wundern\/","title":{"rendered":"Gott wird sich noch wundern!"},"content":{"rendered":"\n<p>Inzwischen werden zwar Kapitalverbrechen kaum noch geahndet oder verfolgt, aber damit die Gerichte nicht arbeitslos werden, kann man inzwischen gegen alles m\u00f6gliche klagen. Zum Beispiel gegen die Erderw\u00e4rmung.<\/p>\n\n\n\n<!--more-->\n\n\n\n<p>Nach Meinung von Grienpiss verst\u00f6\u00dft die Erderw\u00e4rmung gegen die Grundrechte des Grundgesetzes. Deshalb hat die Organisation zusammen mit einigen verpeilten Bauern die Bundesregierung verklagt.<\/p>\n\n\n\n<blockquote class=\"wp-block-quote is-layout-flow wp-block-quote-is-layout-flow\"><p>Die Bauernfamilien aus Brandenburg, dem Alten Land bei Hamburg und von der Nordseeinsel Pellworm sind schon heute von der Erderhitzung betroffen, beispielsweise durch aus dem S\u00fcden zuwandernde Sch\u00e4dlinge und den steigenden Meeresspiegel.<\/p><cite><a href=\"https:\/\/www.greenpeace.de\/klimaklage-aktuell\">https:\/\/www.greenpeace.de\/klimaklage-aktuell<\/a><\/cite><\/blockquote>\n\n\n\n<p>Man k\u00f6nnte ja auch fragen &#8222;was ist denn mit den Grundrechten derjenigen, die sich besser f\u00fchlen?&#8220;, aber das tun nur Nazis. M\u00fcssen wir uns nicht drum k\u00fcmmern. Umgekehrt ist es aber schon erstaunlich, dass die Klage trotz der eindeutigen Nazi-Formulierung so angenommen wurde und nicht postwendend zu einer Gegenklage wegen Ausl\u00e4nderfeindlichkeit und Hass umgem\u00fcnzt wurde. Schlie\u00dflich kann sich in Zeiten der Political Correctness jeder ausrechnen, was mit &#8222;aus dem S\u00fcden zuwandernden Sch\u00e4dlingen&#8220; gemeint sein k\u00f6nnte. Aber sei&#8217;s drum.<\/p>\n\n\n\n<p>Mit den Fakten nimmt man es auch vor Gericht nicht mehr so genau. Die Erderhitzung ist n\u00e4mlich keineswegs ein Fakt. Neben den t\u00e4glichen Meldungen in den Medien, die immer neue Rekorde vorhersagen, gibt es auch Leute, die das wissenschaftlich untersuchen und zu dem Ergebnis kommen, dass die Temperatur eher f\u00e4llt (<a href=\"https:\/\/www.eike-klima-energie.eu\/2019\/01\/07\/2018-globale-temperaturen-sinken-das-zweite-jahr-in-folge\/\">-&gt;hier<\/a> , <a href=\"https:\/\/www.eike-klima-energie.eu\/2019\/02\/13\/die-welt-kuehlt-sich-ab-aber-die-vorhersage-geht-auf-rapide-erwaermung\/\">-&gt;hier<\/a>). \u00dcbrigens nicht nur die Skeptiker, auch die Klimal\u00fcgner best\u00e4tigen das (indirekt), wenn beispielsweise das PIK die Antarktis k\u00fcnstlich beschneien will (<a href=\"https:\/\/www.pik-potsdam.de\/aktuelles\/pressemitteilungen\/meeresspiegelanstieg-eiskollaps-in-westantarktis-koennte-durch-beschneien-mit-meerwasser-verhindert-werden\">-&gt;hier<\/a>). Was an sich schon recht kurios ist, denn wenn die Antarktis die riesigen Mengen an Schmelzw\u00e4rme, die bei der Umwandlung von Wasser in Schnee frei wird (<a href=\"https:\/\/de.wikipedia.org\/wiki\/Eigenschaften_des_Wassers#Schmelz-_und_Verdampfungsw%C3%A4rme\">-&gt;hier<\/a>), problemlos verkraften kann (Behauptung des PIK), ist es ziemlich unverst\u00e4ndlich, wie dann der Eisschild bei solch tiefen Temperaturen kollabieren soll (womit vermutlich &#8222;schmelzen&#8220; gemeint ist, denn ich w\u00fcsste nicht, wie Eisw\u00fcrfel &#8222;kollabieren&#8220; k\u00f6nnten; auch das eine Behauptung des PIK).<\/p>\n\n\n\n<p>Also mit der Temperatur ist das schon so eine Sache. Steigender Meeresspiegel stimmt zwar an des westlichen Nordseek\u00fcste aus geologischen Gr\u00fcnden, aber ansonsten ist der Meeresspiegel weltweit unver\u00e4ndert und steigt nicht. Im Klimal\u00fcgenportal wikipedia wird das Steigen zwar behauptet (<a href=\"https:\/\/de.wikipedia.org\/wiki\/Meeresspiegelanstieg_seit_1850\">-&gt;hier<\/a>), l\u00e4sst sich aber experimentell nicht best\u00e4tigen (<a href=\"https:\/\/www.eike-klima-energie.eu\/2011\/05\/27\/der-grosse-schwindel-mit-dem-meeresspiegel-es-gibt-keinen-alarmierenden-anstieg-des-meeresspiegels\/\">-&gt;hier<\/a>), sobald man geologisch inaktive Gebiete betrachtet. Eine Klage, die auf derart wackeligen F\u00fc\u00dfen ruht, m\u00fcsste man eigentlich zur\u00fcck weisen. Ein Gericht kann und muss sich zwar eine Meinung bilden, aber die hat bitte sehr dort aufzuh\u00f6ren, wo es um wissenschaftliche Fakten geht. Und die sind alles andere als klar, und Richter w\u00e4ren wohl die letzten, die sich auf dem Gebiet eine Kompetenz zuweisen k\u00f6nnten. Im Zweifelsfall gilt &#8222;in dubio pro reo&#8220;, d.h. auch nach dem Prinzip m\u00fcsste die Klage verworfen werden.<\/p>\n\n\n\n<p>Leider gibt es auch ein Prinzip, auf das sich die Klima-Religi\u00f6sen gerne zur\u00fcckziehen, wenn ihre Argumente sich als falsch herausstellen: &#8222;Das ist nur noch nicht ausreichende untersucht worden&#8220;. Wenn Messungen der Vorstellung widersprechen &#8211; macht nichts! Einfach weitermessen! Vielleicht gibt es ja irgendwann auch ein Messergebnis, das passt. Und irgendwann kann n\u00e4chste Woche, n\u00e4chstes Jahr oder nach 30 weiteren Uml\u00e4ufen der Sonne um das Zentrum der Milchstra\u00dfe sein. Und bis dahin kann man einfach behaupten, was man will. Ist eben noch nicht hinreichend gemessen.<\/p>\n\n\n\n<p>Vielleicht kommen die Spinner trotzdem darauf, dass nicht der deutsche Dieselfahrer sondern Gott das Klima macht. Und dann bl\u00fcht dem aber so was von Saures! Der wird dann einfach verklagt. Jawoll! Pr\u00e4zendenzf\u00e4lle gibt es schon (<a href=\"https:\/\/www.focus.de\/panorama\/welt\/usa_aid_133198.html\">-&gt;hier<\/a> , <a href=\"https:\/\/www.welt.de\/vermischtes\/article1018608\/Mann-verklagt-Gott-und-verliert-Prozess.html\">-&gt;hier<\/a>). Die Gerichte f\u00fchlen sich zwar noch nicht so richtig zust\u00e4ndig, aber wenn es um das richtigen Thema geht &#8230;<\/p>\n\n\n\n<hr class=\"wp-block-separator\"\/>\n\n\n\n<p>Anmerkung: der Entomologe Harald Klausnitzer hat bei der Untersuchung von Gr\u00e4bern aus der Sp\u00e4tantike und dem Mittelalter K\u00e4ferarten in Mitteleuropa nachgewiesen, die derzeit nur in Mittel- und Oberitalien vorkommen. In der kleinen Kaltzeit wurden die Arten gegen die Alpen gedr\u00fcckt und schlie\u00dflich klimatisch zerquetscht. Einer &#8222;Wiederbesiedlung aus dem S\u00fcden&#8220; stehen die Alpen im Weg, was auch f\u00fcr andere potentielle Einwanderer gilt, die als Sch\u00e4dlinge betrachtet werden k\u00f6nnten. Einige andere Arten wie beispielsweise die vermutlich jedem bekannte Zitterspinne Pholcus phalangioides (<a href=\"https:\/\/upload.wikimedia.org\/wikipedia\/commons\/7\/78\/Gr_Zitterspinne_4.JPG\">->hier<\/a>) waren schon immer ausgesprochene Kulturfolger und k\u00f6nnen hier nur in den menschlichen Behausungen \u00fcberleben, sind also nicht verschwunden. Zudem war Deutschland \u00fcber lange Zeit ein ausgesprochenes Malaria-Gebiet. Die Malaria verschwand erst mit der Trockenlegung der meisten S\u00fcmpfe und Moore. Wenn nun allerdings in gr\u00f6\u00dferem Stil wiedervern\u00e4sst wird und gleichzeitig durch unkontrollierte Einwanderung aus dem S\u00fcden Tr\u00e4ger der Malaria potentiell den Malaria-Krankheitspool bei den M\u00fccken wiederherstellen, k\u00f6nnte es wieder zu Malaria-F\u00e4llen kommen. Ansonsten kommen einige als Sch\u00e4dlinge zu betrachtende Arten auf den Handelswegen nach Deutschland. Die Verbreitungskarten zeigen allerdings, dass diese in der N\u00e4he der Handelswege (z.B. \u00dcberseeh\u00e4fen) auftreten und im Winter wieder verschwinden oder sich jedenfalls nicht weiter ausbreiten. Faktisch bleibt damit f\u00fcr &#8222;aus dem S\u00fcden zuwandernde Sch\u00e4dlinge&#8220; nur die b\u00f6swillige Interpretation \u00fcbrig. Wobei allerdings wie immer bislang von den Leuten vers\u00e4umt wird, die Fakten zu checken.<\/p>\n","protected":false},"excerpt":{"rendered":"<p>Inzwischen werden zwar Kapitalverbrechen kaum noch geahndet oder verfolgt, aber damit die Gerichte nicht arbeitslos werden, kann man inzwischen gegen alles m\u00f6gliche klagen. Zum Beispiel gegen die Erderw\u00e4rmung. Download Artikel als PDF<\/p>\n","protected":false},"author":1,"featured_media":0,"comment_status":"closed","ping_status":"closed","sticky":false,"template":"","format":"standard","meta":{"footnotes":""},"categories":[12,18,13],"tags":[],"class_list":["post-4083","post","type-post","status-publish","format-standard","hentry","category-gesellschaft","category-klima","category-recht"],"post_mailing_queue_ids":[],"_links":{"self":[{"href":"https:\/\/gilbertbrands.de\/blog\/wp-json\/wp\/v2\/posts\/4083","targetHints":{"allow":["GET"]}}],"collection":[{"href":"https:\/\/gilbertbrands.de\/blog\/wp-json\/wp\/v2\/posts"}],"about":[{"href":"https:\/\/gilbertbrands.de\/blog\/wp-json\/wp\/v2\/types\/post"}],"author":[{"embeddable":true,"href":"https:\/\/gilbertbrands.de\/blog\/wp-json\/wp\/v2\/users\/1"}],"replies":[{"embeddable":true,"href":"https:\/\/gilbertbrands.de\/blog\/wp-json\/wp\/v2\/comments?post=4083"}],"version-history":[{"count":3,"href":"https:\/\/gilbertbrands.de\/blog\/wp-json\/wp\/v2\/posts\/4083\/revisions"}],"predecessor-version":[{"id":4086,"href":"https:\/\/gilbertbrands.de\/blog\/wp-json\/wp\/v2\/posts\/4083\/revisions\/4086"}],"wp:attachment":[{"href":"https:\/\/gilbertbrands.de\/blog\/wp-json\/wp\/v2\/media?parent=4083"}],"wp:term":[{"taxonomy":"category","embeddable":true,"href":"https:\/\/gilbertbrands.de\/blog\/wp-json\/wp\/v2\/categories?post=4083"},{"taxonomy":"post_tag","embeddable":true,"href":"https:\/\/gilbertbrands.de\/blog\/wp-json\/wp\/v2\/tags?post=4083"}],"curies":[{"name":"wp","href":"https:\/\/api.w.org\/{rel}","templated":true}]}}