{"id":4048,"date":"2019-11-30T07:12:18","date_gmt":"2019-11-30T06:12:18","guid":{"rendered":"https:\/\/gilbertbrands.de\/blog\/?p=4048"},"modified":"2019-11-29T08:42:46","modified_gmt":"2019-11-29T07:42:46","slug":"end-of-democracy","status":"publish","type":"post","link":"https:\/\/gilbertbrands.de\/blog\/2019\/11\/30\/end-of-democracy\/","title":{"rendered":"End of Democracy"},"content":{"rendered":"\n<p>Bislang haben ja nur verpeilte St\u00e4dte einen Klimanotstand ausgerufen. Was ja eigentlich Unfug ist, denn so etwas wie ein Notstandsrecht steht den Kommunen gar nicht zu. Trotzdem hat es nat\u00fcrlich in fast s\u00e4mtlichen St\u00e4dten zu gut dotierten P\u00f6stchen f\u00fcr verdiente Parteimitglieder und jeder Menge Behinderung f\u00fcr die B\u00fcrger bei allen m\u00f6glichen Sachen, die beh\u00f6rdlicher Zustimmung bed\u00fcrfen, gef\u00fchrt.<\/p>\n\n\n\n<!--more-->\n\n\n\n<p>Am 28.11.2019 hat nun das unn\u00fctzeste und vermutlich teuerste Parlament der Welt, das EU-Parlament, auch auf EU-Ebene den Klimanotstand erkl\u00e4rt. Formal wie auf Kommunalebene v\u00f6llig belanglos, den die Ausrufung des Notstands, der im Falle des Widerstands einzelner B\u00fcrger auch die Todesstrafe, also die offizielle Ermordung nach Lesart des schon l\u00e4ngst v\u00f6llig belanglosen Grundgesetzes durch EU-Organe, vorsieht (kein Witz! Siehe <strong><a href=\"https:\/\/gilbertbrands.de\/blog\/2018\/10\/29\/die-hessische-verfassung\/\">->hier<\/a><\/strong>).<\/p>\n\n\n\n<p>Bevor man jetzt lacht:<\/p>\n\n\n\n<ul class=\"wp-block-list\"><li>Das gibt der EU-Kommission eine Legitimierung f\u00fcr alle Arten von Unfug. Flinten-Uschi hat ja auch bereits die steuerliche Auspl\u00fcnderung der EU-B\u00fcrger, also vorzugsweise der Deutschen, so lange noch Geld da ist, um 3 Millionen Millionen \u20ac (= 3.000 Milliarden oder 3 Billionen) angek\u00fcndigt.<\/li><li>Da von der EU alles \u00fcbernommen wird, besteht jetzt auch eine legitime M\u00f6glichkeit f\u00fcr den Bundestag, den Notstand zu erkl\u00e4ren.<\/li><\/ul>\n\n\n\n<p>Geht nicht wegen Klima? Geht doch!<\/p>\n\n\n\n<blockquote class=\"wp-block-quote is-layout-flow wp-block-quote-is-layout-flow\"><p><strong>Naturkatastrophen; besonders schwere Ungl\u00fccksf\u00e4lle<\/strong><br>Bei <a href=\"https:\/\/de.wikipedia.org\/wiki\/Naturkatastrophe\">Naturkatastrophen<\/a> und besonders schweren Ungl\u00fccksf\u00e4llen k\u00f6nnen nach <a href=\"https:\/\/www.gesetze-im-internet.de\/gg\/art_35.html\">Art.\u00a035<\/a> GG neben der <a href=\"https:\/\/de.wikipedia.org\/wiki\/Polizei\">Polizei<\/a> auch die <a href=\"https:\/\/de.wikipedia.org\/wiki\/Bundespolizei_(Deutschland)\">Bundespolizei<\/a>  und die Bundeswehr eingesetzt werden. Bei l\u00e4nder\u00fcbergreifenden  Katastrophen kann die Bundesregierung den L\u00e4ndern Weisungen erteilen. <br>Nach <a href=\"https:\/\/www.gesetze-im-internet.de\/gg\/art_87a.html\">Art.\u00a087a<\/a> GG darf die <a href=\"https:\/\/de.wikipedia.org\/wiki\/Bundeswehr\">Bundeswehr<\/a>  von der Bundesregierung unter bestimmten Bedingungen auch eingesetzt  werden \u201ezur Abwehr einer drohenden Gefahr f\u00fcr den Bestand oder die  freiheitliche demokratische Grundordnung des Bundes oder eines <a href=\"https:\/\/de.wikipedia.org\/wiki\/Land_(Deutschland)\">Landes<\/a>\u201c. Auf Verlangen des Bundestages oder Bundesrates ist der Einsatz einzustellen. <a href=\"https:\/\/www.gesetze-im-internet.de\/gg\/art_9.html\">Art.\u00a09<\/a> Abs.\u00a03 GG (<a href=\"https:\/\/de.wikipedia.org\/wiki\/Koalitionsfreiheit\">Koalitionsfreiheit<\/a>) bestimmt, dass sich eine solche Ma\u00dfnahme \u201enicht gegen <a href=\"https:\/\/de.wikipedia.org\/wiki\/Arbeitskampf\">Arbeitsk\u00e4mpfe<\/a> richten\u201c darf. <\/p><cite><a href=\"https:\/\/de.wikipedia.org\/wiki\/Deutsche_Notstandsgesetze\">https:\/\/de.wikipedia.org\/wiki\/Deutsche_Notstandsgesetze<\/a><\/cite><\/blockquote>\n\n\n\n<p>Zum Begriff Naturkatastrophe, die als Grundlage dient, wird ausgef\u00fchrt<\/p>\n\n\n\n<blockquote class=\"wp-block-quote is-layout-flow wp-block-quote-is-layout-flow\"><p>Eine <strong>Naturkatastrophe<\/strong> ist eine nat\u00fcrlich entstandene Ver\u00e4nderung der <a href=\"https:\/\/de.wikipedia.org\/wiki\/Erdoberfl%C3%A4che\">Erdoberfl\u00e4che<\/a> oder der <a href=\"https:\/\/de.wikipedia.org\/wiki\/Erdatmosph%C3%A4re\">Atmosph\u00e4re<\/a>, die auf <a href=\"https:\/\/de.wikipedia.org\/wiki\/Lebewesen\">Lebewesen<\/a>  und insbesondere den Menschen und seine Lebensweise verheerende  Auswirkungen hat. Auch wenn der Mensch nicht Ausl\u00f6ser von  Naturkatastrophen ist, kann er jedoch indirekt zu den Auswirkungen von  Naturkatastrophen beitragen beziehungsweise diese versch\u00e4rfen,  beispielsweise durch die <a href=\"https:\/\/de.wikipedia.org\/wiki\/Globale_Erw%C3%A4rmung\">globale Erw\u00e4rmung<\/a>, Katastrophen beg\u00fcnstigende Arten der <a href=\"https:\/\/de.wikipedia.org\/wiki\/Landnutzung\">Landnutzung<\/a>  oder Besiedlung besonders gef\u00e4hrdeter Bereiche wie zum Beispiel niedrig  liegender K\u00fcstenabschnitte. Ma\u00dfnahmen zur Abwehr von Naturkatastrophen  werden im Rahmen des <a href=\"https:\/\/de.wikipedia.org\/wiki\/Katastrophenschutz\">Katastrophenschutzes<\/a> ergriffen. <\/p><cite><a href=\"https:\/\/de.wikipedia.org\/wiki\/Naturkatastrophe\">https:\/\/de.wikipedia.org\/wiki\/Naturkatastrophe<\/a><\/cite><\/blockquote>\n\n\n\n<p>Durch die Erkl\u00e4rung des EU-Parlaments hat der Bundestag nun die M\u00f6glichkeit, legitim die Demokratie au\u00dfer Kraft zu setzen. Nun wird vermutlich auch klar, weshalb Mutti so an ihrem Stuhl klebt und Flinten-Uschi so passend in Stellung gebracht hat. Nachdem die SPD bereits vollst\u00e4ndig abgekackt ist, Robert &amp; Annalena zwar h\u00fcbsch, aber strohdoof sind und die CDU mehr oder weniger den Weg der SPD geht, ist der letzte Ausweg, an der Macht zu bleiben, der Weg zu<\/p>\n\n\n\n<h3 class=\"wp-block-heading\" style=\"text-align:center\">Heil Angela!<\/h3>\n\n\n\n<p>Innerhalb der CDU werden die entscheidenden Genossen wohl schon darauf vorbereitet, die Positionen von SS-Gruppenf\u00fchrern einzunehmen. Anders ist das schnelle Absterben jeglicher Opposition kaum verstehbar.<\/p>\n\n\n\n<p>Ich sorge schon mal vor und habe meinen Eingang im vorauseilenden Gehorsam mit Sowjet-Sternen geschm\u00fcckt. Sollte jeder machen.<\/p>\n\n\n\n<figure class=\"wp-block-image\"><img loading=\"lazy\" decoding=\"async\" width=\"1024\" height=\"302\" src=\"https:\/\/gilbertbrands.de\/blog\/wp-content\/uploads\/2019\/11\/IMG_20191129_080914-1024x302.jpg\" alt=\"\" class=\"wp-image-4051\" srcset=\"https:\/\/gilbertbrands.de\/blog\/wp-content\/uploads\/2019\/11\/IMG_20191129_080914-1024x302.jpg 1024w, https:\/\/gilbertbrands.de\/blog\/wp-content\/uploads\/2019\/11\/IMG_20191129_080914-300x88.jpg 300w, https:\/\/gilbertbrands.de\/blog\/wp-content\/uploads\/2019\/11\/IMG_20191129_080914-768x226.jpg 768w\" sizes=\"auto, (max-width: 1024px) 100vw, 1024px\" \/><figcaption>mde<\/figcaption><\/figure>\n\n\n\n<hr class=\"wp-block-separator\"\/>\n\n\n\n<p>Wer weitere Vorschl\u00e4ge hat, wie man sich mit dem System arrangieren kann, darf das <strong><a href=\"https:\/\/gilbertbrands.de\/phpBB3\/\">->hier<\/a><\/strong> kundtun.<\/p>\n","protected":false},"excerpt":{"rendered":"<p>Bislang haben ja nur verpeilte St\u00e4dte einen Klimanotstand ausgerufen. Was ja eigentlich Unfug ist, denn so etwas wie ein Notstandsrecht steht den Kommunen gar nicht zu. Trotzdem hat es nat\u00fcrlich in fast s\u00e4mtlichen St\u00e4dten zu gut dotierten P\u00f6stchen f\u00fcr verdiente Parteimitglieder und jeder Menge Behinderung f\u00fcr die B\u00fcrger bei allen m\u00f6glichen Sachen, die beh\u00f6rdlicher Zustimmung &hellip; <a href=\"https:\/\/gilbertbrands.de\/blog\/2019\/11\/30\/end-of-democracy\/\" class=\"more-link\"><span class=\"screen-reader-text\">End of Democracy<\/span> weiterlesen <span class=\"meta-nav\">&rarr;<\/span><\/a><\/p>\n","protected":false},"author":1,"featured_media":0,"comment_status":"closed","ping_status":"closed","sticky":false,"template":"","format":"standard","meta":{"footnotes":""},"categories":[12,6],"tags":[],"class_list":["post-4048","post","type-post","status-publish","format-standard","hentry","category-gesellschaft","category-politik"],"post_mailing_queue_ids":[],"_links":{"self":[{"href":"https:\/\/gilbertbrands.de\/blog\/wp-json\/wp\/v2\/posts\/4048","targetHints":{"allow":["GET"]}}],"collection":[{"href":"https:\/\/gilbertbrands.de\/blog\/wp-json\/wp\/v2\/posts"}],"about":[{"href":"https:\/\/gilbertbrands.de\/blog\/wp-json\/wp\/v2\/types\/post"}],"author":[{"embeddable":true,"href":"https:\/\/gilbertbrands.de\/blog\/wp-json\/wp\/v2\/users\/1"}],"replies":[{"embeddable":true,"href":"https:\/\/gilbertbrands.de\/blog\/wp-json\/wp\/v2\/comments?post=4048"}],"version-history":[{"count":3,"href":"https:\/\/gilbertbrands.de\/blog\/wp-json\/wp\/v2\/posts\/4048\/revisions"}],"predecessor-version":[{"id":4052,"href":"https:\/\/gilbertbrands.de\/blog\/wp-json\/wp\/v2\/posts\/4048\/revisions\/4052"}],"wp:attachment":[{"href":"https:\/\/gilbertbrands.de\/blog\/wp-json\/wp\/v2\/media?parent=4048"}],"wp:term":[{"taxonomy":"category","embeddable":true,"href":"https:\/\/gilbertbrands.de\/blog\/wp-json\/wp\/v2\/categories?post=4048"},{"taxonomy":"post_tag","embeddable":true,"href":"https:\/\/gilbertbrands.de\/blog\/wp-json\/wp\/v2\/tags?post=4048"}],"curies":[{"name":"wp","href":"https:\/\/api.w.org\/{rel}","templated":true}]}}