{"id":4045,"date":"2019-12-09T07:00:07","date_gmt":"2019-12-09T06:00:07","guid":{"rendered":"https:\/\/gilbertbrands.de\/blog\/?p=4045"},"modified":"2019-11-29T08:06:52","modified_gmt":"2019-11-29T07:06:52","slug":"nordkoreanische-zustaende","status":"publish","type":"post","link":"https:\/\/gilbertbrands.de\/blog\/2019\/12\/09\/nordkoreanische-zustaende\/","title":{"rendered":"Nordkoreanische Zust\u00e4nde"},"content":{"rendered":"\n<p>Aktuelle Ereignisse haben mich zu einem offenen Brief an NRW-Ministerpr\u00e4sident Laschet veranlasst.<\/p>\n\n\n\n<!--more-->\n\n\n\n<hr class=\"wp-block-separator\"\/>\n\n\n\n<p>Sehr geehrter Herr Laschet,<\/p>\n\n\n\n<p>heute erreichte mich folgende Nachricht eines Korrespondenzpartners:<\/p>\n\n\n\n<blockquote class=\"wp-block-quote is-layout-flow wp-block-quote-is-layout-flow\"><p>Ich hatte gerade eine Lehrerin in meiner Praxis, die mir folgendes erz\u00e4hlte:  \u00dcberall in der Schule h\u00e4ngen Plakate mit Fridays for Future. Morgen [29.11.19, die Redaktion] ist der gro\u00dfe Tag, wo die Sch\u00fcler wieder auf die Stra\u00dfe gehen, um zu demonstrieren, aber nicht allein, sondern mit ihren Lehrern zusammen. Diese Lehrerin hat mir auch gesagt, dass die Kolleginnen \u00fcberzeugt sind, dass ein Menschen gemachter Klimawandel existiert, der einen dringenden Handlungsbedarf erfordert. Sch\u00fcler, die sich weigern, an den Demonstrationen teilzunehmen, bekommen Fehlstunden angeschrieben. Das ist die Realit\u00e4t an der Schule und wahrscheinlich auch auf viele andere Schulen \u00fcbertragbar.<\/p><\/blockquote>\n\n\n\n<p>Sollte dies der Realit\u00e4t entsprechen, w\u00e4ren dies gleich eine ganze Handvoll von Verst\u00f6\u00dfen gegen die Schul- und Beamtengesetze, die in ihrer Schwere durchaus mit sofortiger Suspendierung der Bediensteten zu ahnden w\u00e4ren. Das w\u00e4ren geradezu nordkoreanische Zust\u00e4nde. Ich bitte um Ihre Stellungnahme und ggf. energisches Einschreiten.<\/p>\n\n\n\n<hr class=\"wp-block-separator\"\/>\n\n\n\n<p>Sollten weitere Sch\u00fclererfahrungen zu dieser Art der politischen Indoktrinierung vorliegen, kann das <a href=\"https:\/\/gilbertbrands.de\/phpBB3\/\">-&gt;hier<\/a> berichtet werden.<\/p>\n","protected":false},"excerpt":{"rendered":"<p>Aktuelle Ereignisse haben mich zu einem offenen Brief an NRW-Ministerpr\u00e4sident Laschet veranlasst. Download Artikel als PDF<\/p>\n","protected":false},"author":1,"featured_media":0,"comment_status":"closed","ping_status":"closed","sticky":false,"template":"","format":"standard","meta":{"footnotes":""},"categories":[7,12,8,13],"tags":[],"class_list":["post-4045","post","type-post","status-publish","format-standard","hentry","category-bildung","category-gesellschaft","category-massenpsychologie","category-recht"],"post_mailing_queue_ids":[],"_links":{"self":[{"href":"https:\/\/gilbertbrands.de\/blog\/wp-json\/wp\/v2\/posts\/4045","targetHints":{"allow":["GET"]}}],"collection":[{"href":"https:\/\/gilbertbrands.de\/blog\/wp-json\/wp\/v2\/posts"}],"about":[{"href":"https:\/\/gilbertbrands.de\/blog\/wp-json\/wp\/v2\/types\/post"}],"author":[{"embeddable":true,"href":"https:\/\/gilbertbrands.de\/blog\/wp-json\/wp\/v2\/users\/1"}],"replies":[{"embeddable":true,"href":"https:\/\/gilbertbrands.de\/blog\/wp-json\/wp\/v2\/comments?post=4045"}],"version-history":[{"count":2,"href":"https:\/\/gilbertbrands.de\/blog\/wp-json\/wp\/v2\/posts\/4045\/revisions"}],"predecessor-version":[{"id":4047,"href":"https:\/\/gilbertbrands.de\/blog\/wp-json\/wp\/v2\/posts\/4045\/revisions\/4047"}],"wp:attachment":[{"href":"https:\/\/gilbertbrands.de\/blog\/wp-json\/wp\/v2\/media?parent=4045"}],"wp:term":[{"taxonomy":"category","embeddable":true,"href":"https:\/\/gilbertbrands.de\/blog\/wp-json\/wp\/v2\/categories?post=4045"},{"taxonomy":"post_tag","embeddable":true,"href":"https:\/\/gilbertbrands.de\/blog\/wp-json\/wp\/v2\/tags?post=4045"}],"curies":[{"name":"wp","href":"https:\/\/api.w.org\/{rel}","templated":true}]}}