{"id":3991,"date":"2019-11-26T06:35:15","date_gmt":"2019-11-26T05:35:15","guid":{"rendered":"https:\/\/gilbertbrands.de\/blog\/?p=3991"},"modified":"2019-11-20T08:25:49","modified_gmt":"2019-11-20T07:25:49","slug":"wo-das-klima-herkommt","status":"publish","type":"post","link":"https:\/\/gilbertbrands.de\/blog\/2019\/11\/26\/wo-das-klima-herkommt\/","title":{"rendered":"Wo das Klima herkommt"},"content":{"rendered":"\n<h3 class=\"wp-block-heading\">Eiszeiten<\/h3>\n\n\n\n<!--more-->\n\n\n\n<p>Wir leben in einer Eiszeit. Kein Witz. Eine Eiszeit ist dadurch definiert, dass gr\u00f6\u00dfere zusammenh\u00e4ngende Fl\u00e4chen auf dem Festland durch Gletscher bedeckt sind. Derzeit sind das die Antarktis und Gr\u00f6nland. <\/p>\n\n\n\n<p>Das war im Verlauf der Erdgeschichte anscheinend nur selten der Fall. Dazu m\u00fcssen anscheinend die Kontinente die richtige Lage auf der Erdkugel einnehmen, die Meeresstr\u00f6mungen mitspielen und vermutlich auch noch ein paar andere Zutaten stimmen. Kann man dr\u00fcber spekulieren, bleibt aber nur Spekulation. F\u00fcr exakte Aussagen fehlen einfach die Messdaten.<\/p>\n\n\n\n<p>Festmachen kann man Eiszeiten an geologischen Merkmalen. Wenn etwa ein Gletscher ein Gebirge passend abhobelt. Was allerdings voraussetzt, dass bis zum Eintreffen des Geologen nicht der Rest des Gebirges durch andere Vorg\u00e4nge so abgehobelt wurde, dass der nichts Sicheres mehr feststellen kann. <\/p>\n\n\n\n<p>Keine Eiszeit bedeutet daher keineswegs kein Eis. Meereis kann man bekanntlich geologisch nicht so richtig feststellen und kleinfl\u00e4chige Vereisungen kann es in Hochgebirgen immer wieder mal gegeben haben. <\/p>\n\n\n\n<p>Im Moment passt allerdings anscheinend alles f\u00fcr eine Eiszeit. Wobei &#8222;im Moment&#8220; im Zeitma\u00dfstab der Erde ein paar Millionen Jahre bedeutet. Also eine Zeit au\u00dferhalb der menschlichen Erfahrungswerte.<\/p>\n\n\n\n<h3 class=\"wp-block-heading\">Kalt- und Warmzeiten<\/h3>\n\n\n\n<p>Wie ebenfalls durch geologische Befunde bekannt ist, unterteilt sich die derzeitige Eiszeit in Kalt- und Warmzeiten. Was aber nur bedingt etwas mit der Temperatur zu tun hat. Eigentlich geht es eher darum, dass sich die Gr\u00f6\u00dfe der vereisten Fl\u00e4che relativ schnell um gr\u00f6\u00dfere Betr\u00e4ge \u00e4ndert. Wobei &#8222;relativ schnell&#8220; immer noch sehr langer Abschnitte der dokumentierten Geschichte der Menschheit entspricht. Vor etwas mehr als 10.000 Jahren war Mitteleuropa fast noch komplett vereist, jetzt reicht es nur noch im Winter zum Schlittschuhfahren.<\/p>\n\n\n\n<p>Die verschiedenen Phasen lassen sich mit den so genannten <a href=\"https:\/\/de.wikipedia.org\/wiki\/Milankovi%C4%87-Zyklen\">Milankovic-Zyklen<\/a> verbinden. Die Erde kreist n\u00e4mlich nicht auf einer gut definierten Bahn um die Sonne, sondern eiert und torkelt in einem Ma\u00df vor sich hin, dass eine interstellare Polizeistreife die Erde nicht nur ins R\u00f6hrchen blasen lassen sondern sie auch auf die Wache zu einer Blutprobe mitnehmen w\u00fcrde. Die Zyklen lassen sich recht gut berechnen (wer sich selbst mal mit den Rechentechniken besch\u00e4ftigen will, kann das <a href=\"https:\/\/www.amazon.de\/Parallele-Programmierung-Gilbert-Brands\/dp\/1505819989\/\">hier<\/a>), und dabei zeigt sich, dass die Zeiten, in denen die Polkappen mal mehr mal weniger Strahlung abbekommen, recht gut mit den Kalt- und Warmzeiten korrelieren. <\/p>\n\n\n\n<p>Im Detail zeigt sich nat\u00fcrlich auch hier wieder, dass die Sache so ganz einfach nicht ist. Damit es zur Vereisung kommt, m\u00fcssen ein paar verst\u00e4rkende Faktoren hinzu kommen, d.h. es muss eine R\u00fcckkopplung geben. Was diese Faktoren sind? Wer ehrlich ist, muss sagen &#8222;Keine Ahnung&#8220;. Man kann beliebig spekulieren, aber es bleiben alles Spekulationen, weil eben auch wieder genauere Messdaten fehlen. Aber eine Sache l\u00e4sst sich mit Sicherheit sagen: die R\u00fcckkopplung ist reversibel, d.h. wenn die Strahlungsverh\u00e4ltnisse sich \u00e4ndern, \u00e4ndert sich auch wieder der Bedeckungsgrad mit Eis. <\/p>\n\n\n\n<p>Um einmal die konkreten Probleme zu verdeutlichen: man kann dar\u00fcber spekulieren, ob der Zusammenbruch bestimmter Meeresstr\u00f6mungen zur Vereisung f\u00fchrt. Wenn man ein solches Modell konstruiert, muss es aber auch Mechanismen enthalten, die die Str\u00f6mungen wieder in Gang setzen. Und da liegt halt ein Problem.<\/p>\n\n\n\n<p>Im Moment leben wir in einer Warmzeit, die seit ca. 10.000 Jahren anh\u00e4lt. Das ist in etwa das doppelte der relativ gut dokumentierten Geschichte der Menschheit, also immer noch eine recht lange Zeit.<\/p>\n\n\n\n<h3 class=\"wp-block-heading\">Klimaperioden und die Sonne<\/h3>\n\n\n\n<p>Von Klimaperioden im engeren Sinn k\u00f6nnen wir eigentlich nur in den letzten 10.000 Jahren sprechen, weil das mit der Entwicklung der menschlichen Zivilisation zusammen f\u00e4llt. Zwar haben in der letzten Kaltzeit auch schon Menschen gelebt, aber au\u00dfer dass die in H\u00f6hlen Feuer angemacht haben wei\u00df man eigentlich herzlich wenig dar\u00fcber. Die Warmzeiten sind allerdings auch nicht homogen. Selbst da wechseln sich gute mit schlechten Zeiten ab, die die menschliche Gesellschaft direkt erfahren und dokumentieren kann. Diesen Wechseln bezeichnet man als Klimaperioden, und wenn es um Klima\u00e4nderungen geht, dann stets um solche kleineren \u00c4nderungen. Selbst die Klimahysteriker streiten nicht ab, dass einem in ein paar 10.000 Jahren hier wieder der Arsch abfriert und sich Gletscher vorschieben werden. <\/p>\n\n\n\n<p>Bl\u00f6d an der Sache ist, dass genaue Messwerte nur f\u00fcr etwas mehr als 100 Jahre zur Verf\u00fcgung stehen. Damit kann man im Rahmen der Zeiten, in denen die Erde denkt, nichts anfangen. Man muss sich also nach anderen Kriterien umsehen, an denen man die Perioden festmachen kann.<\/p>\n\n\n\n<p>Messdaten, die seit etwa 500 Jahren zur Verf\u00fcgung stehen, betreffen die Sonnenaktivit\u00e4t. Seit der Erfindung der Teleskope ist die Astronomie n\u00e4mlich in der Lage, die <a href=\"https:\/\/de.wikipedia.org\/wiki\/Sonnenfleck\">Sonnenflecken<\/a> auszuz\u00e4hlen. Wenn man die Zeitreihe genauer analysiert, stellt man fest, dass 3 Zyklen dort am Werk sind, die zusammen zu wechselnder Sonnenaktivit\u00e4t f\u00fchren.<\/p>\n\n\n\n<p>Messdaten, die seit mehreren 1000 Jahren zur Verf\u00fcgung stehen, sind Aufzeichnungen, wie angenehm oder unangenehm die klimatische Lage in bestimmen Gegenden war. Wie die Milankovic-Zyklen kann man auch die Sonnenfleckenzyklen auf die Gesamtzeit zur\u00fcck rechnen und die Daten \u00fcbereinander legen. Und siehe da: auch hier zeigt sich eine starke Korrelation &#8222;angenehmer&#8220; Zeiten mit hoher Sonnenaktivit\u00e4t, d.h. vielen Sonnenflecken. <\/p>\n\n\n\n<p>Das ist ein rein qualitativer Zusammenhang, denn an exakten Messdaten kann man &#8222;angenehme&#8220; und &#8222;unangenehme&#8220; Zeiten schlecht festmachen, aber er l\u00e4sst sich nicht weg diskutieren. Derzeit ist eine Periode geringer Sonnenaktivit\u00e4t, was nach den bisherigen Erfahrungen zu &#8222;unangenehmen&#8220; Zeiten von etwa 2030 bis 2070 f\u00fchren sollte. Inzwischen wird das selbst <a href=\"https:\/\/www.novo-argumente.com\/artikel\/print_novo103_48\">von den Klimahysterikern nicht mehr ignoriert<\/a>. Lediglich die Politik schaltet die Ohren auf Durchzug, verfolgt also anscheinend ganz andere Ziele.<\/p>\n\n\n\n<p>Halten wir als Erkenntnis erst einmal fest: das Klima als Folge angenehmerer und unangenehmerer Zeitabschnitte ist unmittelbar mit der Sonnenaktivit\u00e4t verkn\u00fcpft. Wie die Verkn\u00fcpfung aussieht, dar\u00fcber kann allerdings wieder spekuliert werden. Man wei\u00df schlicht nichts Sicheres, weshalb die Aussage auch qualitativ bleibt.<\/p>\n\n\n\n<h3 class=\"wp-block-heading\">Und das CO2 ?<\/h3>\n\n\n\n<p>Die &#8222;exakte&#8220; Wissenschaft m\u00f6chte nat\u00fcrlich rechnen und hat sich als Rechenparameter die Kohlendioxidkonzentration ausgesucht. Die soll noch nie so hoch gewesen sein wie heute, weshalb alle historischen Sachen heute nicht stimmen.<\/p>\n\n\n\n<p>Die historischen Konzentrationen sollen immer &lt; 300 ppm geblieben sein (heute > 400 ppm) und die Temperatur soll einer Erh\u00f6hung der CO2-Konzentration um 600-800 Jahre voraus geeilt sein. So die offizielle Version. Etwa die H\u00e4lfte des CO2, dass der Mensch durch Verbrennung fossiler Brennstoffe produziert, soll in der Atmosph\u00e4re bleiben. Der Streit geht um die Klimasensitivit\u00e4t, d.h. die Auswirkung, die eine Erh\u00f6hung der CO2-Konzentration hat, und die ist nach Modellrechnungen katastrophal. Die Probleme fangen aber bereits hier an: wenn die Klimasensitivit\u00e4t zu hoch angesetzt wird (was man muss, um Panik zu verbreiten), klappt bereits das Absacken nach dem Ende einer Warmzeit bei 300 ppm nicht mehr so richtig und man muss ziemlich dubiose Mechanismen zu Hilfe ziehen, damit die Historie doch irgendwie noch stimmt.<\/p>\n\n\n\n<p>Inzwischen kann man aber die 300 ppm stark anzweifeln. Die Messungen an antarktischen Gletschern sind systematisch falsch (n\u00e4mlich wesentlich zu niedrig) und andere Messverfahren liefern Wert knapp unter 400 ppm sowie Verz\u00f6gerungen von 100-200 Jahren. Vergleicht man die Wirkungen der heutigen 400 ppm auf die Biosph\u00e4re mit der Biosph\u00e4re aus Berichten zu &#8222;angenehmen&#8220; historischen Zeiten, spricht alles daf\u00fcr, dass auch damals die Konzentration in der N\u00e4he der heutigen gelegen haben muss. Auch die Verz\u00f6gerung von etwa 200 Jahren passt deutlich besser als die 600 Jahre zuvor, ging doch die letzte &#8222;unangenehme&#8220; Zeit vor etwa 200 Jahren zu Ende, was sich jetzt auswirken sollte.<\/p>\n\n\n\n<p>Bringen wir das auf den Punkt: die CO2-Klimamodelle setzen CO2-Konzentrationen voraus, die bekannterma\u00dfen systematisch falsch sind, und f\u00fchren zu wackeligen Aussagen \u00fcber den menschlichen Einfluss und die Klimasensitivit\u00e4t. Mutma\u00dflich korrekte Messungen und Sch\u00e4tzungen ergeben aber wieder ein insgesamt stimmiges Bild der Klima\u00e4nderungen aufgrund schwankender Sonnenaktivit\u00e4t. Der Einfluss des Menschen ist sicher vorhanden, wird aber stark \u00fcberbewertet, CO2 ist sicher eine Gr\u00f6\u00dfe im R\u00fcckkopplungsgeschehen, ist aber nicht so einflu\u00dfreich, dass die Effekte nicht reversibel sind. Letzten Ende f\u00fchrt das dazu, dass die Klimasensitivit\u00e4t, heute Ausgangspunkt der gesamten Klimahysterie, zu einem akademischen Thema untergeordneter Bedeutung wird.<\/p>\n\n\n\n<h3 class=\"wp-block-heading\">Temperatur<\/h3>\n\n\n\n<p>Wenn CO2 als Messgr\u00f6\u00dfe verwendet wird, muss auch eine berechnete Gr\u00f6\u00dfe zur Verf\u00fcgung stehen, und das ist die &#8222;globale Temperatur&#8220;. Eine globale Temperatur existiert aber gar nicht. Nat\u00fcrlich war es zu Zeiten der Vergletscherung hier im Durchschnitt k\u00e4lter, aber eben hier. Und sonst?<\/p>\n\n\n\n<p>Die Biosph\u00e4re ist auf Temperaturen bis etwas \u00fcber 40\u00b0C ausgelegt. Abgesehen von einigen Archaebakterien, die sich erst bei 80\u00b0C oder mehr so richtig wohl f\u00fchlen, geht alles bei h\u00f6heren Temperaturen kaputt. Man kann davon ausgehen, dass die Natur bereits da ein paar Sicherheitsreserven eingebaut hat, und wenn man davon ausgeht, dass eine x\u00b0C h\u00f6here (Durchschnitts)temperatur global ist, bekommt man Probleme mit der trotzdem existierenden Biosph\u00e4re, die einfach nicht aussterben will. <\/p>\n\n\n\n<p>Und selbst durch Durchschnittstemperatur bringt ein paar Probleme mit sich. Auch in Deutschland ist in den letzten 100 Jahren im Sommer immer wieder mal die 40\u00b0C-Marke geknackt worden, w\u00e4hrend im Winter das Thermometer am K\u00f6nigssee bei Berchtesgaden \u00f6fter mal die -60\u00b0C-Marke tunnelt. Man kann durchaus mit dem Fahrrad zu Orten fahren, an denen zwischen Min und Max 100\u00b0C liegen und muss dazu nicht in einem Flieger zu weit entfernten Zielen steigen. <\/p>\n\n\n\n<p>Crux der Sache: die Klimaleute berechnen ein paar Zehntel Grad Ver\u00e4nderungen der globalen Temperatur aufgrund von Strahlungsbilanzen, aber was sagt das im Detail? Nichts! Alles, was heute an Katastrophenszenarien aufgelegt wird, ist Spekulation. Man wei\u00df, dass &#8222;global&#8220; nicht existiert und produziert, um den Begriff zu retten, lokale Katastrophen.<\/p>\n\n\n\n<hr class=\"wp-block-separator\"\/>\n\n\n\n<p>Die heutige Klimahysterie ist Betrug und die so genannten Wissenschaftler versuchen, zur\u00fcck zu rudern. Das ist nicht so ganz einfach, denn der Maulkorb, den sie anderen angelegt haben, schl\u00e4gt nun auf sie selbst zur\u00fcck, denn auch sie werden nun gehindert, ihren Meinungsumschwung Kund zu tun. Weil l\u00e4ngst ganz andere Leute das Ruder \u00fcbernommen haben und kr\u00e4ftig Geld damit verdienen. <\/p>\n\n\n\n<p>Verschw\u00f6rungstheorie? Wo sind die Beweise? Die Themen wurden hier im Blog schon gen\u00fcgend umgew\u00e4lzt, und wer nach Details sucht, soll bitte hier und im Internet danach suchen. F\u00fcndig wird mal allemal. Bis auf die \u00fcblichen Verbohrten, die nach Beweisen schreien, aber selbst zu faul sind zum suchen und auch irgendwelche Links als Propaganda abtun.<\/p>\n","protected":false},"excerpt":{"rendered":"<p>Eiszeiten Download Artikel als PDF<\/p>\n","protected":false},"author":1,"featured_media":0,"comment_status":"closed","ping_status":"closed","sticky":false,"template":"","format":"standard","meta":{"footnotes":""},"categories":[7,18,19],"tags":[],"class_list":["post-3991","post","type-post","status-publish","format-standard","hentry","category-bildung","category-klima","category-wissenschaft"],"post_mailing_queue_ids":[],"_links":{"self":[{"href":"https:\/\/gilbertbrands.de\/blog\/wp-json\/wp\/v2\/posts\/3991","targetHints":{"allow":["GET"]}}],"collection":[{"href":"https:\/\/gilbertbrands.de\/blog\/wp-json\/wp\/v2\/posts"}],"about":[{"href":"https:\/\/gilbertbrands.de\/blog\/wp-json\/wp\/v2\/types\/post"}],"author":[{"embeddable":true,"href":"https:\/\/gilbertbrands.de\/blog\/wp-json\/wp\/v2\/users\/1"}],"replies":[{"embeddable":true,"href":"https:\/\/gilbertbrands.de\/blog\/wp-json\/wp\/v2\/comments?post=3991"}],"version-history":[{"count":2,"href":"https:\/\/gilbertbrands.de\/blog\/wp-json\/wp\/v2\/posts\/3991\/revisions"}],"predecessor-version":[{"id":3993,"href":"https:\/\/gilbertbrands.de\/blog\/wp-json\/wp\/v2\/posts\/3991\/revisions\/3993"}],"wp:attachment":[{"href":"https:\/\/gilbertbrands.de\/blog\/wp-json\/wp\/v2\/media?parent=3991"}],"wp:term":[{"taxonomy":"category","embeddable":true,"href":"https:\/\/gilbertbrands.de\/blog\/wp-json\/wp\/v2\/categories?post=3991"},{"taxonomy":"post_tag","embeddable":true,"href":"https:\/\/gilbertbrands.de\/blog\/wp-json\/wp\/v2\/tags?post=3991"}],"curies":[{"name":"wp","href":"https:\/\/api.w.org\/{rel}","templated":true}]}}