{"id":3889,"date":"2019-11-09T07:19:35","date_gmt":"2019-11-09T06:19:35","guid":{"rendered":"https:\/\/gilbertbrands.de\/blog\/?p=3889"},"modified":"2019-11-06T18:19:48","modified_gmt":"2019-11-06T17:19:48","slug":"klima-und-der-sonnebrand","status":"publish","type":"post","link":"https:\/\/gilbertbrands.de\/blog\/2019\/11\/09\/klima-und-der-sonnebrand\/","title":{"rendered":"Klima und der Sonnenbrand"},"content":{"rendered":"\n<p>Die Energie zur Erw\u00e4rmung der Erde kommt von der Sonne. Kein Widerspruch? Nein, kein Widerspruch. Die Energiemenge wird von der Solarkonstanten beschrieben, und die Solarkonstante ist eine konstante Konstante, die konstant \u00fcber alle Zeiten hinweg konstant ist und deshalb eine absolut konstante Konstante ist. Meint wenigstens dieser Scharlatan:<\/p>\n\n\n\n<!--more-->\n\n\n\n<figure class=\"wp-block-embed-youtube wp-block-embed is-type-video is-provider-youtube wp-embed-aspect-16-9 wp-has-aspect-ratio\"><div class=\"wp-block-embed__wrapper\">\n<iframe loading=\"lazy\" title=\"Ist die Sonne schuld am Klimawandel? | Harald Lesch\" width=\"604\" height=\"340\" src=\"https:\/\/www.youtube.com\/embed\/iyUwUZOFxgE?feature=oembed\" frameborder=\"0\" allow=\"accelerometer; autoplay; clipboard-write; encrypted-media; gyroscope; picture-in-picture; web-share\" referrerpolicy=\"strict-origin-when-cross-origin\" allowfullscreen><\/iframe>\n<\/div><\/figure>\n\n\n\n<p>Nun ja, er ist Astrophysiker, also muss er zumindest den Umfang seiner Schwindelei kennen. <\/p>\n\n\n\n<p>Wie bei allen anderen Daten liegen Messwerte nur f\u00fcr einen kurzen Zeitraum vor. Die Solarkonstante kann man nur mit Satelliten genau messen, wenn die Einfl\u00fcsse der Atmosph\u00e4re ausgeblendet werden. Vor der Satellitenzeit ist man auf indirekte Daten angewiesen. Und hier kommt wieder die 0,3%-Geschichte ins Spiel. Wie genau sind solche Daten?<\/p>\n\n\n\n<p>Daten, die man genau messen kann, sind Sonnenflecken. Die Sonne hat n\u00e4mlich manchmal Akne<\/p>\n\n\n\n<figure class=\"wp-block-image\"><img decoding=\"async\" src=\"https:\/\/www.mpg.de\/11642342\/original-1508158720.jpg?t=eyJ3aWR0aCI6MTQwMCwib2JqX2lkIjoxMTY0MjM0Mn0=--5ee232905f693e3052d5c27768473a7e48b23efa\" alt=\"\"\/><figcaption>Sonnenflecken: 2001 vs. 2009  (NASA)<\/figcaption><\/figure>\n\n\n\n<p>Zus\u00e4tzlich macht die Sonne noch so was und ist auch sonst recht dynamisch:<\/p>\n\n\n\n<figure class=\"wp-block-image\"><img decoding=\"async\" src=\"https:\/\/upload.wikimedia.org\/wikipedia\/commons\/f\/fe\/Mass_eject.png\" alt=\"https:\/\/upload.wikimedia.org\/wikipedia\/commons\/f\/fe\/Mass_eject.png\"\/><figcaption>(NASA, public domain)<\/figcaption><\/figure>\n\n\n\n<p>Sonnenflecken kann man ganz gut z\u00e4hlen. Und da die Sonne seit dem Altertum in vielen Religionen Sitz der h\u00f6chsten Gottheiten war, hat man das auch seit etwa 1500 nach Erfindung der Fernrohre gemacht. Hier die Ergebnisse<\/p>\n\n\n\n<figure class=\"wp-block-image\"><img loading=\"lazy\" decoding=\"async\" width=\"1000\" height=\"600\" src=\"https:\/\/gilbertbrands.de\/blog\/wp-content\/uploads\/2019\/11\/wolfjmms.png\" alt=\"\" class=\"wp-image-3891\" srcset=\"https:\/\/gilbertbrands.de\/blog\/wp-content\/uploads\/2019\/11\/wolfjmms.png 1000w, https:\/\/gilbertbrands.de\/blog\/wp-content\/uploads\/2019\/11\/wolfjmms-300x180.png 300w, https:\/\/gilbertbrands.de\/blog\/wp-content\/uploads\/2019\/11\/wolfjmms-768x461.png 768w\" sizes=\"auto, (max-width: 1000px) 100vw, 1000px\" \/><\/figure>\n\n\n\n<figure class=\"wp-block-image\"><img loading=\"lazy\" decoding=\"async\" width=\"1000\" height=\"600\" src=\"https:\/\/gilbertbrands.de\/blog\/wp-content\/uploads\/2019\/11\/wolfmms.png\" alt=\"\" class=\"wp-image-3892\" srcset=\"https:\/\/gilbertbrands.de\/blog\/wp-content\/uploads\/2019\/11\/wolfmms.png 1000w, https:\/\/gilbertbrands.de\/blog\/wp-content\/uploads\/2019\/11\/wolfmms-300x180.png 300w, https:\/\/gilbertbrands.de\/blog\/wp-content\/uploads\/2019\/11\/wolfmms-768x461.png 768w\" sizes=\"auto, (max-width: 1000px) 100vw, 1000px\" \/><\/figure>\n\n\n\n<figure class=\"wp-block-image\"><img loading=\"lazy\" decoding=\"async\" width=\"1024\" height=\"512\" src=\"https:\/\/gilbertbrands.de\/blog\/wp-content\/uploads\/2019\/11\/wolfaml2-1024x512.png\" alt=\"\" class=\"wp-image-3893\" srcset=\"https:\/\/gilbertbrands.de\/blog\/wp-content\/uploads\/2019\/11\/wolfaml2-1024x512.png 1024w, https:\/\/gilbertbrands.de\/blog\/wp-content\/uploads\/2019\/11\/wolfaml2-300x150.png 300w, https:\/\/gilbertbrands.de\/blog\/wp-content\/uploads\/2019\/11\/wolfaml2-768x384.png 768w, https:\/\/gilbertbrands.de\/blog\/wp-content\/uploads\/2019\/11\/wolfaml2.png 1100w\" sizes=\"auto, (max-width: 1024px) 100vw, 1024px\" \/><\/figure>\n\n\n\n<p>Selbst einem recht oberfl\u00e4chlichen Betrachter d\u00fcrfte auffallen, dass die Zahl nicht nur stark schwankt, sondern auch Zyklen dahinter stecken. Wenn schon sichtbare \u00c4nderungen da sind, sollte wohl auch die Solarkonstante vielleicht nicht ganz so konstant sein. Kurzfristig zeigen hochaufgel\u00f6ste Scans folgendes Bild:<\/p>\n\n\n\n<figure class=\"wp-block-image\"><img decoding=\"async\" src=\"http:\/\/lasp.colorado.edu\/data\/sorce\/total_solar_irradiance_plots\/tim_level3_tsi_24hour_3month_640x480.png\" alt=\"http:\/\/lasp.colorado.edu\/data\/sorce\/total_solar_irradiance_plots\/tim_level3_tsi_24hour_3month_640x480.png\"\/><\/figure>\n\n\n\n<p>Langfristig l\u00e4sst sich Folgendes rekonstruieren:<\/p>\n\n\n\n<figure class=\"wp-block-image\"><img decoding=\"async\" src=\"http:\/\/lasp.colorado.edu\/home\/sorce\/files\/2011\/09\/TIM_TSI_Reconstruction-1.png\" alt=\"http:\/\/lasp.colorado.edu\/home\/sorce\/files\/2011\/09\/TIM_TSI_Reconstruction-1.png\"\/><\/figure>\n\n\n\n<p>Wer es ausf\u00fchrlicher m\u00f6chte, kann sich auch auf <a href=\"https:\/\/spot.colorado.edu\/~koppg\/TSI\/\">https:\/\/spot.colorado.edu\/~koppg\/TSI\/<\/a> informieren. Die Solarkonstante ist damit gar nicht so konstant, wie Lesch behauptet, wenn auch die Schwankungen relativ klein sind im Verh\u00e4ltnis zu den Temperaturschwankungen, von denen die Klimamodelle ausgehen. Trotzdem ist die Parallele der Sonnenfleckenaktivit\u00e4t und der so genannten Temperaturanomalien so zwingend, dass der Einfluss auf das Klima kaum zu leugnen ist.<\/p>\n\n\n\n<p>Die Schwankungen der Sonnenfleckenaktivit\u00e4t lassen sich mathematisch analysieren. Anscheinend greifen mindestens 6 Zyklen mit Zeitkonstanten zwischen 10 und 1500 Jahren ineinander. Schaut man in die Vergangenheit, so l\u00e4sst sich die so genannte &#8222;kleine Eiszeit&#8220;, also die Klimaverschlechterung nach dem Mittelalter, in der Aktivit\u00e4tskurve ablesen.<\/p>\n\n\n\n<figure class=\"wp-block-image\"><img decoding=\"async\" src=\"http:\/\/lv-twk.oekosys.tu-berlin.de\/project\/lv-twk\/images\/jpgs\/002-Solanki-Nature.jpg\" alt=\"\"\/><\/figure>\n\n\n\n<p>Leider halt nur bis etwa 1600. Davor muss man wieder auf andere Daten zur\u00fcckgreifen. Dazu bieten sich Isotopenmessungen an (siehe Bild). Um zu verstehen, wie das zustande kommt, muss man wissen, was Sonneflecken eigentlich sind.<\/p>\n\n\n\n<p>Sonnenflecken sind auf magnetische Anomalien zur\u00fcckzuf\u00fchren. Magnetfelder durchbrechen die eigentliche Sonnenatmosph\u00e4re und erstrecken sich in den Weltraum.<\/p>\n\n\n\n<figure class=\"wp-block-image\"><img decoding=\"async\" src=\"https:\/\/upload.wikimedia.org\/wikipedia\/commons\/thumb\/1\/15\/Sunspot_diagram.svg\/858px-Sunspot_diagram.svg.png\" alt=\"https:\/\/upload.wikimedia.org\/wikipedia\/commons\/thumb\/1\/15\/Sunspot_diagram.svg\/858px-Sunspot_diagram.svg.png\"\/><figcaption>wikipdia<\/figcaption><\/figure>\n\n\n\n<p>Dadurch sind sie k\u00fchler, was die Schwarzf\u00e4rbung erkl\u00e4rt, sto\u00dfen aber gleichzeitig Materie aus, den so genannten Sonnenwind. W\u00e4hrend das Licht von der Sonne ca. 8 Minuten bis zur Erde braucht, braucht der Sonnenwind erheblich l\u00e4nger, was eine gen\u00fcgende Vorwarnzeit bei gro\u00dfen Flares ergibt, um die Stromnetze herunter zu fahren, da die Wirkung etwa die eines EMP ist &#8211; aber das ist ein anderes Thema.<\/p>\n\n\n\n<p>Der Sonnenwind geh\u00f6rt zur energieschw\u00e4cheren kosmischen Strahlung und macht im wesentlichen zwei Dinge: er f\u00fchrt zur \u00c4nderung der Isotopenbildung in der oberen Atmosph\u00e4re, was die obigen Messungen erm\u00f6glicht. Und er &#8222;bl\u00e4st&#8220; gewisserma\u00dfen die h\u00f6herenergetische kosmische Strahlung aus dem Sonnensystem. Mit dabei das Magnetfeld der Sonne sowie das Magnetfeld der Erde, die beide miteinander verkoppelt zu sein scheinen. Derzeit nehmen beide ab: die Erde steht vor einer Umpolung und der Sonnen bl\u00fcht anscheinend \u00c4hnliches. So ganz ist man sich \u00fcber die Details nicht einige, zum Beispiel wie schnell das geht: manche bef\u00fcrchten Jahrhunderte, nach geologischen Befunden k\u00f6nnte <a href=\"https:\/\/weather.com\/de-DE\/wissen\/klima\/news\/polumkehr-im-gange-wie-der-nordpol-allmahlich-zum-sudpol-wird\">das aber auch in einem Monat passieren<\/a>. Nix genaues wei\u00df man also wieder mal nicht.<\/p>\n\n\n\n<p>Derzeit l\u00e4uft der Sonnenfleckenzyklus zusammen mit den Magnetfeld\u00e4nderungen \u00fcbrigens auf ein historisches Minimum zu. Salopp ausgedr\u00fcckt steht der Erde in den n\u00e4chsten 30 Jahren eine Kaltzeit bevor &#8211; im Gegensatz zu den Behauptungen der IPCC-Leute, die eine Erw\u00e4rmung voraussagen. In ein paar Jahren werden wir es wissen.<\/p>\n\n\n\n<p>Die Frage, die sich stellt: wie ver\u00e4ndern diese kleinen Schwankungen in der Solarkonstante denn das Klima zwischen Warm- und Kaltzeit? Modellvorstellungen gibt es dazu:<\/p>\n\n\n\n<figure class=\"wp-block-image\"><img loading=\"lazy\" decoding=\"async\" width=\"1024\" height=\"768\" src=\"https:\/\/gilbertbrands.de\/blog\/wp-content\/uploads\/2019\/11\/grafik-10-1024x768.png\" alt=\"\" class=\"wp-image-3894\" srcset=\"https:\/\/gilbertbrands.de\/blog\/wp-content\/uploads\/2019\/11\/grafik-10.png 1024w, https:\/\/gilbertbrands.de\/blog\/wp-content\/uploads\/2019\/11\/grafik-10-300x225.png 300w, https:\/\/gilbertbrands.de\/blog\/wp-content\/uploads\/2019\/11\/grafik-10-768x576.png 768w\" sizes=\"auto, (max-width: 1024px) 100vw, 1024px\" \/><figcaption>Nebelkammer, Spuren radioaktiver Strahlung (Creatv Commons Lizenz)<\/figcaption><\/figure>\n\n\n\n<p>In der experimentellen Physik werden Elementarteilchen in Nebelkammern sichtbar gemacht. Diese enthalten eine mit Wasserdampf \u00fcbers\u00e4ttigte Atmosph\u00e4re. Ohne Kondensationskeime kann Wasser n\u00e4mlich nicht so ohne weiteres kondensieren. Dazu sind \u00dcbers\u00e4ttigungen von mehreren 100% notwendig. Wie die Aufnahme zeigt, sind hochenergetische Elementarteilchen solche Kondensationskeime. Fehlt der Sonnenwind, trifft mehr hochenergetische kosmische Strahlung die Erde und f\u00fchrt zu mehr Wolken und damit zu einen geringeren Temperatur. Dazu gibt es inzwischen Modelle und Untersuchungen, die vom IPCC nat\u00fcrlich vehement bek\u00e4mpft werden.<\/p>\n\n\n\n<div class=\"wp-block-file\"><a href=\"https:\/\/gilbertbrands.de\/blog\/wp-content\/uploads\/2019\/11\/clouds.pdf\">Wolken und kosmische Strahlung<\/a><a href=\"https:\/\/gilbertbrands.de\/blog\/wp-content\/uploads\/2019\/11\/clouds.pdf\" class=\"wp-block-file__button\" download>Herunterladen<\/a><\/div>\n\n\n\n<p>Nicht in die Betrachtung aufzunehmen braucht man die Erdbahnparameter. Die Erde eiert n\u00e4mlich ziemlich um die Sonne, was dazu f\u00fchrt, dass die Pole mal mehr mal weniger Energie abbekommen und Unterschiede zwischen der Nord- und der S\u00fcdhalbkugel entstehen.<\/p>\n\n\n\n<figure class=\"wp-block-image\"><img decoding=\"async\" src=\"https:\/\/upload.wikimedia.org\/wikipedia\/commons\/7\/7e\/Milankovitch_Variations.png\" alt=\"File:Milankovitch Variations.png\"\/><\/figure>\n\n\n\n<p>Diese Variationen scheinen f\u00fcr die gr\u00f6\u00dferen Eis- und Warmzeiten verantwortlich zu sein, doch sind die Zeitkonstanten zu gro\u00df, um im Zeitrahmen der derzeitigen Diskussion viel bewirken zu k\u00f6nnen.<\/p>\n\n\n\n<hr class=\"wp-block-separator\"\/>\n\n\n\n<p>Halten wir abschlie\u00dfend die paradoxe Situation, die sich daraus ergibt, fest:<\/p>\n\n\n\n<ol class=\"wp-block-list\"><li>Das IPCC legt ein quantitatives Modell des Klimas vor, dass ausschlie\u00dflich den CO2-Einfluss ber\u00fccksichtigt und zwangsweise alle anderen Effekte mehr oder weniger als Konstante ansehen muss.<\/li><li>Andere Forscher legen qualitative Modelle vor, die belegen, dass andere Effekte eben nicht konstant sind und einen Einfluss auf das Klima haben. Berechnen k\u00f6nnen sie das nicht, was sie offen zugeben.<\/li><li>Das IPCC lehnt diese qualitativen Modelle als pure unbewiesene Spekulation ab, weil ja nur Analogien aufgezeigt werden, die eigentlich noch nichts beweisen. <\/li><li>Die breite Masse wird durch intensive Propaganda dazu gebracht, den quantitativen Modellen zu folgen und den qualitativen Modellen kein Beachtung zu schenken. <\/li><li>Um den Kreis zu schlie\u00dfen, kommt ein Herr Lesch und schlie\u00dft sein Lehrvideo mit der Aufforderung, man solle an die IPCC-Modelle glauben, weil die doch qualitativ hervorragend passende Analogien zwischen Kurven erg\u00e4ben.<\/li><\/ol>\n\n\n\n<p>Die gleiche Begr\u00fcndung, die vom IPCC benutzt wird, um andere Modelle als haltlose Fantasie zu bezeichnen, muss dazu herhalten, den Wahrheitsgehalt der IPCC-Modelle zu beweisen. Geht es eigentlich noch irrer?<\/p>\n\n\n\n<p>Zumindest h\u00e4lt das ganze Propaganda-Geb\u00e4ude schon l\u00e4nger durch:<\/p>\n\n\n\n<div class=\"wp-block-file\"><a href=\"https:\/\/gilbertbrands.de\/blog\/wp-content\/uploads\/2019\/11\/zjmar07.pdf\">CO 2 : The Greatest Scientific<br> Scandal of Our Time<\/a><a href=\"https:\/\/gilbertbrands.de\/blog\/wp-content\/uploads\/2019\/11\/zjmar07.pdf\" class=\"wp-block-file__button\" download>Herunterladen<\/a><\/div>\n\n\n\n<p>Ich zitiere die f\u00fchrenden Irre mal:<\/p>\n\n\n\n<blockquote class=\"wp-block-quote is-layout-flow wp-block-quote-is-layout-flow\"><p>\u201cWe may get to the point where  the only way of saving the world will be for industrial  civilization to collapse.\u201d<\/p><p>&#8230; an be implemented by deliberate &#8222;quest of poverty . . . reduced resource consumption  . . . and set levels of mortality control<\/p><\/blockquote>\n\n\n\n<p>Die Interpretation \u00fcberlasse ich jedem selbst.<\/p>\n","protected":false},"excerpt":{"rendered":"<p>Die Energie zur Erw\u00e4rmung der Erde kommt von der Sonne. Kein Widerspruch? Nein, kein Widerspruch. Die Energiemenge wird von der Solarkonstanten beschrieben, und die Solarkonstante ist eine konstante Konstante, die konstant \u00fcber alle Zeiten hinweg konstant ist und deshalb eine absolut konstante Konstante ist. Meint wenigstens dieser Scharlatan: Download Artikel als PDF<\/p>\n","protected":false},"author":1,"featured_media":0,"comment_status":"open","ping_status":"closed","sticky":false,"template":"","format":"standard","meta":{"footnotes":""},"categories":[18],"tags":[],"class_list":["post-3889","post","type-post","status-publish","format-standard","hentry","category-klima"],"post_mailing_queue_ids":[],"_links":{"self":[{"href":"https:\/\/gilbertbrands.de\/blog\/wp-json\/wp\/v2\/posts\/3889","targetHints":{"allow":["GET"]}}],"collection":[{"href":"https:\/\/gilbertbrands.de\/blog\/wp-json\/wp\/v2\/posts"}],"about":[{"href":"https:\/\/gilbertbrands.de\/blog\/wp-json\/wp\/v2\/types\/post"}],"author":[{"embeddable":true,"href":"https:\/\/gilbertbrands.de\/blog\/wp-json\/wp\/v2\/users\/1"}],"replies":[{"embeddable":true,"href":"https:\/\/gilbertbrands.de\/blog\/wp-json\/wp\/v2\/comments?post=3889"}],"version-history":[{"count":3,"href":"https:\/\/gilbertbrands.de\/blog\/wp-json\/wp\/v2\/posts\/3889\/revisions"}],"predecessor-version":[{"id":3924,"href":"https:\/\/gilbertbrands.de\/blog\/wp-json\/wp\/v2\/posts\/3889\/revisions\/3924"}],"wp:attachment":[{"href":"https:\/\/gilbertbrands.de\/blog\/wp-json\/wp\/v2\/media?parent=3889"}],"wp:term":[{"taxonomy":"category","embeddable":true,"href":"https:\/\/gilbertbrands.de\/blog\/wp-json\/wp\/v2\/categories?post=3889"},{"taxonomy":"post_tag","embeddable":true,"href":"https:\/\/gilbertbrands.de\/blog\/wp-json\/wp\/v2\/tags?post=3889"}],"curies":[{"name":"wp","href":"https:\/\/api.w.org\/{rel}","templated":true}]}}