{"id":3842,"date":"2019-11-04T07:08:50","date_gmt":"2019-11-04T06:08:50","guid":{"rendered":"https:\/\/gilbertbrands.de\/blog\/?p=3842"},"modified":"2019-12-20T10:23:12","modified_gmt":"2019-12-20T09:23:12","slug":"klima-und-der-politische-niedergang","status":"publish","type":"post","link":"https:\/\/gilbertbrands.de\/blog\/2019\/11\/04\/klima-und-der-politische-niedergang\/","title":{"rendered":"Klima und der politische Niedergang"},"content":{"rendered":"\n<p>Es gibt Leute, die machen sich Gedanken um den Klima-Alarminsmus und seine Folgen und schreiben Briefe an politische Institutionen wie diesen hier:<\/p>\n\n\n\n<!--more-->\n\n\n\n<div class=\"wp-block-file\"><a href=\"https:\/\/gilbertbrands.de\/blog\/wp-content\/uploads\/2019\/11\/Brief-an-Herrn-Bundespr\u00e4sidenen-Frank-Walter-Steinmeier.pdf\">Brief-an-Herrn-Bundespr\u00e4sidenen-Frank-Walter-Steinmeier<\/a><a href=\"https:\/\/gilbertbrands.de\/blog\/wp-content\/uploads\/2019\/11\/Brief-an-Herrn-Bundespr\u00e4sidenen-Frank-Walter-Steinmeier.pdf\" class=\"wp-block-file__button\" download>Herunterladen<\/a><\/div>\n\n\n\n<p>Man kann den Hintergrund des Autors, Herrn Dr. Arthur Chudy, bequem \u00fcber Google finden. Das ist ein honoriger \u00e4lterer Herr mit l\u00fcckenloser wissenschaftlicher Karriere und nicht so eine infantile Sch\u00fcler-Tussi von FFF, wie sie inzwischen dutzendweise von notgeilen Journalistenfuzzis und Politweicheiern st\u00e4rker umschw\u00e4rmt werden als die Nutten auf dem Hafenstrich von Matrosen, die einen Monat auf See waren. Und nat\u00fcrlich schon pensioniert wie alle, die sich in dieser Republik noch trauen, den Mund aufzumachen.<\/p>\n\n\n\n<p>Das ist die Antwort:<\/p>\n\n\n\n<div class=\"wp-block-file\"><a href=\"https:\/\/gilbertbrands.de\/blog\/wp-content\/uploads\/2019\/11\/Antwort-vom-Bundespr\u00e4sidenten.pdf\">Antwort-vom-Bundespr\u00e4sidenten<\/a><a href=\"https:\/\/gilbertbrands.de\/blog\/wp-content\/uploads\/2019\/11\/Antwort-vom-Bundespr\u00e4sidenten.pdf\" class=\"wp-block-file__button\" download>Herunterladen<\/a><\/div>\n\n\n\n<p>Das ist schon ein starkes St\u00fcck, wenn sich so eine \u00fcberbezahlte Null, vermutlich SPD-Funktion\u00e4r wie sein fehlbesetzter Chef, empfiehlt, sich erst einmal bei den richtigen Wissenschaftlern zu informieren und sich nur zu Wort zu melden, wenn man die richtige Meinung hat. Die SPD hat auch in Th\u00fcringen immer noch 100% zu viele Stimmen bekommen und geh\u00f6rt auf den M\u00fcll, weil das ihre Meinung zum Thema Demokratie, Meinungsvielfalt und Offenheit ist.<\/p>\n\n\n\n<p>Vom Staatspropaganda-Fernsehen sind die Antworten nat\u00fcrlich \u00e4hnlich:<\/p>\n\n\n\n<div class=\"wp-block-file\"><a href=\"https:\/\/gilbertbrands.de\/blog\/wp-content\/uploads\/2019\/11\/chudy_dr_arthur01.pdf\">NDR<\/a><a href=\"https:\/\/gilbertbrands.de\/blog\/wp-content\/uploads\/2019\/11\/chudy_dr_arthur01.pdf\" class=\"wp-block-file__button\" download>Herunterladen<\/a><\/div>\n\n\n\n<p>Und falls noch jemand einen Nachweis ben\u00f6tigt, dass man im Intelligenzverkehr mit Politikern nicht nur Winterreifen sonder auch Schneeketten ben\u00f6tigt, um im IQ-freien Gel\u00e4nde nicht auszurutschen, hier ein kleines Video:<\/p>\n\n\n\n<figure class=\"wp-block-video\"><video controls src=\"https:\/\/gilbertbrands.de\/blog\/wp-content\/uploads\/2019\/11\/VID-20191029-WA0005.mp4\"><\/video><\/figure>\n\n\n\n<p>Man h\u00f6rt (zwangsweise, weil nach dem AfD-Einzug in die Parlamente auch mal Leute eingeladen werden, die Ahnung haben) und ignoriert.<\/p>\n\n\n\n<hr class=\"wp-block-separator\"\/>\n\n\n\n<p>Erg\u00e4nzung: es gibt Leute, die haben Rechnen\/Mathematik anscheinend schon vor der Grundschule abgew\u00e4hlt:<\/p>\n\n\n\n<div class=\"wp-block-file\"><a href=\"https:\/\/gilbertbrands.de\/blog\/wp-content\/uploads\/2019\/12\/Antwort-des-BM-f\u00fcr-Verkehr-und-digitale-Infrastruktur.pdf\">Antwort-des-BM-f\u00fcr-Verkehr-und-digitale-Infrastruktur<\/a><a href=\"https:\/\/gilbertbrands.de\/blog\/wp-content\/uploads\/2019\/12\/Antwort-des-BM-f\u00fcr-Verkehr-und-digitale-Infrastruktur.pdf\" class=\"wp-block-file__button\" download>Herunterladen<\/a><\/div>\n\n\n\n<p>Solche Leute regieren dieses Land und d\u00fcrften eher der Normal- als der Einzelfall sein. Das verdient nat\u00fcrlich eine Antwort:<\/p>\n\n\n\n<hr class=\"wp-block-separator\"\/>\n\n\n\n<p>Sehr geehrter Herr Bilger,<\/p>\n\n\n\n<p>Herr Dr. Chudy stellt Anfragen an Beh\u00f6rden, die l\u00e4ngere Zeit   unbeantwortet bleiben, als offene Briefe einem gro\u00dfen Leserkreis       zur Verf\u00fcgung und k\u00fcndigt dies auch jeweils den Adressaten an. Die       ist bei dieser Anfrage der Fall, so dass auch die Antworten       naturgem\u00e4\u00df dem Leserkreis zur Kenntnis gebracht werden. Damit auch       Ihr Schreiben, das ich zur Erinnerung nochmals im Anhang anf\u00fcge.<\/p>\n\n\n\n<p>Wenn man sich Ihr Schreiben so durchliest, bekommt man das\n      Grausen. Wenn das Einstampfen unserer deutschen Wirtschaft den\n      Klimawandel stoppen kann, d.h. die Beseitigung 3%-igen Anteils\n      Deutschlands an den 3% des menschlichen Anteils am globalen\n      CO2-Kreislauf (das sind Zahlen des IPCC, also Ihrer (!)\n      Referenzquelle), kann man eigentlich nur noch vermuten, dass es\n      Ihnen gelungen ist, das Fach Rechnen\/Mathematik schon vor der\n      Grundschule erfolgreich abzuw\u00e4hlen. Bevor Sie jetzt einen\n      Abiturienten fragen und dummerweise auf einen berliner oder bremer\n      sto\u00dfen, der es auch nicht kann: es handelt sich um 0,09%.<\/p>\n\n\n\n<p>Lauf Ihrer Formulierung &#8222;soweit durch menschliches Verhalten\n      ausgel\u00f6st&#8220; deutet darauf hin, dass Sie wohl selbst nicht so\n      richtig an den menschengemachten Klimawandel glauben. Haben Sie\n      etwa die IPCC-Berichte und Forschungsarbeiten im Original gelesen?\n      Dann w\u00e4re das verst\u00e4ndlich. Dort steht n\u00e4mlich immer &#8222;unter den\n      Annahme, dass der Pipapo-Faktor den Wert 135 aufweist [Klartext:\n      wir wissen das nicht, sondern haben diesen Wert im Losverfahren\n      gezogen], k\u00f6nnte (!) es sein, dass &#8230; und das k\u00f6nnte (!) wiederum\n      darauf f\u00fchren, dass &#8230;&#8220;. Doppelter Konjunktiv, Herr Bilger, oder\n      dreifache Spekulation. Das ist der Standard in solchen\n      Ver\u00f6ffentlichungen, auch in den IPCC-Texten. D\u00fcrfen Sie gerne\n      \u00fcberpr\u00fcfen. Das ist so. <br>\n    <\/p>\n\n\n\n<p>Die L\u00fcgenpresse macht daraus &#8222;es wird (!) .. passieren, und das\n      wird (!) zu Folge haben &#8230;&#8220;. Doppelter Imperativ, Herr Bilger,\n      oder ganz einfach eine Doppell\u00fcge, wobei der spekulative Teil\n      einfach weggelassen wird. Das ist der Standard im deutschen\n      Bl\u00e4tterwald, auch in den Staatsmedien. D\u00fcrfen Sie ebenfalls gerne\n      \u00fcberpr\u00fcfen. Das ist so und rechtfertigt die Bezeichnung\n      L\u00fcgenpresse. <br>\n    <\/p>\n\n\n\n<p>Sie berufen sich auf hunderte Wissenschaftler aller m\u00f6glichen\n      Fachrichtungen, die die Berichte des Weltklimarates f\u00fcr\n      glaubw\u00fcrdig halten. Wenn Sie Ihre Scheuklappen einmal abnehmen\n      w\u00fcrden, k\u00f6nnten Sie feststellen, dass mindestens die gleiche\n      Anzahl die Schlussfolgerungen des Weltklimarates f\u00fcr v\u00f6llig\n      unseri\u00f6s halten. Der Unterschied zwischen beiden Gruppen: die\n      kritische Gruppe besteht nahezu ausschlie\u00dflich aus\n      Naturwissenschaftlern, die in der Lage sind,\n      naturwissenschaftliche, insbesondere physikalische Modelle zu\n      verstehen und zu bewerten. Die Gruppe, auf die Sie sich beziehen,\n      enth\u00e4lt zu einem gro\u00dfen Teil Soziologen, P\u00e4dagogen, vergleichende\n      Theatewissenschaftler und andere fachfremde Leute, darunter auch\n      bekannt Pers\u00f6nlichkeiten wie Prof. Mickey Mouse, Albus Dumbledore,\n      Gandalf den Grauen oder Obi-wan Kenobi. Auch das, Her Bilger, ist\n      Fakt. Standard in den Unterst\u00fctzerunterschriftenlisten der\n      Klimaleute. D\u00fcrfen Sie auch gerne \u00fcberpr\u00fcfen. Das ist so.<\/p>\n\n\n\n<p>Schon die Existenz einer sehr starken kritischen Gruppe sollte\n      dazu f\u00fchren, solche &#8211; ich spreche mal Klartext &#8211; verbrecherischen\n      Deindustrialisierungspl\u00e4ne, wie Sie die Bundesregierung verfolgt,\n      zu \u00fcberdenken. Sie d\u00fcrfen auch gerne den ganzen Hirnschiss &#8211;\n      anders kann man das nicht bezeichnen &#8211; der Ersatztechnologien\n      vorbringen. Die Adressaten dieser Mail erkl\u00e4ren Ihnen gerne auf\n      der Basis des Dreisatzes, warum die nicht funktionieren, und sie\n      k\u00f6nnen anschlie\u00dfend gerne einen Abiturienten (nicht Bremen oder\n      Berlin) fragen, ob korrekt gerechnet wurde. <br>\n    <\/p>\n\n\n\n<p>Ich habe zwei kurze Betrachtungen von Projekten angef\u00fcgt, die von\n      Leuten stammen, die angeblich seri\u00f6s sind. Es ist wirklich\n      erschreckend, was f\u00fcr abgrundtief dummes und ungebildetes Personal\n      &#8211; Sie sprechen ja f\u00fcr die gesamte Bundesregierung &#8211; sich\n      inzwischen in den oberen Etagen der B\u00fcrokratie angesammelt hat,\n      aber vielleicht erkennen Sie ja trotzdem, was f\u00fcr ein Bl\u00f6dsinn\n      sich da zusammenbraut (oder finden einen &#8230; ach, hatten wir ja\n      schon). <br>\n    \n    &#8212; <br>\n      Viele Gr\u00fc\u00dfe <\/p>\n","protected":false},"excerpt":{"rendered":"<p>Es gibt Leute, die machen sich Gedanken um den Klima-Alarminsmus und seine Folgen und schreiben Briefe an politische Institutionen wie diesen hier: Download Artikel als PDF<\/p>\n","protected":false},"author":1,"featured_media":0,"comment_status":"open","ping_status":"closed","sticky":false,"template":"","format":"standard","meta":{"footnotes":""},"categories":[18,6],"tags":[],"class_list":["post-3842","post","type-post","status-publish","format-standard","hentry","category-klima","category-politik"],"post_mailing_queue_ids":[],"_links":{"self":[{"href":"https:\/\/gilbertbrands.de\/blog\/wp-json\/wp\/v2\/posts\/3842","targetHints":{"allow":["GET"]}}],"collection":[{"href":"https:\/\/gilbertbrands.de\/blog\/wp-json\/wp\/v2\/posts"}],"about":[{"href":"https:\/\/gilbertbrands.de\/blog\/wp-json\/wp\/v2\/types\/post"}],"author":[{"embeddable":true,"href":"https:\/\/gilbertbrands.de\/blog\/wp-json\/wp\/v2\/users\/1"}],"replies":[{"embeddable":true,"href":"https:\/\/gilbertbrands.de\/blog\/wp-json\/wp\/v2\/comments?post=3842"}],"version-history":[{"count":5,"href":"https:\/\/gilbertbrands.de\/blog\/wp-json\/wp\/v2\/posts\/3842\/revisions"}],"predecessor-version":[{"id":4141,"href":"https:\/\/gilbertbrands.de\/blog\/wp-json\/wp\/v2\/posts\/3842\/revisions\/4141"}],"wp:attachment":[{"href":"https:\/\/gilbertbrands.de\/blog\/wp-json\/wp\/v2\/media?parent=3842"}],"wp:term":[{"taxonomy":"category","embeddable":true,"href":"https:\/\/gilbertbrands.de\/blog\/wp-json\/wp\/v2\/categories?post=3842"},{"taxonomy":"post_tag","embeddable":true,"href":"https:\/\/gilbertbrands.de\/blog\/wp-json\/wp\/v2\/tags?post=3842"}],"curies":[{"name":"wp","href":"https:\/\/api.w.org\/{rel}","templated":true}]}}