{"id":3769,"date":"2019-10-25T07:31:37","date_gmt":"2019-10-25T05:31:37","guid":{"rendered":"https:\/\/gilbertbrands.de\/blog\/?p=3769"},"modified":"2019-10-20T10:37:34","modified_gmt":"2019-10-20T08:37:34","slug":"was-jetzt-passiert-geht-an-die-industrielle-substanz-des-landes","status":"publish","type":"post","link":"https:\/\/gilbertbrands.de\/blog\/2019\/10\/25\/was-jetzt-passiert-geht-an-die-industrielle-substanz-des-landes\/","title":{"rendered":"\u00abWas jetzt passiert, geht an die industrielle Substanz des Landes\u00bb"},"content":{"rendered":"\n<p>Dieser Satz stammt nicht von mir, sondern von Armin Laschet, Ministerpr\u00e4sident des Landes NRW und wurde hier in einem <a href=\"https:\/\/www.nzz.ch\/international\/armin-laschet-kann-deutschland-ein-vorbild-im-klimaschutz-sein-ld.1516106?mktcid=nled&amp;mktcval=102&amp;kid=_2019-10-18\">Interview mit der NZZ ge\u00e4u\u00dfert<\/a>. Ich habe darauf mit einem offenen Brief an Herrn Laschet reagiert.<\/p>\n\n\n\n<!--more-->\n\n\n\n<p>Sehr geehrter Herr Laschet,<\/p>\n\n\n\n<p>in\nIhrem Interview \u00e4u\u00dfern Sie trotz Ihres Eingest\u00e4ndnisse \u00abWas\njetzt passiert, geht an die industrielle Substanz des Landes\u00bb die\nAnsicht, Deutschland k\u00f6nne trotz der mehr als massiven Probleme\nwirtschaftlich weiter international eine Spitzenrolle spielen. \n<\/p>\n\n\n\n<p>Lassen\nwir einmal au\u00dfen vor, ob bei Strompreisen, die in K\u00fcrze das\nDoppelte der franz\u00f6sischen erreichen, die Wirtschaft noch\nkonkurrenzf\u00e4hig oder eine sichere Versorgung bei gleichzeitigem\nAbschalten von Kern- und Kohlekraftwerken \u00fcberhaupt m\u00f6glich ist\n(vermutlich nicht, denn alleine Frankreich will\/muss mindestens drei\nneue KKW bauen). Es gibt gen\u00fcgend Leute, die das entschieden\nbezweifeln und zum Nachweis ihrer Bef\u00fcrchtungen kaum mehr als den\nmathematischen Dreisatz ben\u00f6tigen und deren Argumente Sie kennen\nd\u00fcrften.<\/p>\n\n\n\n<p>Gehen\nwir einmal davon aus, dass die Versorgungsprobleme entgegen der\nBef\u00fcrchtungen doch nicht eintreten. Ihre Rechnung, die anscheinend\ndarauf beruht, dass die derzeitige Entlassungswelle eine\nvor\u00fcbergehende Erscheinung ist und nach ihrer Umkehr wieder alles\nwie in vergangenen Krisen seinen alten Gang geht, wird trotzdem nicht\naufgehen. \n<\/p>\n\n\n\n<p>Wenn\nSie einmal analysieren, welche Arbeitspl\u00e4tze verloren gehen, welche\nGesch\u00e4ftsfelder von deutschen Unternehmen aufgegeben werden und\nwelche Unternehmen gar ganz verschwinden, werden Sie feststellen,\ndass insbesondere die Forschungs- und Entwicklungskapazit\u00e4ten in\nBereichen betroffen sind, in denen Deutschland bislang eine\nSpitzenreiterrolle inne gehabt hat, und nicht nur ein paar Jobs an\nden B\u00e4ndern wegfallen.<\/p>\n\n\n\n<p>Politisch\nins Auge gefasst werden anstelle der aufgegebenen Bereiche Felder, in\ndenen Deutschland ohnehin hinterher hinkt und in denen allenfalls\nNischenprodukte herauskommen, die international nicht gefragt sind\nund aus verschiedenen Gr\u00fcnden auch nicht gefragt sein werden. Nur\nauf dem deutschen und zudem schrumpfenden Markt sind Unternehmen aber\nnicht wettbewerbsf\u00e4hig.<\/p>\n\n\n\n<p>Das\nhat ganz gravierende Konsequenzen: Jobs an B\u00e4ndern k\u00f6nnten in ein\npaar Jahren wieder besetzt werden, aber aufgel\u00f6ste\nEntwicklungsabteilungen bedeutet, dass das betreffende Unternehmen in\nein paar Jahren auch ein paar Jahre hinter den internationalen\nWettbewerbern hinterher hinkt. Setzt man den heutigen technischen\nStandard mit 100 an, so sind die ausl\u00e4ndischen Wettbewerber in ein\npaar Jahren bei 150, das deutsche Unternehmen f\u00e4ngt aber wieder bei\n60 an, weil die Ingenieure entlassen sind und ihr Know-How damit weg\nist.<\/p>\n\n\n\n<p>Mit\nanderen Worten: selbst wenn die Energiewende nicht in massiven\nBlackouts m\u00fcndet, die nicht nur die industrielle, sondern gleich die\ngesellschaftliche Substanz vom Tisch wischen, und sich in ein paar\nJahren die Erkenntnis durchsetzt, dass E-Mobilit\u00e4t und andere\n\u00fcberhastete Ma\u00dfnahmen purer Unsinn waren, f\u00e4ngt Deutschland wieder\nauf dem Niveau eines Entwicklungslandes an, zumal in Bildungstests\nohnehin bereits Platz 22 von 24 Teilnehmern belegt wird, also noch\nnicht einmal intellektuelles Kapital f\u00fcr die Zukunft vorhanden ist. \n<\/p>\n\n\n\n<p>Ich\nwei\u00df nicht, was die von Ihnen als Koalitionspartner ins Auge\ngefassten technikfeindlichen Gr\u00fcnen nun wirklich im Kopf haben \u2013\nvermutlich absolut nichts \u2013 aber Sie sollten sich dringend\n\u00fcberlegen, wie die CDU sehr schnell wieder zu ihren Werten\nzur\u00fcckfinden kann.<\/p>\n\n\n\n<p>Mit\nfreundlichen Gr\u00fc\u00dfen,<\/p>\n\n\n\n<p>Gilbert\nBrands<\/p>\n\n\n\n<hr class=\"wp-block-separator\"\/>\n\n\n\n<p>Ich bin mit so etwas nicht der einzige. Neben Klaus D\u00f6hler schreibt beispielsweise auch Arthur Chudy solche Briefe, die ich hier mit seiner Genehmigung \u00f6ffentlich stelle:<\/p>\n\n\n\n<div class=\"wp-block-file\"><a href=\"https:\/\/gilbertbrands.de\/blog\/wp-content\/uploads\/2019\/10\/Brief-an-Bundeskanzlerin-Dr.-Merkel-2.pdf\">Brief-an-Bundeskanzlerin-Dr.-Merkel-2<\/a><a href=\"https:\/\/gilbertbrands.de\/blog\/wp-content\/uploads\/2019\/10\/Brief-an-Bundeskanzlerin-Dr.-Merkel-2.pdf\" class=\"wp-block-file__button\" download>Herunterladen<\/a><\/div>\n\n\n\n<div class=\"wp-block-file\"><a href=\"https:\/\/gilbertbrands.de\/blog\/wp-content\/uploads\/2019\/10\/Brief-an-Frau-Bundeskanzlerin-und-Vorsitzende-des-Klimakabinetts.pdf\">Brief-an-Frau-Bundeskanzlerin-und-Vorsitzende-des-Klimakabinetts<\/a><a href=\"https:\/\/gilbertbrands.de\/blog\/wp-content\/uploads\/2019\/10\/Brief-an-Frau-Bundeskanzlerin-und-Vorsitzende-des-Klimakabinetts.pdf\" class=\"wp-block-file__button\" download>Herunterladen<\/a><\/div>\n\n\n\n<div class=\"wp-block-file\"><a href=\"https:\/\/gilbertbrands.de\/blog\/wp-content\/uploads\/2019\/10\/Brief-an-Herrn-Bundespr\u00e4sidenen-Frank-Walter-Steinmeier.pdf\">Brief-an-Herrn-Bundespr\u00e4sidenen-Frank-Walter-Steinmeier<\/a><a href=\"https:\/\/gilbertbrands.de\/blog\/wp-content\/uploads\/2019\/10\/Brief-an-Herrn-Bundespr\u00e4sidenen-Frank-Walter-Steinmeier.pdf\" class=\"wp-block-file__button\" download>Herunterladen<\/a><\/div>\n\n\n\n<p><\/p>\n","protected":false},"excerpt":{"rendered":"<p>Dieser Satz stammt nicht von mir, sondern von Armin Laschet, Ministerpr\u00e4sident des Landes NRW und wurde hier in einem Interview mit der NZZ ge\u00e4u\u00dfert. Ich habe darauf mit einem offenen Brief an Herrn Laschet reagiert. Download Artikel als PDF<\/p>\n","protected":false},"author":1,"featured_media":0,"comment_status":"open","ping_status":"closed","sticky":false,"template":"","format":"standard","meta":{"footnotes":""},"categories":[12,6,17],"tags":[],"class_list":["post-3769","post","type-post","status-publish","format-standard","hentry","category-gesellschaft","category-politik","category-wirtschaft"],"post_mailing_queue_ids":[],"_links":{"self":[{"href":"https:\/\/gilbertbrands.de\/blog\/wp-json\/wp\/v2\/posts\/3769","targetHints":{"allow":["GET"]}}],"collection":[{"href":"https:\/\/gilbertbrands.de\/blog\/wp-json\/wp\/v2\/posts"}],"about":[{"href":"https:\/\/gilbertbrands.de\/blog\/wp-json\/wp\/v2\/types\/post"}],"author":[{"embeddable":true,"href":"https:\/\/gilbertbrands.de\/blog\/wp-json\/wp\/v2\/users\/1"}],"replies":[{"embeddable":true,"href":"https:\/\/gilbertbrands.de\/blog\/wp-json\/wp\/v2\/comments?post=3769"}],"version-history":[{"count":2,"href":"https:\/\/gilbertbrands.de\/blog\/wp-json\/wp\/v2\/posts\/3769\/revisions"}],"predecessor-version":[{"id":3784,"href":"https:\/\/gilbertbrands.de\/blog\/wp-json\/wp\/v2\/posts\/3769\/revisions\/3784"}],"wp:attachment":[{"href":"https:\/\/gilbertbrands.de\/blog\/wp-json\/wp\/v2\/media?parent=3769"}],"wp:term":[{"taxonomy":"category","embeddable":true,"href":"https:\/\/gilbertbrands.de\/blog\/wp-json\/wp\/v2\/categories?post=3769"},{"taxonomy":"post_tag","embeddable":true,"href":"https:\/\/gilbertbrands.de\/blog\/wp-json\/wp\/v2\/tags?post=3769"}],"curies":[{"name":"wp","href":"https:\/\/api.w.org\/{rel}","templated":true}]}}