{"id":3696,"date":"2019-10-11T08:46:16","date_gmt":"2019-10-11T06:46:16","guid":{"rendered":"https:\/\/gilbertbrands.de\/blog\/?p=3696"},"modified":"2019-10-10T13:10:59","modified_gmt":"2019-10-10T11:10:59","slug":"hat-aber-lange-gedauert","status":"publish","type":"post","link":"https:\/\/gilbertbrands.de\/blog\/2019\/10\/11\/hat-aber-lange-gedauert\/","title":{"rendered":"Hat aber lange gedauert"},"content":{"rendered":"\n<p>\u00dcber den Terroranschlag von Halle mit 2 Toten muss man wohl nicht lange referieren. Ein Geisteskranker \u00e0 la Breivik wollte ein Massaker veranstalten und hat, nachdem er in sein erstes Ziel, eine j\u00fcdische Synagoge, nicht eindringen konnte, eben mit einem D\u00f6ner-Imbiss Vorlieb genommen.<\/p>\n\n\n\n<!--more-->\n\n\n\n<p>Anscheinend war dieser Ablauf etwas verwirrend, weshalb man mit der Zuweisung der Tat an bestimmte Kreise zun\u00e4chst doch recht zur\u00fcckhaltend war, obwohl der (mutma\u00dfliche? muss man das sagen?) T\u00e4ter habitusm\u00e4\u00dfig eindeutig der rechten Glatzenszene zuzuordnen ist. Hat man sich etwa darauf besonnen, dass bei \u00e4hnlichen Taten aus dem islamischen Milieu nicht verallgemeinert werden darf? Wie etwa bei bereits mehrfach auff\u00e4lligen Syrer, der mit einem LKW eine Amokfahrt unternommen hat und bereits vor Abschluss der Ermittlungen pr\u00e4ventiv als psychisch gest\u00f6rter Einzelt\u00e4ter bezeichnet wird?<\/p>\n\n\n\n<figure class=\"wp-block-image\"><img loading=\"lazy\" decoding=\"async\" width=\"863\" height=\"194\" src=\"https:\/\/gilbertbrands.de\/blog\/wp-content\/uploads\/2019\/10\/Bildschirmfoto-vom-2019-10-10-12-04-55.png\" alt=\"\" class=\"wp-image-3697\" srcset=\"https:\/\/gilbertbrands.de\/blog\/wp-content\/uploads\/2019\/10\/Bildschirmfoto-vom-2019-10-10-12-04-55.png 863w, https:\/\/gilbertbrands.de\/blog\/wp-content\/uploads\/2019\/10\/Bildschirmfoto-vom-2019-10-10-12-04-55-300x67.png 300w, https:\/\/gilbertbrands.de\/blog\/wp-content\/uploads\/2019\/10\/Bildschirmfoto-vom-2019-10-10-12-04-55-768x173.png 768w\" sizes=\"auto, (max-width: 863px) 100vw, 863px\" \/><figcaption><a href=\"https:\/\/www.tagesspiegel.de\/politik\/psychische-stoerung-bei-limburger-lkw-fahrer-zweifel-an-islamistischem-anschlag-mehren-sich\/25097346.html\">https:\/\/www.tagesspiegel.de\/politik\/psychische-stoerung-bei-limburger-lkw-fahrer-zweifel-an-islamistischem-anschlag-mehren-sich\/25097346.html<\/a><\/figcaption><\/figure>\n\n\n\n<p>Im Grunde ist diese Bewertung auch richtig, selbst wenn sich bei islamischen Taten allzu oft herausstellt, dass es eben nicht T\u00e4ter mit einer singul\u00e4ren psychischen St\u00f6rung sind, sondern dass sie von moslemischen Geistlichen systematisch aufgehetzt und verf\u00fchrt wurden. Zun\u00e4chst einmal muss man aber den T\u00e4ter analysieren. <\/p>\n\n\n\n<p>Inzwischen hat man sich aber bekrabbelt. Diese Gelegenheit, die Tat als rein antisemitischen Anschlag zu qualifizieren (weshalb bringt er dann Leute in einem D\u00f6ner-Imbiss um?) und nach einem pauschalen T\u00e4ter zu suchen, darf man sich nicht entgehen lassen:<\/p>\n\n\n\n<figure class=\"wp-block-image\"><img loading=\"lazy\" decoding=\"async\" width=\"727\" height=\"296\" src=\"https:\/\/gilbertbrands.de\/blog\/wp-content\/uploads\/2019\/10\/Bildschirmfoto-vom-2019-10-10-12-16-16.png\" alt=\"\" class=\"wp-image-3698\" srcset=\"https:\/\/gilbertbrands.de\/blog\/wp-content\/uploads\/2019\/10\/Bildschirmfoto-vom-2019-10-10-12-16-16.png 727w, https:\/\/gilbertbrands.de\/blog\/wp-content\/uploads\/2019\/10\/Bildschirmfoto-vom-2019-10-10-12-16-16-300x122.png 300w\" sizes=\"auto, (max-width: 727px) 100vw, 727px\" \/><figcaption><a href=\"https:\/\/www.zeit.de\/gesellschaft\/2019-10\/halle-anschlag-frank-walter-steinmeiner-horst-seehofer\">https:\/\/www.zeit.de\/gesellschaft\/2019-10\/halle-anschlag-frank-walter-steinmeiner-horst-seehofer<\/a><\/figcaption><\/figure>\n\n\n\n<p>Das hat aber auch verh\u00e4ltnism\u00e4\u00dfig lange gedauert, kann man da nur sagen. Wobei es mir nicht verst\u00e4ndlich ist, wo die geistige Brandstiftung liegt, wenn seitens der AfD im Bundestag folgende Worte fallen:<\/p>\n\n\n\n<figure class=\"wp-block-embed-youtube wp-block-embed is-type-video is-provider-youtube wp-embed-aspect-16-9 wp-has-aspect-ratio\"><div class=\"wp-block-embed__wrapper\">\n<iframe loading=\"lazy\" title=\"AfD Bayern: Dr Alexander Gauland - &quot;Israel ist f\u00fcr uns kein Staat wie jeder andere&quot;\" width=\"604\" height=\"340\" src=\"https:\/\/www.youtube.com\/embed\/cm80xXmdxJc?feature=oembed\" frameborder=\"0\" allow=\"accelerometer; autoplay; clipboard-write; encrypted-media; gyroscope; picture-in-picture; web-share\" referrerpolicy=\"strict-origin-when-cross-origin\" allowfullscreen><\/iframe>\n<\/div><\/figure>\n\n\n\n<p>Aufschlussreich ist dabei auch das Verhalten des ganzen Kindergartens auf den anderen Pl\u00e4tzen. W\u00e4hrend Gauland die auch von Meuthen vertretene offizielle AfD-Linie vertritt, die bei Merkels &#8222;die Existenz Israels geh\u00f6rt zur Deutschen Staatsraison&#8220; beginnt, aber noch weit dar\u00fcber hinaus geht, sitzt der ganze Verein stumm da und r\u00fchrt sich nicht, obwohl er doch eigentlich Zustimmung \u00e4u\u00dfern m\u00fcsste. Ist er etwa gegen das Eintreten f\u00fcr den Bestand Israels? Zumindest den Eindruck kann das peinliche Schauspiel schon erwecken.<\/p>\n\n\n\n<p>Aber nicht nur Herrmann gilt die AfD als streng antisemitische Partei. Der ZdJ hetzt ebenfalls gegen die Partei und Parteimitglieder sind in Israel nicht gerne gesehen, auch nicht als <a href=\"https:\/\/www.welt.de\/regionales\/nrw\/article197528009\/AfD-Politiker-in-Israel-nicht-willkommen.html\">Mitglieder parlamentarischer Gruppen<\/a>. Andererseits hat die Partei aber eine ganze Menge j\u00fcdische Mitglieder, die sich sogar &#8211; wie in allen Parteien \u00fcblich &#8211; als Gruppe organisieren und ma\u00dfgeblich beteiligt waren, durch antisemitische \u00c4u\u00dferungen auff\u00e4llige Parteimitglieder auszuschlie\u00dfen. Diese Juden werden allerdings vom ZdJ und der Qualit\u00e4tspresse kurzerhand zu antisemitischen Juden 2. Klasse degradiert (<a href=\"https:\/\/de.wikipedia.org\/wiki\/Juden_in_der_AfD\">wikipedia<\/a>, <a href=\"https:\/\/www.spiegel.de\/politik\/deutschland\/juden-in-der-afd-warum-sich-eine-juedische-gruppe-in-der-afd-organisiert-a-1231676.html\">Spiegel<\/a>, <a href=\"https:\/\/www.zeit.de\/politik\/deutschland\/2018-10\/juden-afd-jafd-vera-kosova\">Zeit<\/a>). Das RuSHA l\u00e4sst gr\u00fc\u00dfen? Nur dass die Betroffenen die Klassifikation jetzt selbst nach Parteizugeh\u00f6rigkeit vornehmen?<\/p>\n\n\n\n<figure class=\"wp-block-image\"><img loading=\"lazy\" decoding=\"async\" width=\"1024\" height=\"731\" src=\"https:\/\/gilbertbrands.de\/blog\/wp-content\/uploads\/2019\/10\/Bildschirmfoto-vom-2019-10-10-12-39-00-1024x731.png\" alt=\"\" class=\"wp-image-3699\" srcset=\"https:\/\/gilbertbrands.de\/blog\/wp-content\/uploads\/2019\/10\/Bildschirmfoto-vom-2019-10-10-12-39-00-1024x731.png 1024w, https:\/\/gilbertbrands.de\/blog\/wp-content\/uploads\/2019\/10\/Bildschirmfoto-vom-2019-10-10-12-39-00-300x214.png 300w, https:\/\/gilbertbrands.de\/blog\/wp-content\/uploads\/2019\/10\/Bildschirmfoto-vom-2019-10-10-12-39-00-768x548.png 768w, https:\/\/gilbertbrands.de\/blog\/wp-content\/uploads\/2019\/10\/Bildschirmfoto-vom-2019-10-10-12-39-00.png 1243w\" sizes=\"auto, (max-width: 1024px) 100vw, 1024px\" \/><\/figure>\n\n\n\n<p>Wie passt das zusammen? Die Nahtstelle sind anscheinend die verschiedenen Ansichten \u00fcber Kulturbereicherung. In der AfD versammeln sich Leute, die etwas an Merkels unbegrenzter Einwanderung auszusetzen haben. Betroffen sind besonders Juden, die dem importierten Antisemitismus t\u00e4glich ausgesetzt sind. Hier ein Beispiel:<\/p>\n\n\n\n<blockquote class=\"wp-block-quote is-layout-flow wp-block-quote-is-layout-flow\"><p>&#8230; Gemeinde wurde am 2.Oktober eine junge Mutter, die mit ihren beiden S\u00f6hnen spazieren ging, von einem Mann mit einem Stein beworfen. Grund f\u00fcr diesen Vorfall war, dass die junge Frau J\u00fcdin ist und ihre S\u00f6hne auf Hebr\u00e4isch angesprochen hat, was dem als arabischst\u00e4mmig beschriebenen Mann \u00fcberhaupt nicht passte und er sich auf Grund dessen offenbar gezwungen sah, die Frau zuerst als \u201eYahud\u201c (arabisch f\u00fcr Jude, h\u00e4ufig als Schimpfwort) zu beleidigen und ihr dann vor ihren Kindern einen Stein an den Kopf zu werfen. Die Frau wurde leicht verletzt, die Kinder wurden \u201enur\u201c mit eindrucksvollen Erinnerungen gepr\u00e4gt. &#8230;<\/p><cite><a href=\"https:\/\/www.achgut.com\/artikel\/juedin_wird_vor_ihren_kindern_mit_stein_beworfen_neuer_deutscher_alltag\">https:\/\/www.achgut.com\/artikel\/juedin_wird_vor_ihren_kindern_mit_stein_beworfen_neuer_deutscher_alltag<\/a><\/cite><\/blockquote>\n\n\n\n<p>Das ist inzwischen Tagesnormalit\u00e4t, \u00fcber die noch nicht mal berichtet wird:<\/p>\n\n\n\n<blockquote class=\"wp-block-quote is-layout-flow wp-block-quote-is-layout-flow\"><p>&#8230; Es ist inzwischen Normalit\u00e4t geworden. Es ist normal, dass ein Mensch auf Grund seines j\u00fcdischen Glaubens oder seines m\u00f6glicherweise israelischen Backgrounds 2019 in Deutschland auf offener Stra\u00dfe angefeindet, beleidigt und sogar k\u00f6rperlich angegriffen wird. Es ist keine Meldung wert und h\u00f6chstens von lokalem Interesse. <\/p><\/blockquote>\n\n\n\n<p>Aber nur, wenn der T\u00e4ter dem islamischen Zuwanderermilieu entstammt.<\/p>\n\n\n\n<blockquote class=\"wp-block-quote is-layout-flow wp-block-quote-is-layout-flow\"><p>W\u00fcrde der Angreifer aus einem rechten Milieu stammen, so h\u00e4tten sich schon unz\u00e4hlige Politiker \u00f6ffentlich ge\u00e4u\u00dfert, es g\u00e4be eine \u201eNie wieder!\u201c Demonstration und unsere politische Creme de la Creme sowie alle Besucher w\u00e4ren mit Kippa zum Festakt zum Tag der deutschen Einheit in Kiel erschienen und h\u00e4tten herzzerrei\u00dfende Reden geschwungen, dass j\u00fcdisches Leben in Deutschland gesch\u00fctzt werden muss.<\/p><\/blockquote>\n\n\n\n<p>Die Verantwortung liegt bei der ach so toleranten Gesellschaft. Es ist nun mal kein Geheimnis, dass Judenhass und die Vernichtung Israels zur Staatsraison oder zumindest zur Religionsraison in den Herkunftsl\u00e4ndern der so genannten Fl\u00fcchtling geh\u00f6rt. Sie verhalten sich hier nicht anders als sie es in ihrer Heimat auch tun w\u00fcrden. Nur kl\u00e4rt sie hier keiner auf, dass das hier nicht gilt: weder Judenhass noch Begrabschen von Frauen und andere orientalische Normalit\u00e4ten haben in unserer Gesellschaft einen Platz. Eigentlich. Man erz\u00e4hlt es ihnen aber nicht und zieht sie nach Taten aus Gr\u00fcnden der Kulturbereicherung und des Bunten (hier die sich \u00fcber ein breites Farbspektrum hinziehenden Bluterg\u00fcsse am Kopf der Mitb\u00fcrgerin) auch nicht entsprechend zur Rechenschaft. Die AfD fordert aber genau das und w\u00fcrde es auch tun, und da rasseln Gr\u00fcn-Rot und Blau eben frontal aufeinander. <\/p>\n\n\n\n<p>Die Antisemitismusvorw\u00fcrfe sind somit ein Ausdruck f\u00fcr die politische Gegnerschaft auf einem ganz anderen Gebiet. Erstaunlich allerdings, dass sich der ZdJ so weit instrumentalisieren l\u00e4sst und selbst auf Israel Einfluss nimmt. Wie weit beliebig in Aussagen hineininterpretiert wird, zeigt auch dieser Artikel (<a href=\"https:\/\/www.israelnetz.com\/politik-wirtschaft\/politik\/2017\/12\/14\/wie-haelt-es-israel-mit-der-afd\/\">hier<\/a>). Gesagt wurde<\/p>\n\n\n\n<blockquote class=\"wp-block-quote is-layout-flow wp-block-quote-is-layout-flow\"><p>\u201eRechtlich wie strategisch ist Deutschland heute nicht in der Lage, den Satz \u201adie Existenz Israels ist Teil deutscher Staatsraison\u2018 mit Leben zu erf\u00fcllen.\u201c<\/p><\/blockquote>\n\n\n\n<p>Die Interpretation dazu:<\/p>\n\n\n\n<blockquote class=\"wp-block-quote is-layout-flow wp-block-quote-is-layout-flow\"><p>AfD-Spitzenkandidat Alexander Gauland erregte am 25. September, also einen Tag nach der Wahl, Aufsehen, als er in Frage stellte, ob das Existenzrecht Israels deutsche Staatsr\u00e4son sei.<\/p><\/blockquote>\n\n\n\n<p>Das ist schon eine sehr b\u00f6sartige Interpretion, die nicht dem Wortlaut entspricht. <\/p>\n\n\n\n<p>Nun, belassen wir es dabei. Es ist alles wieder in der Normalit\u00e4t angekommen. Die LKW-Amokfahrt durch den Syrer, ob nun islamisch motiviert oder nicht, ist erledigt, da die n\u00e4chste Sau schon wieder auf der Stra\u00dfe steht. Und welche Motive nun hinter der Tat stecken, ob sie &#8211; wie andere vorher &#8211; nicht auch h\u00e4tte verhindert werden k\u00f6nnen und anderes kann man getrost aus der Diskussion streichen, so lange nun wieder der &#8222;Kampf gegen Rechts&#8220; gef\u00fchrt und auf die AfD draufgeschlagen werden kann. Warum nicht gleich so?<\/p>\n","protected":false},"excerpt":{"rendered":"<p>\u00dcber den Terroranschlag von Halle mit 2 Toten muss man wohl nicht lange referieren. Ein Geisteskranker \u00e0 la Breivik wollte ein Massaker veranstalten und hat, nachdem er in sein erstes Ziel, eine j\u00fcdische Synagoge, nicht eindringen konnte, eben mit einem D\u00f6ner-Imbiss Vorlieb genommen. Download Artikel als PDF<\/p>\n","protected":false},"author":1,"featured_media":0,"comment_status":"open","ping_status":"closed","sticky":false,"template":"","format":"standard","meta":{"footnotes":""},"categories":[12],"tags":[],"class_list":["post-3696","post","type-post","status-publish","format-standard","hentry","category-gesellschaft"],"post_mailing_queue_ids":[],"_links":{"self":[{"href":"https:\/\/gilbertbrands.de\/blog\/wp-json\/wp\/v2\/posts\/3696","targetHints":{"allow":["GET"]}}],"collection":[{"href":"https:\/\/gilbertbrands.de\/blog\/wp-json\/wp\/v2\/posts"}],"about":[{"href":"https:\/\/gilbertbrands.de\/blog\/wp-json\/wp\/v2\/types\/post"}],"author":[{"embeddable":true,"href":"https:\/\/gilbertbrands.de\/blog\/wp-json\/wp\/v2\/users\/1"}],"replies":[{"embeddable":true,"href":"https:\/\/gilbertbrands.de\/blog\/wp-json\/wp\/v2\/comments?post=3696"}],"version-history":[{"count":1,"href":"https:\/\/gilbertbrands.de\/blog\/wp-json\/wp\/v2\/posts\/3696\/revisions"}],"predecessor-version":[{"id":3700,"href":"https:\/\/gilbertbrands.de\/blog\/wp-json\/wp\/v2\/posts\/3696\/revisions\/3700"}],"wp:attachment":[{"href":"https:\/\/gilbertbrands.de\/blog\/wp-json\/wp\/v2\/media?parent=3696"}],"wp:term":[{"taxonomy":"category","embeddable":true,"href":"https:\/\/gilbertbrands.de\/blog\/wp-json\/wp\/v2\/categories?post=3696"},{"taxonomy":"post_tag","embeddable":true,"href":"https:\/\/gilbertbrands.de\/blog\/wp-json\/wp\/v2\/tags?post=3696"}],"curies":[{"name":"wp","href":"https:\/\/api.w.org\/{rel}","templated":true}]}}