{"id":3573,"date":"2019-09-22T11:41:20","date_gmt":"2019-09-22T09:41:20","guid":{"rendered":"https:\/\/gilbertbrands.de\/blog\/?p=3573"},"modified":"2019-09-22T11:41:20","modified_gmt":"2019-09-22T09:41:20","slug":"verhaeltnisse","status":"publish","type":"post","link":"https:\/\/gilbertbrands.de\/blog\/2019\/09\/22\/verhaeltnisse\/","title":{"rendered":"Verh\u00e4ltnisse"},"content":{"rendered":"\n<p>Mit der Schlagzeile &#8222;Millionen gehen f\u00fcr den Klimaschutz auf die Stra\u00dfe&#8220; versuchen die Qualit\u00e4tsl\u00fcgenmedien eine \u00fcberw\u00e4ltigende Mehrheit zu suggerieren, was noch dadurch verst\u00e4rkt wird, dass man von &#8222;Demonstration&#8220; \u00fcber den Begriff &#8222;Protest&#8220; inzwischen zum Begriff &#8222;Streik&#8220; gewechselt hat.<\/p>\n\n\n\n<!--more-->\n\n\n\n<p>Unter &#8222;Millionen&#8220; versteht FFF 1,4 Mio Teilnehmer, die an den Aktionen teilgenommen haben sollen. Einige Zeitungen sind schon vorsichtiger und sprechen von &#8222;bis zu 1,4 Mio weltweit&#8220;. Gut, die Hauptmasse dieser Schwachsinnigen lebt in Deutschland, aber ein paar weniger sind das schon. Nehmen wir mal die \u00fcblichen Verh\u00e4ltnisse, d\u00fcrfte die Polizei, der bei ihren Z\u00e4hlungen wohl wesentlich eher zu trauen ist als den FFF-Aktivisten, die zudem neben dem nat\u00fcrlichen Hang der Veranstalter zum \u00dcbertreiben mit mangelndem Zahlenverst\u00e4ndnis aufwarten, vermutlich so bei 700-800.000 anlangen (auf die Schnelle habe ich keine offiziellen Zahlen gefunden). Sagen wir ruhig mal 900.000, um auf der sicheren Seite zu sein. Vermutlich sind deutlich mehr als die H\u00e4lfte der Teilnehmer noch Sch\u00fcler und damit (a) systematisch verhetzt und (b) noch nicht im wahlf\u00e4higen Alter. Sind wir auch hier mal gro\u00dfz\u00fcgig und reduzieren deren Anzahl auf 1\/3, dann langen wir bei ca. 600.000 Teilnehmern an, die wahlberechtigt und damit offiziell als m\u00fcndige B\u00fcrger f\u00fcr den Unfug aufgetreten sind.<\/p>\n\n\n\n<p>Bei der letzten Wahl 2017 waren 61,7 Mio B\u00fcrger wahlberechtigt, von denen 76% = 47 Mio tats\u00e4chlich gew\u00e4hlt haben. Zum derzeitigen Zeitpunkt w\u00e4ren das 24% =11,3 Mio gr\u00fcne W\u00e4hlern, die absolut \u00fcberzeugte Klimaprotestler sein sollten. Oder anders herum gerechnet, nur 14% = 6,6 Mio w\u00e4hlen die AfD und halten das ganze Zeug f\u00fcr ausgemachten Unfug. Nehmen wir noch den Rest dazu und unterstellen, dass FDP und die H\u00e4lfte der CDU\/CSU (Werte-Union) nichts von den Demos halten, w\u00e4ren wir bei 35% = 16,5 Mio ablehnend und 30,6 Mio positiv zur Klimademo eingestellten B\u00fcrgern, wobei wir 14,7 Mio W\u00e4hler keiner Gruppe zugeordnet haben, weil sie nicht gew\u00e4hlt haben. <\/p>\n\n\n\n<p>Fassen wir das mal zusammen, haben trotz des immensen Propaganda-Aufwands der Politik, des \u00d6R-Fernsehens, des gesamten linken Medienspektrums (also aller gro\u00dfen Medien), den Kirchen, den Gewerkschaften, den Arbeitgebern des \u00f6ffentlichen Dienstes und vielen privaten Arbeitgebern gerade einmal <strong>5,3%<\/strong> der Leute, die aufgrund ihrer Einstellung zu den Demos h\u00e4tten gehen <strong>m\u00fcssen<\/strong> (Gr\u00fcn-W\u00e4hler), aktiviert werden k\u00f6nnen. Nehmen wir die gesamte in Frage kommende Zielgruppe, sind es nur <strong>1,96%<\/strong>, bezogen auf alle zur Wahl gegangenen <strong>1,28%<\/strong>, bezogen auf alle Wahlberechtigten 0,97% und bezogen auf alle B\u00fcrger (hier m\u00fcssen wir die heraus gerechneten Sch\u00fcler wieder dazu rechnen) <strong>1,10%<\/strong>.<\/p>\n\n\n\n<p>Oder nochmals anders herum gerechnet: <strong>98,9%<\/strong> der Einwohner Deutschland geht das Ganze am Arsch vorbei. Selbst wenn wir davon nochmals ziemlich viele Leute abziehen, die nicht kommen konnten, weil sie zu alt, zu jung oder zu krank waren oder irgendwo im Moor wohnen und nicht weg konnten oder ganz einfach nicht frei bekommen haben, liegen wir immer noch bei Prozentzahlen, mit denen in kommunistischen Systemen das Politb\u00fcro best\u00e4tigt wird und weit jenseits der Zahlen, mit denen man in den Qualit\u00e4tsparteien Vorsitzender wird. <\/p>\n\n\n\n<p>Man muss also wirklich mal die Verh\u00e4ltnisse betrachten und darf sich nicht von Absolutzahlen beeindrucken lassen. Die \u00fcberw\u00e4ltigende Mehrheit der Bev\u00f6lkerung steht anscheinend NICHT hinter dem ganzen Unfug, und die Merkelparteien werden das auch noch als Gegenwind zu sp\u00fcren bekommen, wenn es immer mehr Leuten aufgrund des widersinnigen Schwachsinns immer schlechter geht. Vielleicht haben die das auch schon irgendwie realisiert, denn gemessen an dem ganzen Aufwand kann man das Ergebnis des Kriegskabinetts nur mit &#8222;Der Berg krei\u00dft und gebiert eine Maus&#8220; umschreiben. Trotzdem ist auch das noch schlimm genug und wird sich r\u00e4chen.<\/p>\n","protected":false},"excerpt":{"rendered":"<p>Mit der Schlagzeile &#8222;Millionen gehen f\u00fcr den Klimaschutz auf die Stra\u00dfe&#8220; versuchen die Qualit\u00e4tsl\u00fcgenmedien eine \u00fcberw\u00e4ltigende Mehrheit zu suggerieren, was noch dadurch verst\u00e4rkt wird, dass man von &#8222;Demonstration&#8220; \u00fcber den Begriff &#8222;Protest&#8220; inzwischen zum Begriff &#8222;Streik&#8220; gewechselt hat. Download Artikel als PDF<\/p>\n","protected":false},"author":1,"featured_media":0,"comment_status":"open","ping_status":"closed","sticky":false,"template":"","format":"standard","meta":{"footnotes":""},"categories":[12,20,18,3],"tags":[],"class_list":["post-3573","post","type-post","status-publish","format-standard","hentry","category-gesellschaft","category-journalismus","category-klima","category-mediennutzung"],"post_mailing_queue_ids":[],"_links":{"self":[{"href":"https:\/\/gilbertbrands.de\/blog\/wp-json\/wp\/v2\/posts\/3573","targetHints":{"allow":["GET"]}}],"collection":[{"href":"https:\/\/gilbertbrands.de\/blog\/wp-json\/wp\/v2\/posts"}],"about":[{"href":"https:\/\/gilbertbrands.de\/blog\/wp-json\/wp\/v2\/types\/post"}],"author":[{"embeddable":true,"href":"https:\/\/gilbertbrands.de\/blog\/wp-json\/wp\/v2\/users\/1"}],"replies":[{"embeddable":true,"href":"https:\/\/gilbertbrands.de\/blog\/wp-json\/wp\/v2\/comments?post=3573"}],"version-history":[{"count":1,"href":"https:\/\/gilbertbrands.de\/blog\/wp-json\/wp\/v2\/posts\/3573\/revisions"}],"predecessor-version":[{"id":3574,"href":"https:\/\/gilbertbrands.de\/blog\/wp-json\/wp\/v2\/posts\/3573\/revisions\/3574"}],"wp:attachment":[{"href":"https:\/\/gilbertbrands.de\/blog\/wp-json\/wp\/v2\/media?parent=3573"}],"wp:term":[{"taxonomy":"category","embeddable":true,"href":"https:\/\/gilbertbrands.de\/blog\/wp-json\/wp\/v2\/categories?post=3573"},{"taxonomy":"post_tag","embeddable":true,"href":"https:\/\/gilbertbrands.de\/blog\/wp-json\/wp\/v2\/tags?post=3573"}],"curies":[{"name":"wp","href":"https:\/\/api.w.org\/{rel}","templated":true}]}}