{"id":3552,"date":"2019-09-20T10:00:44","date_gmt":"2019-09-20T08:00:44","guid":{"rendered":"https:\/\/gilbertbrands.de\/blog\/?p=3552"},"modified":"2019-09-20T10:00:45","modified_gmt":"2019-09-20T08:00:45","slug":"deutschland-1944","status":"publish","type":"post","link":"https:\/\/gilbertbrands.de\/blog\/2019\/09\/20\/deutschland-1944\/","title":{"rendered":"Deutschland 1944"},"content":{"rendered":"\n<p>Der Weltkrieg tobt auf seinem H\u00f6hepunkt. Die Wehrmacht k\u00e4mpft zum Ende des Sommers an der von der Ostsee bis zum schwarzen Meer reichenden Ostfront, in Italien an der S\u00fcdfront, in S\u00fcdfrankreich an der S\u00fcdwestfront und in Nordfrankreich an der Invasionsfront.<\/p>\n\n\n\n<!--more-->\n\n\n\n<p>Der Krieg ist schon lange verloren. Hitler und seine Leute wussten das seit dem Steckenbleiben der Russlandoffensive. Die Bev\u00f6lkerung leidet unter 1.000-Bomber-Raids auf die Wohngebiete der deutschen Gro\u00dfst\u00e4dte, deren Intensit\u00e4t allerdings erst Wochen vor Kriegsende 1945 ihre H\u00f6hepunkte erreichen soll. Die Verlustlisten an Soldaten und Zivilisten steigen in schwindelerregende H\u00f6hen. <\/p>\n\n\n\n<p>Trotz des Unausweichbaren schl\u00e4gt die Stunde der Propagandisten. Goebbels rei\u00dft die angereisten Zuh\u00f6ren im Berliner Sportpalast mit seiner &#8222;Wollt ihr den totalen Krieg?&#8220;-Rede trotz allen sichtbaren Desasters von den St\u00fchlen.<\/p>\n\n\n\n<figure class=\"wp-block-image\"><img loading=\"lazy\" decoding=\"async\" width=\"800\" height=\"560\" src=\"https:\/\/gilbertbrands.de\/blog\/wp-content\/uploads\/2019\/09\/Bundesarchiv_Bild_183-J05235_Berlin_Gro\u00dfkundgebung_im_Sportpalast.jpg\" alt=\"\" class=\"wp-image-3553\" srcset=\"https:\/\/gilbertbrands.de\/blog\/wp-content\/uploads\/2019\/09\/Bundesarchiv_Bild_183-J05235_Berlin_Gro\u00dfkundgebung_im_Sportpalast.jpg 800w, https:\/\/gilbertbrands.de\/blog\/wp-content\/uploads\/2019\/09\/Bundesarchiv_Bild_183-J05235_Berlin_Gro\u00dfkundgebung_im_Sportpalast-300x210.jpg 300w, https:\/\/gilbertbrands.de\/blog\/wp-content\/uploads\/2019\/09\/Bundesarchiv_Bild_183-J05235_Berlin_Gro\u00dfkundgebung_im_Sportpalast-768x538.jpg 768w\" sizes=\"auto, (max-width: 800px) 100vw, 800px\" \/><figcaption>Das deutsche Volk fordert den grossen Krafteinsatz zur Erzwingung des Sieges.\nAm Donnerstagabend fand im Berliner Sportpalast eine Grosskundgebung der Bev\u00f6lkerung Berlins statt, in der Reichsminister Dr. Goebbels mit schonungsloser Offenheit die Gefahr aufzeigte, in der Europa schwebt. Die von dem alten nationalsozialistischen Kampfgeist getragene Veranstaltung brachte das einm\u00fctige und leidenschaftliche Bekenntnis der Teilnehmer, der M\u00e4nner und Frauen, der Ritterkreuztr\u00e4ger und R\u00fcstungsarbeiter, der Verwundeten und zahllosen M\u00e4nner aus allen Schaffens- und Wissensgebieten, den Krieg r\u00fccksichtslos und in seiner radikalsten Totalit\u00e4t zu f\u00fchren und den Sieg \u00fcber den Bolschewismus zu erzwingen.\nUBz: Uebersicht \u00fcber den Sportpalast w\u00e4hrend der Kundgebung.\nFot. Schwahn 18.2.1943 J 5235<\/figcaption><\/figure>\n\n\n\n<p>Hitlers Kriegskabinett beschlie\u00dft den totalen Krieg auch f\u00f6rmlich durch ein Gesetz.<\/p>\n\n\n\n<figure class=\"wp-block-image\"><img loading=\"lazy\" decoding=\"async\" width=\"703\" height=\"1023\" src=\"https:\/\/gilbertbrands.de\/blog\/wp-content\/uploads\/2019\/09\/703px-Deutsches_Reichsgesetzblatt_44T1_034_0161.jpg\" alt=\"\" class=\"wp-image-3554\" srcset=\"https:\/\/gilbertbrands.de\/blog\/wp-content\/uploads\/2019\/09\/703px-Deutsches_Reichsgesetzblatt_44T1_034_0161.jpg 703w, https:\/\/gilbertbrands.de\/blog\/wp-content\/uploads\/2019\/09\/703px-Deutsches_Reichsgesetzblatt_44T1_034_0161-206x300.jpg 206w\" sizes=\"auto, (max-width: 703px) 100vw, 703px\" \/><\/figure>\n\n\n\n<p>Dem Volk werden im Rundfunk Erfolgsmeldungen von den Fronten verk\u00fcndet, die in &#8222;erfolgreichen Frontverk\u00fcrzungen&#8220; bestehen &#8211; im Klartext halbwegs geordneter R\u00fcckzug oder heillose Flucht. Gleichzeitig werden Berichte \u00fcber Wunderwaffen herausgegeben, die den Endsieg bringen werden. Man m\u00fcsse nur lange genug durchhalten. <em>Anmerkung: einen Gro\u00dfteil der Wunderwaffen gab es wirklich, aber das Reich war l\u00e4ngst zu ausgeblutet, um sie wirksam einsetzen zu k\u00f6nnen.<\/em> Andere Nachrichten wurden nicht gebracht, das H\u00f6ren anderer Sender (Feindsender) war bei schwerer Strafe verboten.<\/p>\n\n\n\n<p>Besonders Kinder, aber auch viele j\u00fcngere Leute wurden von den Propaganda-Trupps fanatisiert. Obwohl nahezu alle Fakten offen zu sehen waren und ein Gro\u00dfteil der Leute auch wusste, dass alles nur noch Show war, glaubten diese Fanatiker intensiv an alle Parolen und setzten ihre Mitmenschen einem Gesinnungsterror aus, der auch innerhalb der Familien keinen Halt machte. Kinder denunzierten ihre Eltern oder Nachbarn oder gingen heimt\u00fcckisch auf gegnerische Soldaten los, wenn die eigenen schon l\u00e4ngst ihr Heil in der Flucht gesucht hatten. Noch nach der Kapitulation erwiesen sich viele der Fanatisierten als v\u00f6llig Faktenresistent, selbst wenn man ihnen Nachweise vorlegte. <\/p>\n\n\n\n<p>Das Deutsche Reich hatte den Krieg so gr\u00fcndlich wie m\u00f6glich verloren, aber gleichzeitig gezeigt, dass gegen geschickt eingesetzte Propaganda jede Realit\u00e4t auf verlorenem Posten steht. Mussten Stalin, Mao und andere kommunistische F\u00fchrer ihr System mit \u00e4u\u00dferster Brutalit\u00e4t gegen das gesamte Volk durchsetzen, blieb das Deutsche Reich Propaganda-Weltmeister, das zwar vergleichbar brutal vorging, aber nur gegen den widerspenstigen Teil des Volkes und nicht gegen das ganze.<\/p>\n\n\n\n<hr class=\"wp-block-separator\"\/>\n\n\n\n<p><strong>Cut! Deutschland 2019<\/strong>. Es brennt wieder. Die Energieversorgung wird zunehmend unsicherer. Fachleute bef\u00fcrchten einen Blackout, der bis jetzt nur knapp verhindert werden konnte. Die Direktoren der Reste der Schwerindustrie sprechen davon, dass ein Stromausfall von nur 4 Stunden aus ihren H\u00fcttenbetrieben nicht reparierbaren Schrott macht. Die Automobilindustrie entl\u00e4sst aufgrund der Negativpropaganda zunehmend mehr Leute, Zulieferer, die meist ein Vielfaches an Besch\u00e4ftigten der Konzerne aufweisen, specken ab, verlagern ins Ausland oder gehen in Insolvenz. Selbst die Windkraftbranche bleibt davon nicht verschont und weist mehrere Insolvenzen sowie den Verlust von 30.000 Arbeitspl\u00e4tzen innerhalb eines Jahres auf. Banken rangieren im Dasein von Zombies und entlassen ebenfalls massenhaft Leute, andere Branchen ziehen nach. Gefragt, ob sie eine Technikfeindlichkeit in Deutschland bef\u00fcrchten, antworten Manager &#8222;Was hei\u00dft bef\u00fcrchten? Die ist schon l\u00e4ngst eingetreten!&#8220;. Die Sozialsysteme sind inzwischen mindestens so \u00fcberdehnt wie die Fronten 1944. Eine deutsche Rentnerin, die sich um ihre Familien gek\u00fcmmert und trotzdem den gr\u00f6\u00dften Teil ihres Lebens gearbeitet hat, wird teilweise mit weniger als 1.000 \u20ac Rente im Monat nach Hause geschickt; ein so genannter unbegleiteter Jugendlicher mit Vollbart wird je nach Bundesland mit einem Aufwand vom 4.500 &#8211; 8.200 \/Monat durchgef\u00fcttert und darf anschlie\u00dfend &#8211; Herkunftsland nach eigener Aussage bei Asylantragstellung Syrien &#8211; seine komplette Gro\u00dffamilie aus Afghanistan nachholen, ebenfalls f\u00fcrstlich versorgt zu Lasten deutscher Versorgungsempf\u00e4nger. Man muss nur hinschauen, um zu sehen, wo das Ganze endet. Die Fakten liegen offen da.<\/p>\n\n\n\n<p>Und wieder Stunde der Propagandisten. Eine Klimakatastrophe wird aus dem Hut gezaubert. Mit allen nur erdenklichen L\u00fcgen und F\u00e4lschungen. Inseln versinken im Meer &#8211; allerdings wegen Sandabbaus und nicht wegen des Klimas. B\u00e4ume verdorren in der Hitze &#8211; allerdings weil die Besitzer die elementarsten Regeln der Artenauswahl missachtet haben und nicht wegen des Klimas. Der Anstieg irgendwelcher Messgr\u00f6\u00dfen ist dramatisch &#8211; allerdings weil der L\u00fcgner Lesch in der Grafik die Jahresangaben 1960-1995 durch 1990-2019 gef\u00e4lscht hat und nicht wegen eines Klimas. Die Gletscherschmelze nimmt dramatisch zu &#8211; weil man die Aufnahmen im Hochsommer macht und nicht aufgrund einer dramatischen Klima\u00e4nderung. Abgase und Feinstaub von Autos sind t\u00f6tlich &#8211; obwohl das medizinisch gesehen eine L\u00fcge ist und die Umwelt in der Geschichte der Zivilisation noch nie sauberer war. <\/p>\n\n\n\n<p>Wieder berichtet die Presse von &#8222;Wunderwaffen&#8220;: Filter, die die Luft in den St\u00e4dten reinigen k\u00f6nnen, Filter, mit denen die CO2-Konzentration in der Atmosph\u00e4re verringert werden soll, Windkraftanlagen, die konventionelle Kraftwerke ersetzen sollen, virtuelle Stromspeicher, die reale Stromspeicher ersetzen sollen, Elektroautos, die mehr CO2 und Umweltsch\u00e4den produzieren als Verbrenner, usw usw. Und wieder werden Feindmedien und Kritiker ge\u00e4chtet. Wer Berichte auf achgut.com oder TE liest, ist ein Nazi, genau wie die AfD und inzwischen auch die H\u00e4lfte der CDU, die sich dem Diktat von L\u00fcgenkanzlerin Merkel (den Titel darf man inzwischen ganz offen verwenden) und ihrer Speichelleckerclique verweigert (so genannte Werte-Union). <\/p>\n\n\n\n<p>Und wieder werden besonders und absichtlich die Jugend und die j\u00fcngeren Leute fanatisiert. Wieder tyrannisieren sie ihre Umgebung, wieder protegiert von der politischen Klasse. Wieder liegen alle Fakten auf dem Tisch, und wieder ist jeder Versuch, mit Fakten und Begr\u00fcndungen durchzudringen, v\u00f6llig vergeblich. Bildlich gesprochen k\u00f6nnte man ihre Nase mit Gewalt in einen wurmigen Haufen Hundeschei\u00dfe pressen und sie w\u00fcrden anschlie\u00dfend immer noch behaupten, es handele sich um Schwarzw\u00e4lder Kirschtorte. Wieder arbeitet die Jugend an der Demontage ihrer Zukunft mit dem Argument, die anderen w\u00fcrden ihnen ihre Zukunft verderben. The same procedure as 1944\/45.<\/p>\n\n\n\n<p>Heute, am 20.9.2019, tritt in Berlin das Klimakabinett zusammen. Auf die Gesellschaft wurde wochenlang medial eingetrommelt, um diesen Begriff zu etablieren, der nicht von ungef\u00e4hr an das Kriegskabinett von Adolf Hitler ankn\u00fcpft. Der hat, wie Merkel auch, ohne Reichstag regiert. Und das Volk ist bereits darauf vorbereitet, nach dem<\/p>\n\n\n\n<h4 class=\"wp-block-heading\" style=\"text-align:center\">Erlass der \u00dcbermutter \u00fcber die unkontrollierte Invasion in die Sozialsysteme<\/h4>\n\n\n\n<p>nun der <\/p>\n\n\n\n<h4 class=\"wp-block-heading\" style=\"text-align:center\">Erlass der \u00dcbermutter \u00fcber den totalen Klimakrieg<\/h4>\n\n\n\n<p>folgt. Und den wird die links-gr\u00fcne Mischpoke totaler und radikaler f\u00fchren, als man sich das heute \u00fcberhaupt vorstellen kann, um den Sieg \u00fcber die moderne Technologie zu erringen. <\/p>\n\n\n\n<p>Man muss kein Prophet sein, um zu prognostizieren, wo das endet. N\u00e4mlich genau dort, wo es 1945 geendet hat. Den k\u00fcnstlich produzierten Feind wird man nicht bezwingen, aber Deutschland wird es danach (wieder einmal) nicht mehr geben. Ob es dann aber erneut die Amerikaner gibt, die einen Wiederaufbau hier zu f\u00f6rdern, weil der gegen den Feind notwendig ist, ist fraglich. Die UdSSR als Feind im kalten Krieg gibt es nicht mehr. Die US-Gegner sitzen im Iran und in China, und gegen die braucht man D wohl nicht mehr. <\/p>\n","protected":false},"excerpt":{"rendered":"<p>Der Weltkrieg tobt auf seinem H\u00f6hepunkt. Die Wehrmacht k\u00e4mpft zum Ende des Sommers an der von der Ostsee bis zum schwarzen Meer reichenden Ostfront, in Italien an der S\u00fcdfront, in S\u00fcdfrankreich an der S\u00fcdwestfront und in Nordfrankreich an der Invasionsfront. Download Artikel als PDF<\/p>\n","protected":false},"author":1,"featured_media":0,"comment_status":"open","ping_status":"closed","sticky":false,"template":"","format":"standard","meta":{"footnotes":""},"categories":[24,12,18],"tags":[],"class_list":["post-3552","post","type-post","status-publish","format-standard","hentry","category-geschichte","category-gesellschaft","category-klima"],"post_mailing_queue_ids":[],"_links":{"self":[{"href":"https:\/\/gilbertbrands.de\/blog\/wp-json\/wp\/v2\/posts\/3552","targetHints":{"allow":["GET"]}}],"collection":[{"href":"https:\/\/gilbertbrands.de\/blog\/wp-json\/wp\/v2\/posts"}],"about":[{"href":"https:\/\/gilbertbrands.de\/blog\/wp-json\/wp\/v2\/types\/post"}],"author":[{"embeddable":true,"href":"https:\/\/gilbertbrands.de\/blog\/wp-json\/wp\/v2\/users\/1"}],"replies":[{"embeddable":true,"href":"https:\/\/gilbertbrands.de\/blog\/wp-json\/wp\/v2\/comments?post=3552"}],"version-history":[{"count":1,"href":"https:\/\/gilbertbrands.de\/blog\/wp-json\/wp\/v2\/posts\/3552\/revisions"}],"predecessor-version":[{"id":3555,"href":"https:\/\/gilbertbrands.de\/blog\/wp-json\/wp\/v2\/posts\/3552\/revisions\/3555"}],"wp:attachment":[{"href":"https:\/\/gilbertbrands.de\/blog\/wp-json\/wp\/v2\/media?parent=3552"}],"wp:term":[{"taxonomy":"category","embeddable":true,"href":"https:\/\/gilbertbrands.de\/blog\/wp-json\/wp\/v2\/categories?post=3552"},{"taxonomy":"post_tag","embeddable":true,"href":"https:\/\/gilbertbrands.de\/blog\/wp-json\/wp\/v2\/tags?post=3552"}],"curies":[{"name":"wp","href":"https:\/\/api.w.org\/{rel}","templated":true}]}}