{"id":3537,"date":"2019-09-17T17:23:11","date_gmt":"2019-09-17T15:23:11","guid":{"rendered":"https:\/\/gilbertbrands.de\/blog\/?p=3537"},"modified":"2019-09-17T17:23:12","modified_gmt":"2019-09-17T15:23:12","slug":"wie-lange-noch-bis-zu-den-ersten-klimahype-toten","status":"publish","type":"post","link":"https:\/\/gilbertbrands.de\/blog\/2019\/09\/17\/wie-lange-noch-bis-zu-den-ersten-klimahype-toten\/","title":{"rendered":"Wie lange noch bis zu den ersten Klimahype-Toten?"},"content":{"rendered":"\n<p>Tote und lebensl\u00e4nglich Gesch\u00e4digte der Wahnsinnspolitik haben wir ja auch ohne Klimawahnsinn schon zu Hauf: von Kulturbereicherern mit einem LKW \u00fcberfahren, abgestochen, vergewaltigt und erw\u00fcrgt oder nur vergewaltigt und zum Kr\u00fcppel geschlagen usw.<\/p>\n\n\n\n<!--more-->\n\n\n\n<p>An der Stelle ist es an der Zeit, sich als Rassist, Nazi oder sonst was zu bekennen, denn bereit die Erw\u00e4hnung von Fakten &#8211; dass Kulturbereicherer um ein mehrfaches Gewaltkrimineller sind als Leute mit deutschem Pass (auch hierunter wieder viele, die eben nicht l\u00e4nger hier wohnen) -gen\u00fcgt ja schon, um des Hasses bezichtigt zu werden. Und schon l\u00e4nger ist es so, dass in den Qualit\u00e4tsmedien zur Hassvermeidung l\u00e4ngst nicht alle F\u00e4lle erscheinen. Ein ermordetes M\u00e4dchen in Kandel ist nach \u00d6R-Fernsehmeinung nicht landesweit von Belang, eine Schwulendemo in Venezuela allerdings schon. <\/p>\n\n\n\n<p>Dabei ist das nur das, was den gemeinen B\u00fcrger betrifft. \u00dcber weniger gut angesehene Mitglieder der Gesellschaft wird gar nicht berichtet. So sucht man vergebens nach Berichten, dass es den t\u00fcrkischen und arabischen Clans inzwischen durch afrikanische Negerbanden (Gutmenschen aufgepasst! Hier aufregen!), deren Mafia-Chefs irgendwo in Lagos oder sonstwo residieren, oder ehemals in Syrien oder dem Irak marodierenden B\u00fcrgerkriegsverbrechern, die hier als &#8222;Schutzsuchende&#8220; unkontrolliert in gr\u00f6\u00dferen Mengen einsickern, an den Kragen geht. Es gibt immer noch ein paar, die sind noch brutaler, wie nun auch die heimischen kriminellen Araber feststellen m\u00fcssen. <\/p>\n\n\n\n<p>Ganz unten in der Hackordnung residiert die deutsche Polizei, der in St\u00e4dten wie Berlin, Hamburg, Bremen oder Essen die Kontrolle vollst\u00e4ndig entglitten ist. Sie kann nur noch zusehen, und wenn sie doch mal was macht, werden die Gangster von Staatsanw\u00e4lten oder Richtern wieder freigelassen (&#8222;Ey, Alder! Isch wei\u00df, wo dein Haus wohnt!&#8220;), falls nicht Politiker von vornherein ihre sch\u00fctzende Hand \u00fcber die Gangster halten. Denn auch in diesen Kreisen haben die ausl\u00e4ndischen Clans bereits ihre U-Boote installiert (&#8222;Ich erkenne keine deutsche Kultur!&#8220; &#8211; &#8222;Islamischer Terroranschlag? Ich muss mich als Muslima daf\u00fcr nicht rechtfertigen!&#8220;). Der der Polizei anvertraute Schutz der B\u00fcrger besteht inzwischen in guten Ratschl\u00e4gen, Abstand zu anderen Leuten zu halten, nicht mehr \u00fcberall zu jeder Zeit hinzugehen oder keine S-Bahn mehr zu fahren. <\/p>\n\n\n\n<p>Als wenn das noch nicht gen\u00fcgt, machen jetzt die Linksterroristen mobil. In vielen St\u00e4dten brennen jede Nacht Autos, des Klimas wegen. Presseberichte: keine. Aufkl\u00e4rungsquote durch die Polizei: Null. Die linksterroristischen Organisationen &#8222;Sand im Getriebe&#8220;, &#8222;Ende Gel\u00e4nde&#8220; und andere Antifa-Gruppierungen \u00fcbernehmen ganz offen die FFF-Jugendbewegung, was beispielsweise von einem Herr Steinmeier, angeblicher Bundespr\u00e4sident, in Berlin auch noch begr\u00fc\u00dft wird. Nicht nur das: die Oberf\u00fchrer der Terrorgruppen werden auch noch ganz offiziell ins \u00f6ffentlich-rechtliche Propaganda-Fernsehen eingeladen und d\u00fcrfen dort &#8222;Aktionen&#8220; ank\u00fcndigen, die im besten Fall auf Landfriedensbruch, Hausfriedensbruch, N\u00f6tigung und schwere Sachbesch\u00e4digung hinauslaufen. Reaktion der Polizei: sie l\u00e4sst sich von diesen linken Terroristen auch noch kontrollieren. <\/p>\n\n\n\n<p>Daf\u00fcr feiert der &#8222;Kampf gegen Rechts&#8220; fr\u00f6hliche Urst\u00e4nd, wobei Rechts nicht nur die NPD und die AfD, sondern inzwischen auch gr\u00f6\u00dfere Teile der CDU und der CSU geh\u00f6ren. Wer sich verbal wehrt, ist ein Nazi, wer sich k\u00f6rperlich gegen einen Angriff wehrt, wird von links-gr\u00fcn verstrahlten Gerichten wegen &#8222;provozierter Notwehr&#8220; verurteilt, w\u00e4hrend der linke Gewaltt\u00e4ter straffrei ausgeht. Wo k\u00e4men wir denn auch hin, wenn ein durch die politische Gesinnung gerechtfertigter Schlag eines linken Aktivisten mit einem Kantholz von einem Rechten auch noch abgewehrt wird.<\/p>\n\n\n\n<p>Inzwischen mehren sich die &#8222;Aktionen&#8220; gegen Autofahrer, da man das ja straffrei machen kann. Die aufgehetzten FFF-Kids werden sicher ebenfalls bald zum Grillanz\u00fcnder und Sturmfeuerzeug greifen: einfach unter einen Reifen legen, 1-2 Sekunden das Feuerzeug dranhalten und weggehen. Und da davon auszugehen ist, dass die B\u00fcrger dann immer noch nichts lernen und weiter mit dem Auto zur Arbeit fahren, um das Geld f\u00fcr die Faulenzer zu verdienen, d\u00fcrften auch bald die ersten Autos brennen, wenn die Fahrer noch drin sitzen. Der Klimatod ist doch immer wieder der sch\u00f6nste Tod!<\/p>\n\n\n\n<p>Hirngespinste? <a href=\"https:\/\/de.wikipedia.org\/wiki\/Rote_Garden_(China)\">Ich glaube nicht!<\/a><\/p>\n","protected":false},"excerpt":{"rendered":"<p>Tote und lebensl\u00e4nglich Gesch\u00e4digte der Wahnsinnspolitik haben wir ja auch ohne Klimawahnsinn schon zu Hauf: von Kulturbereicherern mit einem LKW \u00fcberfahren, abgestochen, vergewaltigt und erw\u00fcrgt oder nur vergewaltigt und zum Kr\u00fcppel geschlagen usw. Download Artikel als PDF<\/p>\n","protected":false},"author":1,"featured_media":0,"comment_status":"open","ping_status":"closed","sticky":false,"template":"","format":"standard","meta":{"footnotes":""},"categories":[20,18,6,13],"tags":[],"class_list":["post-3537","post","type-post","status-publish","format-standard","hentry","category-journalismus","category-klima","category-politik","category-recht"],"post_mailing_queue_ids":[],"_links":{"self":[{"href":"https:\/\/gilbertbrands.de\/blog\/wp-json\/wp\/v2\/posts\/3537","targetHints":{"allow":["GET"]}}],"collection":[{"href":"https:\/\/gilbertbrands.de\/blog\/wp-json\/wp\/v2\/posts"}],"about":[{"href":"https:\/\/gilbertbrands.de\/blog\/wp-json\/wp\/v2\/types\/post"}],"author":[{"embeddable":true,"href":"https:\/\/gilbertbrands.de\/blog\/wp-json\/wp\/v2\/users\/1"}],"replies":[{"embeddable":true,"href":"https:\/\/gilbertbrands.de\/blog\/wp-json\/wp\/v2\/comments?post=3537"}],"version-history":[{"count":1,"href":"https:\/\/gilbertbrands.de\/blog\/wp-json\/wp\/v2\/posts\/3537\/revisions"}],"predecessor-version":[{"id":3538,"href":"https:\/\/gilbertbrands.de\/blog\/wp-json\/wp\/v2\/posts\/3537\/revisions\/3538"}],"wp:attachment":[{"href":"https:\/\/gilbertbrands.de\/blog\/wp-json\/wp\/v2\/media?parent=3537"}],"wp:term":[{"taxonomy":"category","embeddable":true,"href":"https:\/\/gilbertbrands.de\/blog\/wp-json\/wp\/v2\/categories?post=3537"},{"taxonomy":"post_tag","embeddable":true,"href":"https:\/\/gilbertbrands.de\/blog\/wp-json\/wp\/v2\/tags?post=3537"}],"curies":[{"name":"wp","href":"https:\/\/api.w.org\/{rel}","templated":true}]}}