{"id":3468,"date":"2019-09-01T11:43:24","date_gmt":"2019-09-01T09:43:24","guid":{"rendered":"https:\/\/gilbertbrands.de\/blog\/?p=3468"},"modified":"2019-09-01T11:43:26","modified_gmt":"2019-09-01T09:43:26","slug":"wanted-for-douchebaggery","status":"publish","type":"post","link":"https:\/\/gilbertbrands.de\/blog\/2019\/09\/01\/wanted-for-douchebaggery\/","title":{"rendered":"Wanted for Douchebaggery"},"content":{"rendered":"\n<p>Folgende Person wird wegen fortgesetzter Dumpfbackigkeit gesucht:<\/p>\n\n\n\n<!--more-->\n\n\n\n<div class=\"wp-block-image\"><figure class=\"aligncenter\"><img decoding=\"async\" src=\"https:\/\/gilbertbrands.de\/blog\/wp-content\/uploads\/2019\/09\/432px-2017-10-17_Grundsteinlegung_Landtag_Rheinland-Pfalz_by_Olaf_Kosinsky-79_cropped.jpg\" alt=\"\" class=\"wp-image-3469\"\/><figcaption>Julia Kl\u00f6ckner, CDU<br>wikipedia: https:\/\/creativecommons.org\/licenses\/by-sa\/3.0\/deed.en<\/figcaption><\/figure><\/div>\n\n\n\n<p>Frau Kl\u00f6cker plant &#8222;aufgrund des dramatischen Waldsterbens&#8220; seit 2018 <a href=\"https:\/\/www.abendblatt.de\/vermischtes\/article226649967\/Waldsterben-So-wollen-CDU-und-CSU-die-Natur-retten.html\">einen Krisengipfel<\/a>, um mit einer halben Milliarde Euro den deutschen Wald zu retten. Der Plan sieht vor, Waldbesitzer zu unterst\u00fctzen und B\u00e4ume in gro\u00dfer Anzahl neu anzupflanzen.<\/p>\n\n\n\n<p><strong>Bl\u00f6dsinn 1<\/strong>: Der Wald stirbt nicht. Hat er schon 1980 nicht gemacht, weder in Deutschland, wo schon damals irre Anstrengungen gegen das Waldsterben gemacht wurden, noch weiter im Osten, wo keinerlei Anstrengungen unternommen wurden.<\/p>\n\n\n\n<p>Nach 2 relativ trockenen Jahren stehen in manchen W\u00e4ldern tats\u00e4chlich ein paar sehr gestresste B\u00e4ume. Das liegt allerdings eher an den Waldbesitzern als an den trockenen Jahren, die es immer wieder mal in dieser oder noch l\u00e4ngerer Folge gegeben hat. Wer wasserbed\u00fcrftige Baumarten in gro\u00dfer Dichte auf ungeeignete Standorte setzt, vorzugsweise Fichten und Tannen, die ihren Laubbestand nicht wie Eichen und Buchen regulieren k\u00f6nnen oder wie Kiefern von vornherein Trockenheit gut vertragen, muss sich nicht wundern, wenn die die Ohren (oder Nadeln) h\u00e4ngen lassen. Wer sich als mitteleurop\u00e4ischer Kalkeimer nackt in die W\u00fcste neben eine afrikanische Dachpappe stellt, bekommt auch wesentlich schneller einen fiesen Sonnenbrand.<\/p>\n\n\n\n<p>Die halbe Milliarde dient vorzugsweise dazu, unf\u00e4hige Waldbesitzer zu subventionieren.<\/p>\n\n\n\n<p><strong>Bl\u00f6dsinn 2<\/strong> (und der noch markantere Aufh\u00e4nger f\u00fcr den Steckbrief): W\u00e4hrend Frau Kl\u00f6ckner mit gro\u00dfem medialen Aufwand B\u00e4ume pflanzen will, hat sie nichts dagegen, wenn alte, gegen Wetterkapriolen unempfindliche W\u00e4lder wie der Odenwald, der Nordscharzwald (zus\u00e4tzlich inzwischen Nationalpark), der Reinhardswald und weitere W\u00e4lder Hessens gro\u00dffl\u00e4chig f\u00fcr das Aufstellen von Windkraftwerken gerodet werden, wobei nicht nur der Wald, sondern auch der Wasserhaushalt massiv gest\u00f6rt wird. Die Windm\u00fchlen stehen zudem an ung\u00fcnstigen Standorten und liefern wenig Energie.<\/p>\n\n\n\n<hr class=\"wp-block-separator\"\/>\n\n\n\n<p>Wer so viel Unfug generiert, <br>f\u00fcr den ein Steckbrief reserviert.<br>Man sagt es ihr, doch sie h\u00f6rt nie,<br>drum ist es auch Idiotie  <\/p>\n\n\n\n<p><\/p>\n","protected":false},"excerpt":{"rendered":"<p>Folgende Person wird wegen fortgesetzter Dumpfbackigkeit gesucht: Download Artikel als PDF<\/p>\n","protected":false},"author":1,"featured_media":0,"comment_status":"open","ping_status":"closed","sticky":false,"template":"","format":"standard","meta":{"footnotes":""},"categories":[1],"tags":[],"class_list":["post-3468","post","type-post","status-publish","format-standard","hentry","category-allgemein"],"post_mailing_queue_ids":[],"_links":{"self":[{"href":"https:\/\/gilbertbrands.de\/blog\/wp-json\/wp\/v2\/posts\/3468","targetHints":{"allow":["GET"]}}],"collection":[{"href":"https:\/\/gilbertbrands.de\/blog\/wp-json\/wp\/v2\/posts"}],"about":[{"href":"https:\/\/gilbertbrands.de\/blog\/wp-json\/wp\/v2\/types\/post"}],"author":[{"embeddable":true,"href":"https:\/\/gilbertbrands.de\/blog\/wp-json\/wp\/v2\/users\/1"}],"replies":[{"embeddable":true,"href":"https:\/\/gilbertbrands.de\/blog\/wp-json\/wp\/v2\/comments?post=3468"}],"version-history":[{"count":1,"href":"https:\/\/gilbertbrands.de\/blog\/wp-json\/wp\/v2\/posts\/3468\/revisions"}],"predecessor-version":[{"id":3470,"href":"https:\/\/gilbertbrands.de\/blog\/wp-json\/wp\/v2\/posts\/3468\/revisions\/3470"}],"wp:attachment":[{"href":"https:\/\/gilbertbrands.de\/blog\/wp-json\/wp\/v2\/media?parent=3468"}],"wp:term":[{"taxonomy":"category","embeddable":true,"href":"https:\/\/gilbertbrands.de\/blog\/wp-json\/wp\/v2\/categories?post=3468"},{"taxonomy":"post_tag","embeddable":true,"href":"https:\/\/gilbertbrands.de\/blog\/wp-json\/wp\/v2\/tags?post=3468"}],"curies":[{"name":"wp","href":"https:\/\/api.w.org\/{rel}","templated":true}]}}