{"id":3415,"date":"2019-08-22T17:47:50","date_gmt":"2019-08-22T15:47:50","guid":{"rendered":"https:\/\/gilbertbrands.de\/blog\/?p=3415"},"modified":"2019-08-22T17:47:51","modified_gmt":"2019-08-22T15:47:51","slug":"unsere-forderungen","status":"publish","type":"post","link":"https:\/\/gilbertbrands.de\/blog\/2019\/08\/22\/unsere-forderungen\/","title":{"rendered":"UNSERE FORDERUNGEN"},"content":{"rendered":"\n<p>Ein Gastbeitrag von Karin Nagel, Moers<\/p>\n\n\n\n<ol class=\"wp-block-list\"><li>Wir brauchen eine sichere Stromversorgung durch  Kohle -und Atomkraftwerke. Deshalb m\u00fcssen diese weiter  betrieben werden und am Netz bleiben, weil Windkraft- und  Solaranlagen nicht grundlast- und \u00a0kaltstartf\u00e4hig \u00a0sind.<\/li><li>Kohlendioxid \u00a0darf nicht l\u00e4nger als Treibhausgas  ge\u00e4chtet werden. CO2 ist das Grundnahrungsmittel aller  Pflanzen, je h\u00f6her der Gehalt in der Luft ist, desto  besser wachsen Pflanzen.<\/li><li>Das Erdklima \u00e4ndert sich seit Jahrmillionen und wird haupts\u00e4chlich durch die Solaren Zyklen von 188, 463 und 1003 Jahren gesteuert. Wir leben jetzt seit dem Ende  der kleinen Eiszeit 1850 in einer warmen Zeit, die ab 2035-2070 wieder abgel\u00f6st wird durch Abk\u00fchlung der               globalen Temperaturen.<\/li><li>Deshalb darf Klimaschutz nicht in im Grundgesetz verankert werden.<\/li><\/ol>\n<div class=\"pdf24Plugin-cp\"> \t<form name=\"pdf24Form0\" method=\"post\" target=\"pdf24PopWin\" action=\"https:\/\/doc2pdf.pdf24.org\/wordpress.php\"><input type=\"hidden\" name=\"blogCharset\" value=\"Cw1x07UAAA==\" \/><input type=\"hidden\" name=\"blogPosts\" value=\"MwQA\" \/><input type=\"hidden\" name=\"blogUrl\" value=\"yygpKSi20tdPz8xJSi0qSSpKzEsp1ktJ1U\/KyU8HAA==\" \/><input type=\"hidden\" name=\"blogName\" value=\"c0\/NTc3My0jNLEnNU1BLzC2wVnBKzU9KTM4oKc1LT80DAA==\" \/><input type=\"hidden\" name=\"blogValueEncoding\" value=\"gzdeflate base64\" \/><input type=\"hidden\" name=\"postId_0\" value=\"MzYxNAUA\" \/><input type=\"hidden\" name=\"postTitle_0\" value=\"C\/ULdg1yVXDzD3JxDQr1c3f1AwA=\" \/><input type=\"hidden\" name=\"postLink_0\" value=\"BcHRDYAwCAXAifRVvtRtJCCaNNQA3d+7p+rLE7C3s0ZxXC65ioL7MFDbDrQdRJieGrrcI0RjuqnjBw==\" \/><input type=\"hidden\" name=\"postAuthor_0\" value=\"c8\/MSUotKgEA\" \/><input type=\"hidden\" name=\"postDateTime_0\" value=\"MzIwtNQ1sNA1MlIwNLcysLAyNQAA\" \/><input type=\"hidden\" name=\"postContent_0\" value=\"VVLBTttAEL3zFSPOSQhQWg5pJFQipNLSSiAh9TaOJ\/bi8W60uyYtX9MD38CJU\/1jfWOnqljJsndn\/Pa9N+9gsV2unKcrTrkQlyNX9Bg8XXPE6Q1XohP6GiSmxdF2eYC1CEpr5ZQ+Hu6200LDupmqS\/lwuVC3vHeRisjduhZP4rxQcviOQrc5hvYRQCFWna+o7OK6JroOtQpNO1\/SRQ5tE3mTdxIbmdGlpJq1oLZ\/TQlwpZMktANLiUSF5OikwDnaS7wMglu6kfxEhYpDaWLdSvfOlwPwdGii26Ac2SvUefLgl6mKqEDVvuXP74Y1p8wxb\/rn2lU4SUCZLY4g0oQOvH3pwk9n7SXHzR5K+2dfgSFrorsIHjV3qeJEVEn\/jA7Je8oz+vTthOAdlShfGQXPNV5Val3OosBQ0\/p9o+yfTM+DUN2\/wFAq8VwJDMqESdnuS7fJhjbBLuVgFsG3SDte1+bfP5T\/Ii5x7SqWjbqWCbSBkoeBUYLL9BlkWqfqgt\/7u3OxJOjZ5mRS1FrHQWI4o6\/o\/PGrgTdDjo7Pzyf07v3p8PfxfH46gKJYgaJ0uG9GlhkdJvmA2eXx7lJaWoEQDdKA54zDyqUnqx6fn81Ntp2awNjatahMBiJc0Mn89Gx6Mv8wB2cxCC6Q5f4FZg8iRtYXRdO\/1jrk0Yx+syoNBZuQO2m3Ejl38Y15+3gOo782C9O67hC+MQZg59pxqNBqoUT42Tdm8X78I9RR0OXBXw==\" \/><\/form> \t<div class=\"pdf24Plugin-cp-link\"> \t\t<a href=\"#\" onclick=\"var pdf24Win = window.open('about:blank', 'pdf24PopWin', 'resizable=yes,scrollbars=yes,width=600,height=250,left='+(screen.width\/2-300)+',top='+(screen.height\/3-125)+''); pdf24Win.focus(); document.pdf24Form0.submit(); if(typeof pdf24OnCreatePDF === 'function'){void(pdf24OnCreatePDF(this,pdf24Win));} return false;\">Download Artikel als PDF<\/a> \t<\/div> <\/div>","protected":false},"excerpt":{"rendered":"<p>Ein Gastbeitrag von Karin Nagel, Moers Wir brauchen eine sichere Stromversorgung durch Kohle -und Atomkraftwerke. Deshalb m\u00fcssen diese weiter betrieben werden und am Netz bleiben, weil Windkraft- und Solaranlagen nicht grundlast- und \u00a0kaltstartf\u00e4hig \u00a0sind. Kohlendioxid \u00a0darf nicht l\u00e4nger als Treibhausgas ge\u00e4chtet werden. CO2 ist das Grundnahrungsmittel aller Pflanzen, je h\u00f6her der Gehalt in der Luft &hellip; <a href=\"https:\/\/gilbertbrands.de\/blog\/2019\/08\/22\/unsere-forderungen\/\" class=\"more-link\"><span class=\"screen-reader-text\">UNSERE FORDERUNGEN<\/span> weiterlesen <span class=\"meta-nav\">&rarr;<\/span><\/a><\/p>\n","protected":false},"author":1,"featured_media":0,"comment_status":"open","ping_status":"closed","sticky":false,"template":"","format":"standard","meta":{"footnotes":""},"categories":[6],"tags":[],"class_list":["post-3415","post","type-post","status-publish","format-standard","hentry","category-politik"],"post_mailing_queue_ids":[],"_links":{"self":[{"href":"https:\/\/gilbertbrands.de\/blog\/wp-json\/wp\/v2\/posts\/3415","targetHints":{"allow":["GET"]}}],"collection":[{"href":"https:\/\/gilbertbrands.de\/blog\/wp-json\/wp\/v2\/posts"}],"about":[{"href":"https:\/\/gilbertbrands.de\/blog\/wp-json\/wp\/v2\/types\/post"}],"author":[{"embeddable":true,"href":"https:\/\/gilbertbrands.de\/blog\/wp-json\/wp\/v2\/users\/1"}],"replies":[{"embeddable":true,"href":"https:\/\/gilbertbrands.de\/blog\/wp-json\/wp\/v2\/comments?post=3415"}],"version-history":[{"count":1,"href":"https:\/\/gilbertbrands.de\/blog\/wp-json\/wp\/v2\/posts\/3415\/revisions"}],"predecessor-version":[{"id":3416,"href":"https:\/\/gilbertbrands.de\/blog\/wp-json\/wp\/v2\/posts\/3415\/revisions\/3416"}],"wp:attachment":[{"href":"https:\/\/gilbertbrands.de\/blog\/wp-json\/wp\/v2\/media?parent=3415"}],"wp:term":[{"taxonomy":"category","embeddable":true,"href":"https:\/\/gilbertbrands.de\/blog\/wp-json\/wp\/v2\/categories?post=3415"},{"taxonomy":"post_tag","embeddable":true,"href":"https:\/\/gilbertbrands.de\/blog\/wp-json\/wp\/v2\/tags?post=3415"}],"curies":[{"name":"wp","href":"https:\/\/api.w.org\/{rel}","templated":true}]}}