{"id":3342,"date":"2019-08-01T22:40:31","date_gmt":"2019-08-01T20:40:31","guid":{"rendered":"https:\/\/gilbertbrands.de\/blog\/?p=3342"},"modified":"2019-08-02T07:02:11","modified_gmt":"2019-08-02T05:02:11","slug":"aeaehmm","status":"publish","type":"post","link":"https:\/\/gilbertbrands.de\/blog\/2019\/08\/01\/aeaehmm\/","title":{"rendered":"\u00c4\u00e4hmm &#8230;"},"content":{"rendered":"\n<p>Das bekannte Qualit\u00e4tsmedium &#8222;Ruhr-Nachrichten&#8220; titelt:<\/p>\n\n\n\n<!--more-->\n\n\n\n<blockquote class=\"wp-block-quote is-layout-flow wp-block-quote-is-layout-flow\"><p><strong>FFF-Sommercamp mit Tausenden Teilnehmern: Das erhofft sich Anna Liedtke aus Castrop-Rauxel<\/strong><\/p><cite><a href=\"https:\/\/www.ruhrnachrichten.de\/castrop-rauxel\/fff-sommercamp-teilnehmern-liedtke-castrop-rauxel-fridays-for-future-plus-1429436.html\">ruhr-nachrichten.de<\/a><\/cite><\/blockquote>\n\n\n\n<hr class=\"wp-block-separator\"\/>\n\n\n\n<p class=\"has-small-font-size\">Eigentlich wollte ich an dieser Stelle einen Screenshot bringen. Nach den aktuellen Zensurgesetzen ist das aber so eine Sache. Deshalb nur eine Bildbeschreibung: man sieht zwei junge Frauen um die 16 in warmer Kleidung, eine mit Strickschal und Skim\u00fctze. Nur falls der Link nicht klappt.<\/p>\n\n\n\n<hr class=\"wp-block-separator\"\/>\n\n\n\n<p>Einige Leser werden sicher einen snobistischen Hintergrund vermuten, weil Castrop-Rauxel f\u00fcr viele nur die lateinische Bezeichnung von Wanne-Eickel zu sein scheint, aber das ist diesmal nicht gemeint.<\/p>\n\n\n\n<p>Zu dem Camp werden 1.400 Teilnehmer aus der gesamten Bumsrepublik erwartet, was nun auch nicht besonders viel ist gemessen an dem Hype, der um FFF (&#8222;Friday for Future&#8220;, nicht &#8222;Fucking for Fun&#8220; f\u00fcr diejenigen, die das noch nicht kennen) gemacht wird. Vermutlich sind auch alle klimafreundlich von den Eltern im SUV dahin gekarrt worden. Aber auch darum geht es nicht, weil nicht direkt belegbar (kommt vielleicht noch wie bei den biobewussten Nahrungsmittelvernichtern rund um die Braunkohlegruben).<\/p>\n\n\n\n<p> Interessanter ist, dass selbst bremische und berlinische Abiturienten wissen, dass 1.400 und &#8222;Tausende&#8220; irgendwie nicht zusammenpasst. Da hat der Redakteur (Relotius II. ?) wohl etwas aufgepeppt.<\/p>\n\n\n\n<p>Interessant ist auch, dass sich die M\u00e4dels zu einem Sommercamp (!) im hei\u00dfesten (!) und trockensten (!) Sommer fast aller Zeiten mit dicken Pullis, Strickschals und Skim\u00fctzen ausgestattet haben. Also ich sitze hier an der K\u00fcste, dem im Moment k\u00e4ltesten Teil Deutschland, im T-Shirt selbst nach Sonnenuntergang drau\u00dfen. <\/p>\n\n\n\n<p>Ruhr-Nachrichten? Oder eher Rur-Nachrichten? Weil dem Redakteur irgendein D\u00fcnnpfiff in die Druckfahne gerutsch ist?<\/p>\n\n\n\n<hr class=\"wp-block-separator\"\/>\n\n\n\n<p>Neben diesen eher lustigen Nebensachen: da wird eine politisch-ideologische Schulung f\u00fcr junge Menschen veranstaltet, auf der sie &#8222;auf Linie&#8220; gebracht werden. Vers\u00e4umter Schulstoff wird wohl nicht vermittelt; eher, wie man sich weiter um die Schule dr\u00fccken kann. Das finden die Medien anscheinend gut und in Ordnung. Man \u00fcberlege aber einmal, wie die Reaktion aussehen w\u00fcrde, w\u00fcrde ein Sommercamp von der AfD gesponsort. &#8222;Nazis&#8220; w\u00e4re f\u00fcr so eine &#8222;HJ-Veranstaltung&#8220; wohl eine der harmloseren Bezeichnungen, gefolgt von der Forderung, alle Rechten in Lagern zu internieren und mehreren politischen Krisengipfeln. <\/p>\n","protected":false},"excerpt":{"rendered":"<p>Das bekannte Qualit\u00e4tsmedium &#8222;Ruhr-Nachrichten&#8220; titelt: Download Artikel als PDF<\/p>\n","protected":false},"author":1,"featured_media":0,"comment_status":"open","ping_status":"closed","sticky":false,"template":"","format":"standard","meta":{"footnotes":""},"categories":[20],"tags":[],"class_list":["post-3342","post","type-post","status-publish","format-standard","hentry","category-journalismus"],"post_mailing_queue_ids":[],"_links":{"self":[{"href":"https:\/\/gilbertbrands.de\/blog\/wp-json\/wp\/v2\/posts\/3342","targetHints":{"allow":["GET"]}}],"collection":[{"href":"https:\/\/gilbertbrands.de\/blog\/wp-json\/wp\/v2\/posts"}],"about":[{"href":"https:\/\/gilbertbrands.de\/blog\/wp-json\/wp\/v2\/types\/post"}],"author":[{"embeddable":true,"href":"https:\/\/gilbertbrands.de\/blog\/wp-json\/wp\/v2\/users\/1"}],"replies":[{"embeddable":true,"href":"https:\/\/gilbertbrands.de\/blog\/wp-json\/wp\/v2\/comments?post=3342"}],"version-history":[{"count":2,"href":"https:\/\/gilbertbrands.de\/blog\/wp-json\/wp\/v2\/posts\/3342\/revisions"}],"predecessor-version":[{"id":3346,"href":"https:\/\/gilbertbrands.de\/blog\/wp-json\/wp\/v2\/posts\/3342\/revisions\/3346"}],"wp:attachment":[{"href":"https:\/\/gilbertbrands.de\/blog\/wp-json\/wp\/v2\/media?parent=3342"}],"wp:term":[{"taxonomy":"category","embeddable":true,"href":"https:\/\/gilbertbrands.de\/blog\/wp-json\/wp\/v2\/categories?post=3342"},{"taxonomy":"post_tag","embeddable":true,"href":"https:\/\/gilbertbrands.de\/blog\/wp-json\/wp\/v2\/tags?post=3342"}],"curies":[{"name":"wp","href":"https:\/\/api.w.org\/{rel}","templated":true}]}}