{"id":334,"date":"2016-01-19T07:35:13","date_gmt":"2016-01-19T06:35:13","guid":{"rendered":"http:\/\/gilbertbrands.de\/blog\/?p=334"},"modified":"2016-01-19T07:35:13","modified_gmt":"2016-01-19T06:35:13","slug":"fantasy-und-die-bundeswehr","status":"publish","type":"post","link":"https:\/\/gilbertbrands.de\/blog\/2016\/01\/19\/fantasy-und-die-bundeswehr\/","title":{"rendered":"Fantasy und die Bundeswehr"},"content":{"rendered":"<p>Wer kennt sie nicht, die \u00fcblichen Katastrophen- und Science Fiction-Filme? Da stolpern <!--more-->Wissenschaftler oder Astronauten durch stockfinstere Flure oder Planeten, und was ist als Einziges beleuchtet? Nat\u00fcrlich der Helm, und zwar von Innen. Mindestens 20 LEDs sorgen meist daf\u00fcr, dass das Gesicht des Helmtr\u00e4ger so ausgeleuchtet wird, dass man deutlich erkennen kann, wer da im Helm steckt, aber gleichzeitig ein maximaler Blendeffekt erzeugt wird.<\/p>\n<p>Ok, im Film muss man die Stars ja erkennen, um unterscheiden zu k\u00f6nnen, welcher Nebendarsteller im n\u00e4chsten Augenblick vom Monster verspeist wird, aber seit wann sind Bundeswehrpiloten Filmstars, bei denen man das wissen will? Mit Film Get\u00f6se auf dem Flugfeld und noch mehr Get\u00f6se in der Politik und den Medien wurden &#8222;Kampfjets&#8220; in die T\u00fcrkei verlegt, um im Kampf gegen den IS mitzuwirken &#8211; und nun stellt sich heraus, dass die Superflieger Nachts nicht fliegen k\u00f6nnen, weil das Cockpit heller erleuchtet ist als die W\u00fcste Gobi an einem klaren Sommertag um die Mittagszeit. Bis zum Jahresende (O-Ton heute, am 19. Januar) will man das Problem aber beseitigt haben. So lange brauchen BW-Ingenieure offenbar, bis sie herausbekommen haben, wie man eine Gl\u00fchbirne ausschaltet.<\/p>\n<p>Das ist so absurd, dass ich mich inzwischen frage, ob es sich nicht um eine neue Strategie handelt: die Bundeswehr soll alleine gegen den IS antreten und den Kampf dadurch gewinnen, dass sich der Gegner totlacht. Das k\u00f6nnte klappen, aber man sollte vorher vielleicht noch mal \u00fcberpr\u00fcfen, ob das nicht in der Genfer Konvention als barbarische Kriegsf\u00fchrung ge\u00e4chtet ist, weil ja auch Zivilisten davon betroffen sein k\u00f6nnen.<\/p>\n<p>&nbsp;<\/p>\n","protected":false},"excerpt":{"rendered":"<p>Wer kennt sie nicht, die \u00fcblichen Katastrophen- und Science Fiction-Filme? Da stolpern Download Artikel als PDF<\/p>\n","protected":false},"author":1,"featured_media":0,"comment_status":"open","ping_status":"open","sticky":false,"template":"","format":"standard","meta":{"footnotes":""},"categories":[23],"tags":[],"class_list":["post-334","post","type-post","status-publish","format-standard","hentry","category-krieg"],"post_mailing_queue_ids":[],"_links":{"self":[{"href":"https:\/\/gilbertbrands.de\/blog\/wp-json\/wp\/v2\/posts\/334","targetHints":{"allow":["GET"]}}],"collection":[{"href":"https:\/\/gilbertbrands.de\/blog\/wp-json\/wp\/v2\/posts"}],"about":[{"href":"https:\/\/gilbertbrands.de\/blog\/wp-json\/wp\/v2\/types\/post"}],"author":[{"embeddable":true,"href":"https:\/\/gilbertbrands.de\/blog\/wp-json\/wp\/v2\/users\/1"}],"replies":[{"embeddable":true,"href":"https:\/\/gilbertbrands.de\/blog\/wp-json\/wp\/v2\/comments?post=334"}],"version-history":[{"count":1,"href":"https:\/\/gilbertbrands.de\/blog\/wp-json\/wp\/v2\/posts\/334\/revisions"}],"predecessor-version":[{"id":335,"href":"https:\/\/gilbertbrands.de\/blog\/wp-json\/wp\/v2\/posts\/334\/revisions\/335"}],"wp:attachment":[{"href":"https:\/\/gilbertbrands.de\/blog\/wp-json\/wp\/v2\/media?parent=334"}],"wp:term":[{"taxonomy":"category","embeddable":true,"href":"https:\/\/gilbertbrands.de\/blog\/wp-json\/wp\/v2\/categories?post=334"},{"taxonomy":"post_tag","embeddable":true,"href":"https:\/\/gilbertbrands.de\/blog\/wp-json\/wp\/v2\/tags?post=334"}],"curies":[{"name":"wp","href":"https:\/\/api.w.org\/{rel}","templated":true}]}}