{"id":3338,"date":"2019-08-01T14:45:14","date_gmt":"2019-08-01T12:45:14","guid":{"rendered":"https:\/\/gilbertbrands.de\/blog\/?p=3338"},"modified":"2019-08-01T14:45:15","modified_gmt":"2019-08-01T12:45:15","slug":"wald-alarm","status":"publish","type":"post","link":"https:\/\/gilbertbrands.de\/blog\/2019\/08\/01\/wald-alarm\/","title":{"rendered":"Wald-Alarm !"},"content":{"rendered":"\n<p>Eigentlich wollte ich mal mehr positive Artikel schreiben, aber die Bekloppten in Politik und Qualit\u00e4tsmedien machen das irgendwie extrem schwer.<\/p>\n\n\n\n<!--more-->\n\n\n\n<p>Diesmal ist der <a href=\"https:\/\/www.bild.de\/politik\/inland\/politik-inland\/schon-ueber-100000-hektar-durch-duerre-stuerme-und-ungeziefer-vernichtet-wald-al-63682950.bild.html\">deutsche Wald betroffen<\/a>! Vermutlich mal wieder nur der DEUTSCHE Wald, w\u00e4hrend in Frankreich, Polen, Tschechien und anderswo die Welt weiterhin in Ordnung ist. Jahrlange D\u00fcrre-Katastrophen (im Klartext der trockene Sommer letztes Jahr) und immer neue Monsterst\u00fcrme (z.B. Kyrill 2007 und .. \u00e4h .. ach ja, Friederike 2018, also eine unabsehbare Folge von Einzelereignissen) haben den Wald so geschw\u00e4cht, dass nun eine Insektenplage (nanu, sind die nicht gerade ausgestorben?) dem Wald den Rest gibt. <\/p>\n\n\n\n<p>Da macht sich die Politriege wieder auf den Weg, allen voran die Agrarministerin, die nicht wei\u00df, wo die Kl\u00f6ckner h\u00e4ngen, und die verhinderte Pastorin KGE, die es noch nicht einmal geschafft hat, ein Studium abzuschlie\u00dfen, in dem man gar nichts wissen, sondern nur glauben muss. Ein paar Waldbesitzer sehen ihre Chance, im Sommerloch durch Panikmache ein paar Euro abzuzocken, und schon kommt in Berlin in einigen Tagen eine Waldkrisenrunde zusammen, Karin von den Gr\u00fcnen versucht Annalena von den Gr\u00fcnen unfugm\u00e4\u00dfig zu toppen (klappt leider trotz allem Bem\u00fchens nicht) und die Qualit\u00e4tspresse l\u00e4sst den Wald aussterben.<\/p>\n\n\n\n<p>Zum Beispiel die BiLD, die per <a href=\"https:\/\/www.bild.de\/politik\/inland\/politik-inland\/schon-ueber-100000-hektar-durch-duerre-stuerme-und-ungeziefer-vernichtet-wald-al-63682950.bild.html\">Archivfoto den Bayerischen Wald<\/a> besonders schlimm aussehen und sterben l\u00e4sst. Was der aber schon seit Jahrzehnten macht. Nicht aussterben, im Gegenteil, sich verj\u00fcngen. <\/p>\n\n\n\n<figure class=\"wp-block-image\"><img loading=\"lazy\" decoding=\"async\" width=\"1024\" height=\"677\" src=\"https:\/\/gilbertbrands.de\/blog\/wp-content\/uploads\/2019\/08\/Bildschirmfoto-vom-2019-08-01-14-33-36-1024x677.png\" alt=\"\" class=\"wp-image-3339\" srcset=\"https:\/\/gilbertbrands.de\/blog\/wp-content\/uploads\/2019\/08\/Bildschirmfoto-vom-2019-08-01-14-33-36-1024x677.png 1024w, https:\/\/gilbertbrands.de\/blog\/wp-content\/uploads\/2019\/08\/Bildschirmfoto-vom-2019-08-01-14-33-36-300x198.png 300w, https:\/\/gilbertbrands.de\/blog\/wp-content\/uploads\/2019\/08\/Bildschirmfoto-vom-2019-08-01-14-33-36-768x508.png 768w, https:\/\/gilbertbrands.de\/blog\/wp-content\/uploads\/2019\/08\/Bildschirmfoto-vom-2019-08-01-14-33-36.png 1082w\" sizes=\"auto, (max-width: 1024px) 100vw, 1024px\" \/><figcaption>Bayerischer Wald, Arber-Region 2010<\/figcaption><\/figure>\n\n\n\n<p>Nach der Ausrufung des Nationalparks wurden n\u00e4mlich die Bewirtschaftungsma\u00dfnahmen eingestellt, darunter auch die Pheromonfallen f\u00fcr den Borkenk\u00e4fer. &#8222;Klasse!&#8220; dachte der, &#8222;Super Monokultur und keine Fallen!&#8220; und fiel statt \u00fcber die Fallen \u00fcber die Fichten her. Nach einer Weile sieht es dann so aus:<\/p>\n\n\n\n<figure class=\"wp-block-image\"><img loading=\"lazy\" decoding=\"async\" width=\"1024\" height=\"680\" src=\"https:\/\/gilbertbrands.de\/blog\/wp-content\/uploads\/2019\/08\/Bildschirmfoto-vom-2019-08-01-14-37-00-1024x680.png\" alt=\"\" class=\"wp-image-3340\" srcset=\"https:\/\/gilbertbrands.de\/blog\/wp-content\/uploads\/2019\/08\/Bildschirmfoto-vom-2019-08-01-14-37-00-1024x680.png 1024w, https:\/\/gilbertbrands.de\/blog\/wp-content\/uploads\/2019\/08\/Bildschirmfoto-vom-2019-08-01-14-37-00-300x199.png 300w, https:\/\/gilbertbrands.de\/blog\/wp-content\/uploads\/2019\/08\/Bildschirmfoto-vom-2019-08-01-14-37-00-768x510.png 768w, https:\/\/gilbertbrands.de\/blog\/wp-content\/uploads\/2019\/08\/Bildschirmfoto-vom-2019-08-01-14-37-00.png 1076w\" sizes=\"auto, (max-width: 1024px) 100vw, 1024px\" \/><figcaption>Jungwald-Arber-Region 2010<\/figcaption><\/figure>\n\n\n\n<p>Nicht typisch, aber man bemerkt schon, die Zusammensetzung der Arten \u00e4ndert sich und macht den Wald unempfindlicher.<\/p>\n\n\n\n<p>Falls man &#8211; ein guter Tipp f\u00fcr L\u00fcgenjournalisten und Politikerdumpfbacken &#8211; mal nicht mit dem Flieger auf die Malediven reist, sondern &#8222;klimafreundlich&#8220; im unklimatisierten Bus in den Bayerischen Wald, kann man auf den dort alle paar Meter herumstehenden Info-Tafeln lesen, dass St\u00fcrme und Borkenk\u00e4fer regelm\u00e4\u00dfig &#8211; das hei\u00dft im Waldzeitma\u00dfstab alle paar Hundert Jahre &#8211; &#8222;ganze W\u00e4lder wirft&#8220;. Das sei eben der nat\u00fcrliche Kreislauf im Leben eines Waldes. <\/p>\n\n\n\n<p>Regelm\u00e4\u00dfig &#8211; im menschlichen Ma\u00dfstab alle 8 Tage &#8211; scheint dagegen in Presse und Politik die Verbl\u00f6dung alles \u00fcber den Haufen zu werfen, was in den anderen Tagen nachgewachsen ist. Kreislauf kann man das wohl kaum nennen, eher Dauerzustand.<\/p>\n","protected":false},"excerpt":{"rendered":"<p>Eigentlich wollte ich mal mehr positive Artikel schreiben, aber die Bekloppten in Politik und Qualit\u00e4tsmedien machen das irgendwie extrem schwer. Download Artikel als PDF<\/p>\n","protected":false},"author":1,"featured_media":0,"comment_status":"open","ping_status":"closed","sticky":false,"template":"","format":"standard","meta":{"footnotes":""},"categories":[20,18,6],"tags":[],"class_list":["post-3338","post","type-post","status-publish","format-standard","hentry","category-journalismus","category-klima","category-politik"],"post_mailing_queue_ids":[],"_links":{"self":[{"href":"https:\/\/gilbertbrands.de\/blog\/wp-json\/wp\/v2\/posts\/3338","targetHints":{"allow":["GET"]}}],"collection":[{"href":"https:\/\/gilbertbrands.de\/blog\/wp-json\/wp\/v2\/posts"}],"about":[{"href":"https:\/\/gilbertbrands.de\/blog\/wp-json\/wp\/v2\/types\/post"}],"author":[{"embeddable":true,"href":"https:\/\/gilbertbrands.de\/blog\/wp-json\/wp\/v2\/users\/1"}],"replies":[{"embeddable":true,"href":"https:\/\/gilbertbrands.de\/blog\/wp-json\/wp\/v2\/comments?post=3338"}],"version-history":[{"count":1,"href":"https:\/\/gilbertbrands.de\/blog\/wp-json\/wp\/v2\/posts\/3338\/revisions"}],"predecessor-version":[{"id":3341,"href":"https:\/\/gilbertbrands.de\/blog\/wp-json\/wp\/v2\/posts\/3338\/revisions\/3341"}],"wp:attachment":[{"href":"https:\/\/gilbertbrands.de\/blog\/wp-json\/wp\/v2\/media?parent=3338"}],"wp:term":[{"taxonomy":"category","embeddable":true,"href":"https:\/\/gilbertbrands.de\/blog\/wp-json\/wp\/v2\/categories?post=3338"},{"taxonomy":"post_tag","embeddable":true,"href":"https:\/\/gilbertbrands.de\/blog\/wp-json\/wp\/v2\/tags?post=3338"}],"curies":[{"name":"wp","href":"https:\/\/api.w.org\/{rel}","templated":true}]}}