{"id":329,"date":"2016-01-10T08:18:40","date_gmt":"2016-01-10T07:18:40","guid":{"rendered":"http:\/\/gilbertbrands.de\/blog\/?p=329"},"modified":"2016-01-10T08:18:40","modified_gmt":"2016-01-10T07:18:40","slug":"begrenzung","status":"publish","type":"post","link":"https:\/\/gilbertbrands.de\/blog\/2016\/01\/10\/begrenzung\/","title":{"rendered":"Begrenzung"},"content":{"rendered":"<p>&#8222;Keine Obergrenze f\u00fcr Migranten&#8220; so weiterhin die Parole des gr\u00f6\u00dften Teils der professionellen Volkssch\u00e4diger, auch Politiker genannt. <!--more-->&#8222;Man k\u00f6nne schlie\u00dflich nicht den 200.001-tausendsten zur\u00fcckweisen&#8220; so die Begr\u00fcndung. Mal abgesehen davon, dass keiner der Gehirnakrobaten aus Politik und Presse es hinbekommt, den 200.001-tausendsten richtig zu benennen &#8211; das ist n\u00e4mlich der Zweihunderttausendunderste und nicht etwa der Zweihunderteinstausendste, wie nach konfusem Stottern meist herauskommt &#8211; ist das v\u00f6lliger Quatsch! Nat\u00fcrlich ist das m\u00f6glich. Es passiert sogar t\u00e4glich, nur eben nicht Ausl\u00e4ndern, sondern nur Deutschen.<\/p>\n<p>Du hast eine Fahrkarte f\u00fcr den Bus oder eine Karte f\u00fcr das Kino, aber der Busfahrer oder T\u00fcrsteher hat festgestellt, dass die amtlich zul\u00e4ssige Zahl an Teilnehmern bereits drin ist? Dann kommst du nicht rein, auch wenn du bezahlt und damit ein Recht hast. Du wirst sogar gewaltsam entfernt und anschlie\u00dfend beh\u00f6rdlich wegen Ordnungswidrigkeiten oder Straftaten ausgepl\u00fcndert. Das geht. Jemanden, der sich ohne Zugangsberechtigung hier einschleicht, seine Papiere wegwirft, anschlie\u00dfend \u00fcber Jahre hinweg am Sozialsystem h\u00e4ngt und fallweise obendrein auch noch straff\u00e4llig wird, einen Riegel vorzuschieben, das geht nicht?<\/p>\n<p>2\/3 der so genannten Fl\u00fcchtlinge sind noch nicht einmal ordentlich registriert; eine ordentliche Kontrolle ist zeitlich nicht m\u00f6glich, also wird alles vorschnell anerkannt; die Leute ziehen hin und her und sind m\u00f6glicherweise unter verschiedenen Namen mehrfach angemeldet und kassieren mehrfach; sie halten sich ungestraft nicht an Regeln, deren Nichtbeachtung einem Deutschen finanziell das Genick brechen w\u00fcrde; immer deutlicher wird, dass sich Terroristen einschleichen und sich sogar von den Sozialsystemen zwischenfinanzieren lassen (oder wie soll man das verstehen, wenn in Frankreich auftretende Terroristen in deutschen Heimen versorgt wurden und trotzdem genug Geld haben, quer durch Europa zu reisen); man verabredet sich erfolgreich zu Massenstraftaten, denen die deutschen Sicherheitsbeh\u00f6rden nur noch hilfslos zusehen k\u00f6nnen und \u00fcber die die deutschen Kuschelgerichte vermutlich hinweggehen werden (die &#8222;Informationspanne&#8220; in K\u00f6ln und anderswo ist doch nichts anderes als diese verquerte ideologische Sicht, ein Ausl\u00e4nder k\u00f6nne doch gar nicht b\u00f6se sein).<\/p>\n<p>&#8222;Gleiches Recht f\u00fcr alle&#8220; hei\u00dft es immer. Warum wird das nicht umgesetzt? Das Busprinzip w\u00e4re gleiches Recht f\u00fcr alle: Wie viele k\u00f6nnen wir als Gesellschaft tats\u00e4chlich eingliedern? Lassen wir es mal die 200.000 sein. Dann hat der 200.001-tausendste eben Pech gehabt. Um uns k\u00fcmmert sich auch keine Sau, wenn wir 20 km vor dem n\u00e4chsten Ort auf der Landstra\u00dfe im Regen stehen und der Bus erst am n\u00e4chsten Morgen kommt. Und wer von den 200.000 meint, er m\u00fcsse sich nicht an die Regeln halten und k\u00f6nne hier die Sau rauslassen: sofort und unmittelbar und gnadenlos \u00fcber die Grenze werfen, m\u00f6glichst mit gro\u00dfem Tamtam in Presse und sozialen Netzwerken. Im Bus passiert einem das ja auch, wenn man randaliert, und man kann in jedem Psychologiebuch nachlesen, dass das und nur das wirkt. Und der Rest kann sich hier eingliedern und die Gesellschaft bunter machen, wenn er es denn will. Gegen anst\u00e4ndige Leute h\u00e4tten vermutlich die wenigsten etwas.<\/p>\n<p>Wie sehr muss man sein Land und sein Volk eigentlich hassen, wenn man noch nicht mal die elementarsten Regeln, denen sich jeder Deutsche zu unterwerfen hat, auf Migranten anwenden will? Statt dessen \u00f6ffnet man Vorg\u00e4ngen wie Paris und K\u00f6ln T\u00fcr und Tor, und von Gr\u00fcnen und Roten steht wohl eher zu erwarten, dass sie mit einem Gesetz aufwarten, nach dem sich jede einigerma\u00dfen anst\u00e4ndig aussehende deutsche Frau zweimal im Jahr von einem Araber durchficken lassen muss, damit das nicht am Bahnhof gewaltsam passiert.<\/p>\n","protected":false},"excerpt":{"rendered":"<p>&#8222;Keine Obergrenze f\u00fcr Migranten&#8220; so weiterhin die Parole des gr\u00f6\u00dften Teils der professionellen Volkssch\u00e4diger, auch Politiker genannt. Download Artikel als PDF<\/p>\n","protected":false},"author":1,"featured_media":0,"comment_status":"open","ping_status":"open","sticky":false,"template":"","format":"standard","meta":{"footnotes":""},"categories":[12,4,6],"tags":[],"class_list":["post-329","post","type-post","status-publish","format-standard","hentry","category-gesellschaft","category-migration","category-politik"],"post_mailing_queue_ids":[],"_links":{"self":[{"href":"https:\/\/gilbertbrands.de\/blog\/wp-json\/wp\/v2\/posts\/329","targetHints":{"allow":["GET"]}}],"collection":[{"href":"https:\/\/gilbertbrands.de\/blog\/wp-json\/wp\/v2\/posts"}],"about":[{"href":"https:\/\/gilbertbrands.de\/blog\/wp-json\/wp\/v2\/types\/post"}],"author":[{"embeddable":true,"href":"https:\/\/gilbertbrands.de\/blog\/wp-json\/wp\/v2\/users\/1"}],"replies":[{"embeddable":true,"href":"https:\/\/gilbertbrands.de\/blog\/wp-json\/wp\/v2\/comments?post=329"}],"version-history":[{"count":1,"href":"https:\/\/gilbertbrands.de\/blog\/wp-json\/wp\/v2\/posts\/329\/revisions"}],"predecessor-version":[{"id":330,"href":"https:\/\/gilbertbrands.de\/blog\/wp-json\/wp\/v2\/posts\/329\/revisions\/330"}],"wp:attachment":[{"href":"https:\/\/gilbertbrands.de\/blog\/wp-json\/wp\/v2\/media?parent=329"}],"wp:term":[{"taxonomy":"category","embeddable":true,"href":"https:\/\/gilbertbrands.de\/blog\/wp-json\/wp\/v2\/categories?post=329"},{"taxonomy":"post_tag","embeddable":true,"href":"https:\/\/gilbertbrands.de\/blog\/wp-json\/wp\/v2\/tags?post=329"}],"curies":[{"name":"wp","href":"https:\/\/api.w.org\/{rel}","templated":true}]}}