{"id":316,"date":"2015-12-15T20:12:40","date_gmt":"2015-12-15T19:12:40","guid":{"rendered":"http:\/\/gilbertbrands.de\/blog\/?p=316"},"modified":"2015-12-15T20:12:40","modified_gmt":"2015-12-15T19:12:40","slug":"fluechtlinge-und-besserdeutschland","status":"publish","type":"post","link":"https:\/\/gilbertbrands.de\/blog\/2015\/12\/15\/fluechtlinge-und-besserdeutschland\/","title":{"rendered":"Fl\u00fcchtlinge und Besserdeutschland"},"content":{"rendered":"<p>Wenn einem der Sinn nach Perversion steht, gen\u00fcgt dann nicht ein Blick auf die Fl\u00fcchtlingspolitik der Regierung? <!--more-->Die muss man sich ungef\u00e4hr so vorstellen: Merkel mit Fl\u00fcstert\u00fcte und so laut br\u00fcllend, dass es jeder auf der Welt h\u00f6rt &#8222;IN UNSEREM WOHNZIMMER FREI SAUFEN, FRESSEN UND ES SICH GUT GEHEN LASSEN! ALLE K\u00d6NNEN KOMMEN!&#8220; &#8230; und kaum schaut die Kamera woanders hin, wird dem Wachschutz fl\u00fcsternd mitgeteilt &#8222;<span style=\"font-size: 10pt;\">geht mal T\u00fcren und Fenster verrammeln, damit keiner reinkommt.<span style=\"font-size: 12pt;\">&#8220; W\u00e4re es nicht ehrlicher, zu sagen &#8222;Wir haben f\u00fcr 50 Leute gedeckt, und wer zu sp\u00e4t kommt, muss halt in die Pommesbude.&#8220;? <\/span><\/span><\/p>\n<p>Auf das Gebr\u00fcll kommen die Leute nat\u00fcrlich in Scharen, zumal man in den Herkunftsl\u00e4ndern kr\u00e4ftig z\u00fcndelt. Dazu kommt noch der islamische Religionskrieg, der gerade erst richtig angefangen hat, wenn man mal genau hinschaut. Das h\u00f6rt erst auf, wenn die Moslems sich wie einst die Christen im 30-j\u00e4hrigen Krieg ausgeblutet haben. Wenn man sich in Afrika umschaut, sind die Millionen, mit denen wir hier nicht mehr fertig werden, erst die Vorhut. Wie das aufzuhalten ist, wei\u00df ich auch nicht, aber sicher nicht, indem man alle noch ermuntert, auf die Wanderschaft zu gehen.<\/p>\n<p>Da Deutschland nicht alle aufnehmen kann, was selbst die IQ-unterk\u00fchlten CDU-Leute begreifen, werden nun die restlichen Europ\u00e4er in zunehmend r\u00fcderen und belehrenden Ton angemacht, sich doch bitte auch \u00fcberrennen zu lassen. Wobei es die deutschen Politiker offenbar nicht interessiert, dass die &#8222;restlichen Europ\u00e4er&#8220; um die 225 Mio Menschen ausmachen, die zwar ihre Regierungen auch demokratisch gew\u00e4hlt haben oder wie das Verfahren hei\u00dft, sich doch aber bitte gef\u00e4lligst von den 75 Mio Deutschen befehlen lassen, was sie zu tu haben und wie Moral aussieht.<\/p>\n<p>Hatten wir das nicht schon mal? Gab es da nicht mal eine Zeit, in der Deutschland auch allen befehlen musste, wo es lang geht? Damals ging es darum, dass das Ausland sein Juden an Deutschland ausliefert, heute geht es darum, dass das Ausland die von Deutschland zu verantwortenden Ausl\u00e4nder aufnimmt. Au\u00dfer der Richtung des Verkehrs ist der Rest, die Wortwahl eingeschlossen, ziemlich \u00e4hnlich. Und gl\u00fccklicherweise taugt die Wehrmacht heute noch nicht mal zum Verkehrregeln.<\/p>\n","protected":false},"excerpt":{"rendered":"<p>Wenn einem der Sinn nach Perversion steht, gen\u00fcgt dann nicht ein Blick auf die Fl\u00fcchtlingspolitik der Regierung? Download Artikel als PDF<\/p>\n","protected":false},"author":1,"featured_media":0,"comment_status":"open","ping_status":"open","sticky":false,"template":"","format":"standard","meta":{"footnotes":""},"categories":[4,6],"tags":[],"class_list":["post-316","post","type-post","status-publish","format-standard","hentry","category-migration","category-politik"],"post_mailing_queue_ids":[],"_links":{"self":[{"href":"https:\/\/gilbertbrands.de\/blog\/wp-json\/wp\/v2\/posts\/316","targetHints":{"allow":["GET"]}}],"collection":[{"href":"https:\/\/gilbertbrands.de\/blog\/wp-json\/wp\/v2\/posts"}],"about":[{"href":"https:\/\/gilbertbrands.de\/blog\/wp-json\/wp\/v2\/types\/post"}],"author":[{"embeddable":true,"href":"https:\/\/gilbertbrands.de\/blog\/wp-json\/wp\/v2\/users\/1"}],"replies":[{"embeddable":true,"href":"https:\/\/gilbertbrands.de\/blog\/wp-json\/wp\/v2\/comments?post=316"}],"version-history":[{"count":1,"href":"https:\/\/gilbertbrands.de\/blog\/wp-json\/wp\/v2\/posts\/316\/revisions"}],"predecessor-version":[{"id":317,"href":"https:\/\/gilbertbrands.de\/blog\/wp-json\/wp\/v2\/posts\/316\/revisions\/317"}],"wp:attachment":[{"href":"https:\/\/gilbertbrands.de\/blog\/wp-json\/wp\/v2\/media?parent=316"}],"wp:term":[{"taxonomy":"category","embeddable":true,"href":"https:\/\/gilbertbrands.de\/blog\/wp-json\/wp\/v2\/categories?post=316"},{"taxonomy":"post_tag","embeddable":true,"href":"https:\/\/gilbertbrands.de\/blog\/wp-json\/wp\/v2\/tags?post=316"}],"curies":[{"name":"wp","href":"https:\/\/api.w.org\/{rel}","templated":true}]}}