{"id":3142,"date":"2019-06-05T09:07:06","date_gmt":"2019-06-05T07:07:06","guid":{"rendered":"https:\/\/gilbertbrands.de\/blog\/?p=3142"},"modified":"2019-06-05T09:07:06","modified_gmt":"2019-06-05T07:07:06","slug":"die-volksverhetzer","status":"publish","type":"post","link":"https:\/\/gilbertbrands.de\/blog\/2019\/06\/05\/die-volksverhetzer\/","title":{"rendered":"Die Volksverhetzer"},"content":{"rendered":"\n<p>Wenn man sich den Zustand dieses Landes anschaut, gruselt es einem. Hier eine lockere Aufz\u00e4hlung, was einem so pauschal einf\u00e4llt.<\/p>\n\n\n\n<!--more-->\n\n\n\n<ul class=\"wp-block-list\"><li>Der Strompreis in Deutschland ist nicht nur der zweith\u00f6chste der Welt (nach Windradland D\u00e4nemark), sondern das Stromnetz ist inzwischen auch das unsicherste in einem Industrieland. Stromintensive Industrien werden zeitweise abgeschaltet, um Totalausf\u00e4lle zu vermeiden. Die Industrie wandert aufgrund des Preises und der Unsicherheit zunehmend in andere L\u00e4nder ab. Nachbarl\u00e4nder schotten ihre Netze gegen Deutschland ab, um nicht in Blackouts hinein gezogen zu werden.<\/li><li>Nach der Winterkorn-Katastrophe bei VW nun die vermutlich noch schlimmere Diess-Katastrophe. Abrupt wird alles auf die Karte E-Mobilit\u00e4t gesetzt, obwohl abzusehen ist, dass der Markt nicht in die Rentabilit\u00e4tszone gelangen wird. Die Fahrzeuge sind zu teuer bei absehbar nicht vorhandener Lade-Infrastruktur und absehbar nicht vorhandenem Strom. Wettbewerber Tesla krebst am Rande des Konkurses herum, die Modelle anderer Hersteller fristen ein Nischendasein. Zulieferer verlagern bereits jetzt die Produktion bzw. specken ab.<\/li><li>Das deutsche Naturschutz- und Baurecht verz\u00f6gert und verteuert Bauen in einem Ma\u00dfe, dass Investoren einen Bogen um Deutschland machen. Enteignungsfantasien von SPD-alpha-Kevin sorgen zus\u00e4tzlich daf\u00fcr, dass der eine oder andere Investor anf\u00e4ngt, dar\u00fcber nachzudenken, wie er sein Kapital hier wieder heraus bekommt. <\/li><li>Das Schulsystem ist in einem katastrophalen Zustand. Lehrer fehlen und werden durch Leute ersetzt, die nicht rechtzeitig auf den n\u00e4chsten Baum entkommen, ein erheblicher Teil der Lehrer ist gr\u00fcnverseucht und macht ideologische Schulung statt Bildung, in vielen Landkreise sind 100% der Schulgeb\u00e4ude in einem Zustand, in dem sie eigentlich nicht mehr betreten werden d\u00fcrften. <\/li><li>Extrem viele Stra\u00dfen sind fast nur noch mit gel\u00e4ndeg\u00e4ngigen Fahrzeugen zu befahren. Kreise und Kommunen regeln den Verkehr bis auf 30 km\/h herunter, um \u00fcberhaupt eine Chance auf Gelder zu haben. Einfache Br\u00fccken ben\u00f6tigen 10 Jahre und mehr f\u00fcr eine Sanierung.<\/li><li>Die Bahn verf\u00fcgt aufgrund jahrzehntelangen R\u00fcckbaus im Prinzip nicht mehr \u00fcber das notwendige Schienennetz, das vorhandene ist zunehmend marode. F\u00fcr eine Modernisierung sind mindestens 50 Mrd \u20ac notwendig &#8211; statt dessen wird das Versp\u00e4tungssystem gro\u00dfz\u00fcgig ausgebaut.<\/li><li>\u00d6PNV ist au\u00dferhalb der engeren Innenstadtbereich gewisserma\u00dfen nicht vorhanden. Statt auf Ideen, den \u00d6PNV attraktiver zu machen, setzt man auf Imagekampagnen. <\/li><li>Von den mehreren Millionen so genannten Fl\u00fcchtlingen besitzen gesch\u00e4tzt mindestens 500.000 selbst nach den \u00fcberzogenen offiziellen Kriterien der Gr\u00fcnen keinerlei Bleiberecht. Endg\u00fcltig abgelehnt nach mehrj\u00e4hrigen Gerichtsverfahren durch die Instanzen: ca. 12.000. Die m\u00fcssen nun &#8222;informiert&#8220; werden, wenn die Abschiebung erfolgen soll (&#8222;Wir kommen, also verschwinde vorher&#8220;). Tats\u00e4chlich erfolgte Abschiebungen: ca. 80. <\/li><li>Die arabische Kriminalit\u00e4t wird schlimmer: durch den Irak und Syrien sind inzwischen auch Kriminelle mit Kriegserfahrungen hier unterwegs, die selbst das hiesige Rockermilieu allm\u00e4hlich verdr\u00e4ngen. Bei Eins\u00e4tzen der Polizei ist inzwischen die komplette BePo mehrerer PD notwendig. Richter lassen die Leute nach Feststellung der Personalien anschlie\u00dfend meist wieder frei. Die bedingungslose Kapitulation der Sicherheitsbeh\u00f6rden ist absehbar.<\/li><li>&#8230;<\/li><\/ul>\n\n\n\n<p>Ich h\u00f6re da mal auf. Wie gesagt, nur das, was mir spontan einf\u00e4llt, und auch nur stichwortartig. Vermutlich k\u00f6nnte jeder Leser die Liste auch zwanglos fortsetzen. Es brennt an allen Ecken und Enden, und es verwundert eher, dass trotzdem noch alles scheinbar reibungslos l\u00e4uft. Irgendwie erinnert das an das Hummelparadoxon<\/p>\n\n\n\n<blockquote class=\"wp-block-quote is-layout-flow wp-block-quote-is-layout-flow\"><p>&#8222;Die <strong>Hummel<\/strong> kann eigentlich nicht <strong>fliegen<\/strong>. Aber sie wei\u00df das nicht und <strong>fliegt<\/strong> einfach trotzdem!&#8220;<\/p><\/blockquote>\n\n\n\n<p>Und nun schlage man mal eine beliebige Zeitung auf, schalte einen beliebigen Radiosender ein oder auch das Fernsehen. Was findet man dort \u00fcber all diese brennenden Themen? <strong>NICHTS!<\/strong><\/p>\n\n\n\n<p>In den Medien gibt es derzeit nur ein Thema: Klima. Danach kommt lange Zeit nichts, um dann auf die folgenden drei Themen einzugehen: Klima, Klima und Klima. Nach einer weiteren Pause schlie\u00dflich mal andere Themen: Personalgerangel in der &#8230; , Personalgerangel in der \u2026 , Personalgerangel in der \u2026 , Rechtspopulismus, Rechtspopulismus, Rechtspopulismus. Reale Themen und Fakten kommen nicht vor, au\u00dfer auf der vorletzten Seite neben den Bekanntschaftsanzeigen.<\/p>\n\n\n\n<p>Realit\u00e4t und Fakten sind auch bei den Kernthemen Klima, Klima, Klima und Klima nicht zu finden. Der emsige Journalist sucht nach Katastrophenberichten auf einem Niveau deutlich unterhalb von D\u00e4nikens Au\u00dferirdischen. So ab 2 m Meeresspiegelerh\u00f6hung in den n\u00e4chsten 50 Jahren wird es f\u00fcr die Journaille interessant, auch wenn bislang noch nichts von einem Anstieg zu bemerken ist. Und schreiben die Katastrophiker noch &#8222;<em>wenn &#8230; passieren w\u00fcrde, k\u00f6nnte &#8230; oder &#8230; oder &#8230; als Folge eintreten<\/em>&#8222;, so macht die Journaille daraus &#8222;<em>es wird &#8230; passieren, und &#8230; und &#8230; und &#8230; sind die Folgen<\/em>&#8222;. <\/p>\n\n\n\n<p>So berichten beispielsweise Focus, SZ, Spiegel, ZEIT und andere. Und nicht nur, dass andere Stimmen in den Beitr\u00e4gen nicht zu Wort kommen, die Qualit\u00e4tsmedien stehen inzwischen auch nicht an, Leserkommentare, die sich nicht an der Panikmache beteiligen, zu zensieren. Schon die Bemerkung &#8222;<em>Schellnhuber, Latif, Yogeshwar u.a. haben vor 25 Jahren genau das Gegenteil von dem gesagt, was sie nun behaupten<\/em>&#8220; wird als Versto\u00df gegen die Nettiquette bezeichnet und gestrichen.<\/p>\n\n\n\n<p>Gr\u00fcne sind Fanatiker und nach Erkenntnissen der Psychologie daher der Realit\u00e4t oder Fakten nicht zug\u00e4nglich, die CDU-, SPD- und andere Parteikader sind Berufspolitiker, die keinerlei Bezug zum normalen Leben haben (und auch nie hatten) und sich nicht vom erlernten Pawlow-Verhalten, der Presse hinterher zu hetzen, trennen k\u00f6nnen (<em>was notwendig w\u00e4re, denn wenn die Argumente der AfD zu den Hauptthemen auch von der CDU vorgetragen w\u00fcrden &#8211; und das sind ihre fr\u00fcheren Kernthemen &#8211; w\u00e4re das schon ein gewichtiges Gegenst\u00fcck zu den Fanatikern<\/em>). Die eigentlichen Volksverhetzer sind allerdings die Medien, die ihrem Auftrag in einer Demokratie, zumindest rudiment\u00e4r eine Kontrolle der politischen Korruption auszu\u00fcben, nicht mehr nachkommen. Im Gegenteil: sie sind bereits integraler Teil des Fanatismus und der Korruption, siehe Causa Strache, und es w\u00e4re dringend geraten, einige Chefredakteure von Spiegel und SZ f\u00fcr einige Zeit einzubuchten. <\/p>\n\n\n\n<p>Als Informationskonsument kann man eigentlich nur eines tun: vorhandenen Abos k\u00fcndigen und Artikel nicht mehr kommentieren. <\/p>\n","protected":false},"excerpt":{"rendered":"<p>Wenn man sich den Zustand dieses Landes anschaut, gruselt es einem. Hier eine lockere Aufz\u00e4hlung, was einem so pauschal einf\u00e4llt. Download Artikel als PDF<\/p>\n","protected":false},"author":1,"featured_media":0,"comment_status":"open","ping_status":"closed","sticky":false,"template":"","format":"standard","meta":{"footnotes":""},"categories":[20,18],"tags":[],"class_list":["post-3142","post","type-post","status-publish","format-standard","hentry","category-journalismus","category-klima"],"post_mailing_queue_ids":[],"_links":{"self":[{"href":"https:\/\/gilbertbrands.de\/blog\/wp-json\/wp\/v2\/posts\/3142","targetHints":{"allow":["GET"]}}],"collection":[{"href":"https:\/\/gilbertbrands.de\/blog\/wp-json\/wp\/v2\/posts"}],"about":[{"href":"https:\/\/gilbertbrands.de\/blog\/wp-json\/wp\/v2\/types\/post"}],"author":[{"embeddable":true,"href":"https:\/\/gilbertbrands.de\/blog\/wp-json\/wp\/v2\/users\/1"}],"replies":[{"embeddable":true,"href":"https:\/\/gilbertbrands.de\/blog\/wp-json\/wp\/v2\/comments?post=3142"}],"version-history":[{"count":2,"href":"https:\/\/gilbertbrands.de\/blog\/wp-json\/wp\/v2\/posts\/3142\/revisions"}],"predecessor-version":[{"id":3144,"href":"https:\/\/gilbertbrands.de\/blog\/wp-json\/wp\/v2\/posts\/3142\/revisions\/3144"}],"wp:attachment":[{"href":"https:\/\/gilbertbrands.de\/blog\/wp-json\/wp\/v2\/media?parent=3142"}],"wp:term":[{"taxonomy":"category","embeddable":true,"href":"https:\/\/gilbertbrands.de\/blog\/wp-json\/wp\/v2\/categories?post=3142"},{"taxonomy":"post_tag","embeddable":true,"href":"https:\/\/gilbertbrands.de\/blog\/wp-json\/wp\/v2\/tags?post=3142"}],"curies":[{"name":"wp","href":"https:\/\/api.w.org\/{rel}","templated":true}]}}