{"id":3140,"date":"2019-06-04T09:02:04","date_gmt":"2019-06-04T07:02:04","guid":{"rendered":"https:\/\/gilbertbrands.de\/blog\/?p=3140"},"modified":"2019-06-04T09:02:05","modified_gmt":"2019-06-04T07:02:05","slug":"future-or-no-future","status":"publish","type":"post","link":"https:\/\/gilbertbrands.de\/blog\/2019\/06\/04\/future-or-no-future\/","title":{"rendered":"Future or No Future ?"},"content":{"rendered":"\n<p>Woher kommt der Gr\u00fcne Hype und warum ist er so erfolgreich? Da er weder sachlich noch logisch begr\u00fcndbar ist, bleiben nur psychologische Propaganda-Tricks. Die sind hier einmal ausf\u00fchrlich beschrieben:<\/p>\n\n\n\n<!--more-->\n\n\n\n<p style=\"text-align:center\"><a href=\"https:\/\/www.eike-klima-energie.eu\/2019\/06\/03\/publico-dossier-die-psychologie-des-gruenen-erfolgs\/\"><strong>EIKE &#8211; Publico Dossier<\/strong><\/a><\/p>\n\n\n\n<p>Eine wesentliche Sache scheint mir in dem Dossier vergessen worden zu sein.  Diese ganzen Tricks lassen sich durch Bildung und so genannten  Menschenverstand auskontern. Zum kritisch-analytischen Denken Gebildete werden immer  wieder Widerspr\u00fcche zur eigenen Erfahrung oder zur Logik in dem Ganzen entdecken, misstrauisch  werden, der Sache nachgehen und die Behauptungen schlie\u00dflich ablehnen. <\/p>\n\n\n\n<p>Nun wissen wir, dass das heute nur in Ausnahmef\u00e4llen der Fall ist. Nicht nur die verf\u00fchrte Jugend ist v\u00f6llig denkvernebelt. Auch von den unter 40-45 J\u00e4hrigen, also der Elterngeneration, verfallen fast alle der Gr\u00fcnen-Propaganda und geb\u00e4rden sich vielfach genauso panisch, wie Greta das suggeriert. Das Gebiet des kritischen Denkens haben die Gr\u00fcnen anscheinend auch erfolgreich beackert, und zwar bereits sehr  langfristig, wenn man die Alterskohorte beachtet. <\/p>\n\n\n\n<p>Das WIE ist leicht auffindbar: Seit den 1980er Jahren gl\u00e4nzen die Gr\u00fcnen mit  \u201eBildungsreformen\u201c, die so angelegt sind, dass bereits eine neue Reform  durchgef\u00fchrt wird, bevor die alte irgendwelche Wirkungen zeigen  kann. Das Ergebnis ist ein Zerrei\u00dfen des Schulsystems \u2013 Stoff und Methoden  unterer Jahrg\u00e4nge sind kaum noch kompatibel mit denen der oberen, Eltern, Lehrer und Sch\u00fcler sind verwirrt \u2013 und  nachfolgend eine v\u00f6llig Verbl\u00f6dung hinsichtlich der kritischen  Denkf\u00e4higkeiten. Eltern k\u00f6nnen ihre Kindern kaum noch unterst\u00fctzen, weil das, was f\u00fcr sie galt, f\u00fcr ihre Kinder nicht mehr gilt. Und diese werden aufgrund des nat\u00fcrlichen Auflehnungseffekts der nachfolgenden Generation die veralteten Methoden und Kenntnisse der vorhergehenden Generation nicht mehr annehmen.<\/p>\n\n\n\n<p>Als Ergebnis kann man einen wesentlicher  Teil der Leute bis in den Altersbereich 40-45 Jahre weder durch Fakten noch durch realistische Argumente erreichen. Die aktuellen Entwicklungen legen deshalb eher eine <strong>No Future<\/strong> &#8211; Entwicklung nahe: diese Generation lernt nur, wenn sie voll was auf die Fresse bekommt, und selbst dann ist der Erfolg noch zweifelhaft. <\/p>\n\n\n\n<p>Kritisch \u00e4u\u00dfern sich heute vorzugsweise Leute,  deren Bildung bis in die 60er und 70er Jahre zur\u00fcckreicht, aber auch diese nur unter der Nebenbedingung, dass sie zu den Gebildeten geh\u00f6ren (oder bereits miese Erfahrungen gemacht haben). Hier wirkt wiederum ein altes Standesdenken im Sinne der Gr\u00fcnen: gelten heute Doktor- und Professorentitel nichts mehr &#8211; jeder Schulschw\u00e4nzer d\u00fcnkt sich kenntnism\u00e4\u00dfig inzwischen \u00fcberlegen, gilt das f\u00fcr diese Generation nicht. Klimaschwindler wie Schellnhuber, Vorzeige-Inder wie Latif oder Yogeshwar oder M\u00e4rchen-Profs wie Lesch werden mangels eigenen Wissens als Fachleute anerkannt und f\u00fchren mindestens zum &#8222;aber-man-darf-ja-nichts-sagen&#8220;-Syndrom.<\/p>\n\n\n\n<p>Der Hype der Gr\u00fcnen wird zwangsweise zusammenbrechen, weil ein Kanzler Robert Habeck nicht liefern kann. Ob es die Gr\u00fcnen hinweg fegt oder, was zu bef\u00fcrchten ist, zu einer l\u00e4ngeren Terrorherrschaft \u00e0 la UdSSR f\u00fchrt, bleibt abzuwarten. Ein wesentliches Element dabei ist vermutlich eine Art EUdSSR, auf die man je kr\u00e4ftig hinarbeitet. Allerdings stehen die deutschen Gr\u00fcnen derzeit ein wenig isoliert da, auch wenn das von der Presse hier anders vorgelogen wird. Bleiben wir trotzdem vorl\u00e4ufig mal bei <strong>No Future<\/strong>.<\/p>\n","protected":false},"excerpt":{"rendered":"<p>Woher kommt der Gr\u00fcne Hype und warum ist er so erfolgreich? Da er weder sachlich noch logisch begr\u00fcndbar ist, bleiben nur psychologische Propaganda-Tricks. Die sind hier einmal ausf\u00fchrlich beschrieben: Download Artikel als PDF<\/p>\n","protected":false},"author":1,"featured_media":0,"comment_status":"open","ping_status":"closed","sticky":false,"template":"","format":"standard","meta":{"footnotes":""},"categories":[12,8,3],"tags":[],"class_list":["post-3140","post","type-post","status-publish","format-standard","hentry","category-gesellschaft","category-massenpsychologie","category-mediennutzung"],"post_mailing_queue_ids":[],"_links":{"self":[{"href":"https:\/\/gilbertbrands.de\/blog\/wp-json\/wp\/v2\/posts\/3140","targetHints":{"allow":["GET"]}}],"collection":[{"href":"https:\/\/gilbertbrands.de\/blog\/wp-json\/wp\/v2\/posts"}],"about":[{"href":"https:\/\/gilbertbrands.de\/blog\/wp-json\/wp\/v2\/types\/post"}],"author":[{"embeddable":true,"href":"https:\/\/gilbertbrands.de\/blog\/wp-json\/wp\/v2\/users\/1"}],"replies":[{"embeddable":true,"href":"https:\/\/gilbertbrands.de\/blog\/wp-json\/wp\/v2\/comments?post=3140"}],"version-history":[{"count":1,"href":"https:\/\/gilbertbrands.de\/blog\/wp-json\/wp\/v2\/posts\/3140\/revisions"}],"predecessor-version":[{"id":3141,"href":"https:\/\/gilbertbrands.de\/blog\/wp-json\/wp\/v2\/posts\/3140\/revisions\/3141"}],"wp:attachment":[{"href":"https:\/\/gilbertbrands.de\/blog\/wp-json\/wp\/v2\/media?parent=3140"}],"wp:term":[{"taxonomy":"category","embeddable":true,"href":"https:\/\/gilbertbrands.de\/blog\/wp-json\/wp\/v2\/categories?post=3140"},{"taxonomy":"post_tag","embeddable":true,"href":"https:\/\/gilbertbrands.de\/blog\/wp-json\/wp\/v2\/tags?post=3140"}],"curies":[{"name":"wp","href":"https:\/\/api.w.org\/{rel}","templated":true}]}}