{"id":3137,"date":"2019-06-03T09:17:23","date_gmt":"2019-06-03T07:17:23","guid":{"rendered":"https:\/\/gilbertbrands.de\/blog\/?p=3137"},"modified":"2019-06-03T09:17:24","modified_gmt":"2019-06-03T07:17:24","slug":"go-green","status":"publish","type":"post","link":"https:\/\/gilbertbrands.de\/blog\/2019\/06\/03\/go-green\/","title":{"rendered":"Go Green!"},"content":{"rendered":"\n<p>Die SPD hat sich gerade selbst zerlegt. Geschieht ihr Recht! Und das wird sich auch nicht \u00e4ndern, wenn jetzt eine Interims-F\u00fchrerin wie Antifa-Versteherin Dreyer die Sache \u00fcbernehmen soll und dahinter Gestalten wie alpha-Kevin und die Berufsdiskriminierte Sawsan Chebli lauern.<\/p>\n\n\n\n<!--more-->\n\n\n\n<p>Die SPD taugt allenfalls noch als Steigb\u00fcgelhalter f\u00fcr andere wie weiland die FDP. Steigb\u00fcgelhalter f\u00fcr eine Gr\u00fcne Regierung, wozu dann aber auch noch die Linke als Steigb\u00fcgelhalter f\u00fcr die andere Seite ben\u00f6tigt wird.<\/p>\n\n\n\n<p>Der zweite GroKo-Partner, die CDU, ist auch angeschlagen, aber anstatt die Pause zwischen den Runden zu nutzen, die eigene Kampfstrategie zu \u00fcberdenken, scheint sich die Absicht durchzusetzen, noch eindrucksvoller als die SPD auf die Bretter zu schlagen. <\/p>\n\n\n\n<p>Parallel zur SPD-Spitze hat nat\u00fcrlich auch die CDU-Spitze getagt. Auch auf der Suche nach einem Anf\u00fchrer, der die Partei an der Macht h\u00e4lt. Und den hat man anscheinend auch gefunden, wenn man die Interviews im Deutschlandfunk richtig interpretiert. <\/p>\n\n\n\n<p style=\"text-align:center\">Es iiisssst &#8230; Robeeeert Hab\u00e4\u00e4\u00e4\u00e4\u00e4ck! <\/p>\n\n\n\n<p>Dumm ist nur, dass der noch der falschen Partei angeh\u00f6rt. Um ihn zu k\u00f6dern, hat die CDU aber s\u00e4mtliche Positionen der Gr\u00fcnen nun komplett \u00fcbernommen. Bis 20&#215;0 soll die BRD komplett CO2-emissionsfrei werden, was nur zu erreichen ist, wenn sie (bzw. die CDU) bis Ende Juni 2018 komplett intelligenzfrei wird. Zumindest dieses Ziel scheint man ohne Probleme erreichen zu k\u00f6nnen.<\/p>\n\n\n\n<p>Wie geht es nun weiter? In den \u00f6stlichen Bundesl\u00e4ndern wird im Herbst wohl eine Allparteienallianz notwendig sein, um gegen die AfD eine Regierung bilden zu k\u00f6nnen. Im Westen wird sich wohl das Weglaufen der W\u00e4hler fortsetzen, weil bei keiner der beiden Parteien irgendeine Erneuerung stattfindet. Fragt sich nur, wo die hinlaufen: zu den Gr\u00fcnen? Es wird gen\u00fcgend Verstrahlte geben, die genau das machen. Zur AfD? Wenig wahrscheinlich, den zu m\u00e4chtig ist die gr\u00fcn-links verseuchte Medienpropaganda, die inzwischen eigentlich eher den Titel &#8222;Dauerwerbesendung f\u00fcr Gr\u00fcn&#8220; hei\u00dfen m\u00fcsste. Oder zu den Nichtw\u00e4hlern? Das ist allerdings gleichbedeutend mit Gr\u00fcn.<\/p>\n","protected":false},"excerpt":{"rendered":"<p>Die SPD hat sich gerade selbst zerlegt. Geschieht ihr Recht! Und das wird sich auch nicht \u00e4ndern, wenn jetzt eine Interims-F\u00fchrerin wie Antifa-Versteherin Dreyer die Sache \u00fcbernehmen soll und dahinter Gestalten wie alpha-Kevin und die Berufsdiskriminierte Sawsan Chebli lauern. Download Artikel als PDF<\/p>\n","protected":false},"author":1,"featured_media":0,"comment_status":"open","ping_status":"closed","sticky":false,"template":"","format":"standard","meta":{"footnotes":""},"categories":[6],"tags":[],"class_list":["post-3137","post","type-post","status-publish","format-standard","hentry","category-politik"],"post_mailing_queue_ids":[],"_links":{"self":[{"href":"https:\/\/gilbertbrands.de\/blog\/wp-json\/wp\/v2\/posts\/3137","targetHints":{"allow":["GET"]}}],"collection":[{"href":"https:\/\/gilbertbrands.de\/blog\/wp-json\/wp\/v2\/posts"}],"about":[{"href":"https:\/\/gilbertbrands.de\/blog\/wp-json\/wp\/v2\/types\/post"}],"author":[{"embeddable":true,"href":"https:\/\/gilbertbrands.de\/blog\/wp-json\/wp\/v2\/users\/1"}],"replies":[{"embeddable":true,"href":"https:\/\/gilbertbrands.de\/blog\/wp-json\/wp\/v2\/comments?post=3137"}],"version-history":[{"count":1,"href":"https:\/\/gilbertbrands.de\/blog\/wp-json\/wp\/v2\/posts\/3137\/revisions"}],"predecessor-version":[{"id":3138,"href":"https:\/\/gilbertbrands.de\/blog\/wp-json\/wp\/v2\/posts\/3137\/revisions\/3138"}],"wp:attachment":[{"href":"https:\/\/gilbertbrands.de\/blog\/wp-json\/wp\/v2\/media?parent=3137"}],"wp:term":[{"taxonomy":"category","embeddable":true,"href":"https:\/\/gilbertbrands.de\/blog\/wp-json\/wp\/v2\/categories?post=3137"},{"taxonomy":"post_tag","embeddable":true,"href":"https:\/\/gilbertbrands.de\/blog\/wp-json\/wp\/v2\/tags?post=3137"}],"curies":[{"name":"wp","href":"https:\/\/api.w.org\/{rel}","templated":true}]}}