{"id":292,"date":"2015-11-26T15:44:05","date_gmt":"2015-11-26T14:44:05","guid":{"rendered":"http:\/\/gilbertbrands.de\/blog\/?p=292"},"modified":"2015-11-26T15:44:05","modified_gmt":"2015-11-26T14:44:05","slug":"der-schutzlose-buerger","status":"publish","type":"post","link":"https:\/\/gilbertbrands.de\/blog\/2015\/11\/26\/der-schutzlose-buerger\/","title":{"rendered":"Der schutzlose B\u00fcrger"},"content":{"rendered":"<p>Der Staat pl\u00fcndert nicht nur hemmungslos die B\u00fcrger aus, er beschneidet in immer gr\u00f6\u00dferem Ausma\u00df Rechte, die f\u00fcr viele in die Kategorie &#8222;Menschenrechte&#8220; fallen. <!--more-->Das f\u00e4ngt bereits beim Selbstschutz oder beim Schutz anderer an: wenn man angegriffen wird und sich wehrt, kann es schnell passieren, dass man wegen K\u00f6rperverletzung des Angreifers bestraft wird &#8211; so geschehen einem Behinderten, der sich vor einigen Jahren gegen eine Horde randalierender Jugendlicher mit Pfefferspray zur Wehr setzte, die Polizei rief und schlie\u00dflich als Beklagter vor Gericht landete und verurteilt wurde, trotz Zeugenaussagen, dass er sich nur gewehrt habe. Entsprechend sollte man sich auch \u00fcberlegen, ob man anderen hilft, denn im Zweifelsfall steht das Recht auf Seiten der erfahrenen Berufsschl\u00e4ger und nicht auf Seiten des mutigen B\u00fcrgers. Sobald man dem Schl\u00e4ger n\u00e4mlich weh tut, ist das nach Ansicht vieler Gerichte nicht mehr verh\u00e4ltnism\u00e4\u00dfig.<\/p>\n<p>Auch sein Eigentum zu sch\u00fctzen ist mehr oder weniger schwierig bis verboten. Video\u00fcberwachungen sind beispielsweise nur dann zul\u00e4ssig, wenn ausschlie\u00dflich der eigenen Grund und Boden aufgenommen wird. Steht das Auto auf der Stra\u00dfe oder wirft der Randalierer vom B\u00fcrgersteig Steine in die Fenster oder Farbe an Wand, ist eine Absicherung \u00fcber Video\u00fcberwachung verboten. Selbst das Aufnehmen von Straftaten, beispielsweise Verkehrsrowdis, wird vor Gericht nicht als Beweis gewertet, sondern bestraft, denn der Verbrecher genie\u00dft in der BRD Pers\u00f6nlichkeitsrechte und Datenschutz &#8211; die Rechte des gesch\u00e4digten B\u00fcrgers sind den Politheinis, die solche d\u00e4mlichen Gesetze machen, schei\u00dfegal. Sollen die doch sehen, wo sie bleiben! Noch nicht einmal eine Atrappe einer Kamera darf man aufh\u00e4ngen: mehrfach haben Nachbarn in Kenntnis der Atrappeneigenschaft gegen so etwas geklagt und bekamen auch noch Recht! Soll sich der Fahrzeugbesitzer doch gef\u00e4lligst 24 h\/d in sein Auto setzen, wenn er nicht will, dass es verkratzt oder demoliert wird. Freie Fahrt den Randalierern!<\/p>\n<p>Datenschutz hei\u00dft \u00fcbrigens nicht, dass Sie Ihre Daten sch\u00fctzen d\u00fcrften. Wenn Sie Ihre Daten auf Ihrem PC verschl\u00fcsseln wollen, brauchen Sie dazu Software. Die frei zu verteilen ist nach neuestem EU-Recht verboten. Programmierer, die eine Verschl\u00fcsselungssoftware programmiert haben und diese als Freeware anbieten, machen sich strafbar. Begr\u00fcndung: auch b\u00f6se Leute k\u00f6nnten diese Software nutzen, also verbietet die EU gleich alles. Das Stichwort hei\u00dft <a href=\"https:\/\/de.wikipedia.org\/wiki\/Dual-Use\" target=\"_blank\">Dual-Use-Software<\/a>. Man darf zwar solche Technologien (noch) erfinden und (noch) programmieren, aber nicht mehr anderen zur Verf\u00fcgung stellen, von ein paar Ausnahmen wie SSL usw. abgesehen.<\/p>\n<p>&nbsp;<\/p>\n","protected":false},"excerpt":{"rendered":"<p>Der Staat pl\u00fcndert nicht nur hemmungslos die B\u00fcrger aus, er beschneidet in immer gr\u00f6\u00dferem Ausma\u00df Rechte, die f\u00fcr viele in die Kategorie &#8222;Menschenrechte&#8220; fallen. Download Artikel als PDF<\/p>\n","protected":false},"author":1,"featured_media":0,"comment_status":"open","ping_status":"open","sticky":false,"template":"","format":"standard","meta":{"footnotes":""},"categories":[12,5,13],"tags":[],"class_list":["post-292","post","type-post","status-publish","format-standard","hentry","category-gesellschaft","category-it-sicherheit","category-recht"],"post_mailing_queue_ids":[],"_links":{"self":[{"href":"https:\/\/gilbertbrands.de\/blog\/wp-json\/wp\/v2\/posts\/292","targetHints":{"allow":["GET"]}}],"collection":[{"href":"https:\/\/gilbertbrands.de\/blog\/wp-json\/wp\/v2\/posts"}],"about":[{"href":"https:\/\/gilbertbrands.de\/blog\/wp-json\/wp\/v2\/types\/post"}],"author":[{"embeddable":true,"href":"https:\/\/gilbertbrands.de\/blog\/wp-json\/wp\/v2\/users\/1"}],"replies":[{"embeddable":true,"href":"https:\/\/gilbertbrands.de\/blog\/wp-json\/wp\/v2\/comments?post=292"}],"version-history":[{"count":1,"href":"https:\/\/gilbertbrands.de\/blog\/wp-json\/wp\/v2\/posts\/292\/revisions"}],"predecessor-version":[{"id":293,"href":"https:\/\/gilbertbrands.de\/blog\/wp-json\/wp\/v2\/posts\/292\/revisions\/293"}],"wp:attachment":[{"href":"https:\/\/gilbertbrands.de\/blog\/wp-json\/wp\/v2\/media?parent=292"}],"wp:term":[{"taxonomy":"category","embeddable":true,"href":"https:\/\/gilbertbrands.de\/blog\/wp-json\/wp\/v2\/categories?post=292"},{"taxonomy":"post_tag","embeddable":true,"href":"https:\/\/gilbertbrands.de\/blog\/wp-json\/wp\/v2\/tags?post=292"}],"curies":[{"name":"wp","href":"https:\/\/api.w.org\/{rel}","templated":true}]}}