{"id":266,"date":"2015-11-03T08:46:26","date_gmt":"2015-11-03T07:46:26","guid":{"rendered":"http:\/\/gilbertbrands.de\/blog\/?p=266"},"modified":"2019-11-22T10:56:55","modified_gmt":"2019-11-22T09:56:55","slug":"ueber-die-nspd-und-propagandamedien","status":"publish","type":"post","link":"https:\/\/gilbertbrands.de\/blog\/2015\/11\/03\/ueber-die-nspd-und-propagandamedien\/","title":{"rendered":"\u00dcber die NSPD und Propagandamedien"},"content":{"rendered":"<p>Vokabeln wie &#8222;rechte Sau&#8220;, &#8222;unertr\u00e4glicher Nazi-Idiot&#8220;, &#8222;widerw\u00e4rtiges Faschistensubjekt&#8220; und schlimmeres quillt nur so aus den M\u00fcndern von Politikern bis hin zum Bundesjustizminister wie weiland die Nordsee in der Sturmflut von 1962 in das Hinterland. <!--more-->Als aufrechter sozialdemokratischer Demokrat oder Vertreter der L\u00fcgenpresse darf man das. Man darf jeden Abweichler von der eigenen Meinung beschimpfen und ausgrenzen. Und da inzwischen ungef\u00e4hr die H\u00e4lfte der B\u00fcrger zu den Abweichlern geh\u00f6rt, darf man das um so intensiver, denn vielleicht lassen sich ja einige von den Hasstiraden der Politmischpoke und Journaille wieder zur\u00fcckholen. Es ist schon bemerkenswert, wenn ausgerechnet die Leute, die formal immer etepetete sind und auf gewisse scheinh\u00f6fliche Formen achten, inzwischen selbst bei G\u00fcnther Jauch die unterste verbale Grubensau rauslassen und mit Sprachkot nur so um sich werfen, weil ein AfD-Vertreter im Raum ist.<\/p>\n<p>Aber wehe, das Imperium schl\u00e4gt zur\u00fcck! So vergleicht der Pegida-Organisator Lutz Bachmann in einer Rede den Bundesjustizminister mit Josef Goebbels &#8211; angesichts der Sprache, der sich auch der Justizminister bedient, ein nicht ganz von der Hand zu weisender Vergleich, denn au\u00dfer Hetzreden ist von der Politik in Sachen Diskussion ja derzeit nichts zu haben. Ohne selbst von dieser Hass-Rhetorik zu lassen fordern nun die aufrechten Demokraten der SPD ein strafrechtliches Vorgehen wegen Hass-Rhetorik. Man muss sich als Beobachter fragen, ob Leute wie Stegemann oder Sch\u00e4fer-G\u00fcmbel zu Hause eigentlich noch Spiegel haben oder sie sich bereits daran gew\u00f6hnt haben, dass ihnen immer schlecht wird, wenn sie sich in einem sehen.<\/p>\n<p>Als kleines Lehrst\u00fcck, wie man von Seiten aufrechter Demokraten mit dem Schei\u00dfvolk und Meinungsabweichlern umgeht, <a href=\"http:\/\/www.stefan-niggemeier.de\/blog\/22191\/die-unwahrheit-ueber-akif-pirincis-kz-rede\/\" target=\"_blank\" rel=\"noopener noreferrer\">hier noch ein Beispiel.<\/a> Der Schriftsteller Akif Pirinci sagte auf einer Rede in Dresden:<\/p>\n<p><a href=\"http:\/\/gilbertbrands.de\/blog\/wp-content\/uploads\/2015\/11\/CRtQmz6WEAAFH4e.pnglarge.png\"><img loading=\"lazy\" decoding=\"async\" class=\"alignnone size-medium wp-image-267\" src=\"http:\/\/gilbertbrands.de\/blog\/wp-content\/uploads\/2015\/11\/CRtQmz6WEAAFH4e.pnglarge-300x235.png\" alt=\"CRtQmz6WEAAFH4e.png:large\" width=\"300\" height=\"235\" srcset=\"https:\/\/gilbertbrands.de\/blog\/wp-content\/uploads\/2015\/11\/CRtQmz6WEAAFH4e.pnglarge-300x235.png 300w, https:\/\/gilbertbrands.de\/blog\/wp-content\/uploads\/2015\/11\/CRtQmz6WEAAFH4e.pnglarge.png 1023w\" sizes=\"auto, (max-width: 300px) 100vw, 300px\" \/><\/a><\/p>\n<p>\u00c4hnliches konnte man sich schon von der Bundeskanzerlerin anh\u00f6ren, die sinngem\u00e4\u00df ebenfalls sagte, dass jeder, der eine abweichende Meinung \u00fcber ihre Ausl\u00e4nderpolitik habe, nicht in dieses Land geh\u00f6re. Die Rede ist im vollst\u00e4ndigen Text unmissverst\u00e4ndlich, und Klarstellungen sind auch erschienen. Trotzdem wird am 2. November 2015 die Rede im Deutschlandradio immer noch so zitiert, als habe Pirinci zur Vergasung der Ausl\u00e4nder aufgerufen. Und dann wundern sich diese Medienleute noch \u00fcber den Ausdruck &#8222;L\u00fcgenpresse&#8220;?<\/p>\n<p>Man mag die Wortwahl von Pirinci etwas \u00fcberzogen finden, aber angesichts der Wortwahl guter Demokraten und Qualit\u00e4tsjournalisten: warum sollte man noch irgendwie h\u00f6flich bleiben. Die Abstrafung f\u00fcr eine eigene Meinung folgt nat\u00fcrlich auf dem Fu\u00df: die Staatsanwaltschaft ermittelt (nat\u00fcrlich einseitig), Medienkonzerne ziehen Auftr\u00e4ge zur\u00fcck, Verlage k\u00fcndigen Vertr\u00e4ge. Pirincie <a href=\"http:\/\/www.welt.de\/politik\/deutschland\/article147943065\/Akif-Pirincci-sieht-seine-Existenz-zerstoert.html\" target=\"_blank\" rel=\"noopener noreferrer\">bedauert inzwischen \u00f6ffentlich<\/a>, seine Meinung vertreten zu haben, und erw\u00e4gt, aus Deutschland wegzuziehen, da man ihn aufgrund einer eigenen Meinung wirtschaftlich vernichtet.<\/p>\n","protected":false},"excerpt":{"rendered":"<p>Vokabeln wie &#8222;rechte Sau&#8220;, &#8222;unertr\u00e4glicher Nazi-Idiot&#8220;, &#8222;widerw\u00e4rtiges Faschistensubjekt&#8220; und schlimmeres quillt nur so aus den M\u00fcndern von Politikern bis hin zum Bundesjustizminister wie weiland die Nordsee in der Sturmflut von 1962 in das Hinterland. Download Artikel als PDF<\/p>\n","protected":false},"author":1,"featured_media":0,"comment_status":"open","ping_status":"open","sticky":false,"template":"","format":"standard","meta":{"footnotes":""},"categories":[12,20,6],"tags":[],"class_list":["post-266","post","type-post","status-publish","format-standard","hentry","category-gesellschaft","category-journalismus","category-politik"],"post_mailing_queue_ids":[],"_links":{"self":[{"href":"https:\/\/gilbertbrands.de\/blog\/wp-json\/wp\/v2\/posts\/266","targetHints":{"allow":["GET"]}}],"collection":[{"href":"https:\/\/gilbertbrands.de\/blog\/wp-json\/wp\/v2\/posts"}],"about":[{"href":"https:\/\/gilbertbrands.de\/blog\/wp-json\/wp\/v2\/types\/post"}],"author":[{"embeddable":true,"href":"https:\/\/gilbertbrands.de\/blog\/wp-json\/wp\/v2\/users\/1"}],"replies":[{"embeddable":true,"href":"https:\/\/gilbertbrands.de\/blog\/wp-json\/wp\/v2\/comments?post=266"}],"version-history":[{"count":3,"href":"https:\/\/gilbertbrands.de\/blog\/wp-json\/wp\/v2\/posts\/266\/revisions"}],"predecessor-version":[{"id":4016,"href":"https:\/\/gilbertbrands.de\/blog\/wp-json\/wp\/v2\/posts\/266\/revisions\/4016"}],"wp:attachment":[{"href":"https:\/\/gilbertbrands.de\/blog\/wp-json\/wp\/v2\/media?parent=266"}],"wp:term":[{"taxonomy":"category","embeddable":true,"href":"https:\/\/gilbertbrands.de\/blog\/wp-json\/wp\/v2\/categories?post=266"},{"taxonomy":"post_tag","embeddable":true,"href":"https:\/\/gilbertbrands.de\/blog\/wp-json\/wp\/v2\/tags?post=266"}],"curies":[{"name":"wp","href":"https:\/\/api.w.org\/{rel}","templated":true}]}}