{"id":2378,"date":"2018-12-10T06:00:01","date_gmt":"2018-12-10T05:00:01","guid":{"rendered":"https:\/\/gilbertbrands.de\/blog\/?p=2378"},"modified":"2018-12-09T18:04:53","modified_gmt":"2018-12-09T17:04:53","slug":"gilets-jaunes","status":"publish","type":"post","link":"https:\/\/gilbertbrands.de\/blog\/2018\/12\/10\/gilets-jaunes\/","title":{"rendered":"Gilets jaunes"},"content":{"rendered":"<p>Die Gilets jaunes r\u00e4umen derzeit Frankreich auf. Ein baldiges Ende ist wohl kaum in Sicht, denn die Reaktion des Pr\u00e4sidenten und die Aktionen der Polizei <!--more-->gegen\u00fcber den Demonstranten<\/p>\n<p><iframe loading=\"lazy\" title=\"Sch\u00fclerproteste: Bilder \u00fcber Polizeieinsatz schockieren Frankreich\" width=\"604\" height=\"340\" src=\"https:\/\/www.youtube.com\/embed\/_i0rS-f-lvo?feature=oembed\" frameborder=\"0\" allow=\"accelerometer; autoplay; clipboard-write; encrypted-media; gyroscope; picture-in-picture; web-share\" referrerpolicy=\"strict-origin-when-cross-origin\" allowfullscreen><\/iframe><\/p>\n<p>deren Umgang mit Sch\u00fclern auch ohne Weiteres in jeden KZ-Film gepasst h\u00e4tte, stachelt eher auf als dass so was beruhigend wirkt.<\/p>\n<p>In Frankreich h\u00e4ngen sich anscheinend nun die ersten Gewerkschaften an die Demonstrationen an.\u00a0Noch halten sich die franz\u00f6sischen Bauern zur\u00fcck. Wenn die mit einsteigen, d\u00fcrfte in Frankreich nichts mehr gehen. Inzwischen ist die Demo-Welle nach Belgien \u00fcbergeschwappt und hat inzwischen auch die Niederlande erreicht. Mit <a href=\"https:\/\/deutsch.rt.com\/newsticker\/80708-hunderte-bei-gelbwesten-demonstrationen-in-niederlanden\/\">Groningen<\/a> fehlen nur noch 118 Autobahnkilometer bis zu mir.<\/p>\n<p>Das Erstaunliche an der Sache ist weniger, dass in anderen L\u00e4ndern ebenfalls Proteste stattfinden, das Erstaunliche ist eher, dass es hier noch ruhig ist. Denn vergleichsweise geht es hier vielen Leuten nicht besser. Der Unterschied zu anderen Demonstrationen ist, dass es nicht um ein bestimmtes Thema geht, sondern um eine allgemeine Unzufriedenheit mit dem, was die &#8222;Mischpoke da oben&#8220; tagt\u00e4glich veranstaltet. Wird hier eine Kandel-Demo durchgef\u00fchrt, erscheinen ein paar Leute, die sich an der Ausl\u00e4nderpolitik st\u00f6ren, sowie ein paar Antifanten, die mit Billigung von Politik und Medien auf die &#8222;Rechten&#8220; einpr\u00fcgeln. Bei &#8222;Gilet jaunes&#8220; w\u00e4ren aber beide nebeneinander auf der Stra\u00dfe, die einen wegen der Ausl\u00e4nderpolitik, die anderen wegen G20, und w\u00fcrden nicht aufeinander einschlagen, sondern Front gegen die Eliten machen, wie es so sch\u00f6n hei\u00dft. Daneben w\u00e4ren noch ein paar, die f\u00fcr einen schnelleren CO2-Ausstieg wegen des Klimas w\u00e4ren, Hand in Hand mit anderen, die den Klimahype f\u00fcr v\u00f6lligen Bl\u00f6dsinn halten.<\/p>\n<p>Auf den Punkt gebracht: die Eliten haben vollst\u00e4ndig das Vertrauen verloren. Auf der einen Seite, weil sie das &#8222;niedere&#8220; Volk mehr und mehr f\u00fcr fragw\u00fcrdige Ziele auspl\u00fcndern,<\/p>\n<p><iframe loading=\"lazy\" title=\"Macron est le pr\u00e9sident des tr\u00e8s riches d&#039;apr\u00e8s Fran\u00e7ois Hollande\" width=\"604\" height=\"340\" src=\"https:\/\/www.youtube.com\/embed\/14qMzMjakFE?feature=oembed\" frameborder=\"0\" allow=\"accelerometer; autoplay; clipboard-write; encrypted-media; gyroscope; picture-in-picture; web-share\" referrerpolicy=\"strict-origin-when-cross-origin\" allowfullscreen><\/iframe><\/p>\n<p>auf der anderen Seite, weil sie eine Mordspanik veranstalten, ohne die L\u00f6sungen liefern zu k\u00f6nnen (Klimawandel, Diesel, &#8230;). Inzwischen hat wohl fast jeder ein H\u00fchnchen mit dem Polit- und Medienvolk zu rupfen.<\/p>\n<p>[\u00dcbersetzung des Videos: Frage an Macrons Vorg\u00e4nger Hollande &#8222;Ist Macron ein Pr\u00e4sident der Reichen?&#8220;. Antwort: &#8222;Nein! &#8230; Er ist der Pr\u00e4sident der Superreichen!&#8220;]<\/p>\n<p>In Frankreich sind &#8211; unabh\u00e4ngig von irgendwelchen Wahlergebnissen, auf die sich Politik und Medien gerne berufen &#8211; mindestens 75% der Bev\u00f6lkerung &#8222;Gilets jaunes&#8220;. Wie viele w\u00fcrden es wohl letztlich hier in der BRD sein?<\/p>\n<p>Wie kommen die Eliten aus der Nummer wieder raus? N\u00e4chstes Jahr ist EU-Wahl. M\u00f6glicherweise sind die Gilets jaunes der Anfang vom Ende der EU in ihrer derzeitigen Form. Ob es die Zombies in Paris, Br\u00fcssel, Amsterdam und Berlin hinbekommen, die EU in eine anderen Form zu bringen, bezweifle ich. Eher kommt es wohl zum EUXIT.<\/p>\n","protected":false},"excerpt":{"rendered":"<p>Die Gilets jaunes r\u00e4umen derzeit Frankreich auf. Ein baldiges Ende ist wohl kaum in Sicht, denn die Reaktion des Pr\u00e4sidenten und die Aktionen der Polizei Download Artikel als PDF<\/p>\n","protected":false},"author":1,"featured_media":0,"comment_status":"open","ping_status":"open","sticky":false,"template":"","format":"standard","meta":{"footnotes":""},"categories":[12],"tags":[],"class_list":["post-2378","post","type-post","status-publish","format-standard","hentry","category-gesellschaft"],"post_mailing_queue_ids":[],"_links":{"self":[{"href":"https:\/\/gilbertbrands.de\/blog\/wp-json\/wp\/v2\/posts\/2378","targetHints":{"allow":["GET"]}}],"collection":[{"href":"https:\/\/gilbertbrands.de\/blog\/wp-json\/wp\/v2\/posts"}],"about":[{"href":"https:\/\/gilbertbrands.de\/blog\/wp-json\/wp\/v2\/types\/post"}],"author":[{"embeddable":true,"href":"https:\/\/gilbertbrands.de\/blog\/wp-json\/wp\/v2\/users\/1"}],"replies":[{"embeddable":true,"href":"https:\/\/gilbertbrands.de\/blog\/wp-json\/wp\/v2\/comments?post=2378"}],"version-history":[{"count":1,"href":"https:\/\/gilbertbrands.de\/blog\/wp-json\/wp\/v2\/posts\/2378\/revisions"}],"predecessor-version":[{"id":2379,"href":"https:\/\/gilbertbrands.de\/blog\/wp-json\/wp\/v2\/posts\/2378\/revisions\/2379"}],"wp:attachment":[{"href":"https:\/\/gilbertbrands.de\/blog\/wp-json\/wp\/v2\/media?parent=2378"}],"wp:term":[{"taxonomy":"category","embeddable":true,"href":"https:\/\/gilbertbrands.de\/blog\/wp-json\/wp\/v2\/categories?post=2378"},{"taxonomy":"post_tag","embeddable":true,"href":"https:\/\/gilbertbrands.de\/blog\/wp-json\/wp\/v2\/tags?post=2378"}],"curies":[{"name":"wp","href":"https:\/\/api.w.org\/{rel}","templated":true}]}}