{"id":2162,"date":"2018-10-25T09:59:26","date_gmt":"2018-10-25T07:59:26","guid":{"rendered":"https:\/\/gilbertbrands.de\/blog\/?p=2162"},"modified":"2018-10-30T10:08:35","modified_gmt":"2018-10-30T09:08:35","slug":"klima-oder-wetter","status":"publish","type":"post","link":"https:\/\/gilbertbrands.de\/blog\/2018\/10\/25\/klima-oder-wetter\/","title":{"rendered":"Klima oder Wetter?"},"content":{"rendered":"<p><strong>Extremsommer! Es beginnt eine Hei\u00dfzeit! Jetzt kann jeder die Klima\u00e4nderung selbst sp\u00fcren!<br \/>\n<\/strong><\/p>\n<p>Politik und Medien \u00fcberschlagen sich bei der Fehlbewertung dieses Sommers. Wenn man <!--more-->statt eines so genannten Klimaforschers aber mal einen Wetterfrosch auf die Sache schauen l\u00e4sst, kommt etwas ganz anderes heraus:<\/p>\n<p style=\"text-align: center;\"><a href=\"https:\/\/www.wetter.com\/news\/duerrejahr-2018-wann-endet-die-trockenheit_aid_5bcedc20a5b4b90fb27efa6b.html\" target=\"_blank\" rel=\"noopener\"><strong>Ein Sommer dieser Art ist zwar selten, aber keineswegs au\u00dfergew\u00f6hnlich und noch nicht mal rekordverd\u00e4chtig!<\/strong><\/a><\/p>\n<p>\u00dcber die Jahrzehnte und Jahrhunderte traten solche Sommer immer wieder auf. Der hier hat es bis jetzt auf ca. 6,5 trockene Monate gebracht, fr\u00fchere auf 9 oder gar noch mehr. Also nix Klimawandel! Und die Wahrscheinlichkeit, dass es im n\u00e4chsten Jahr wieder k\u00fchler und nasser wird, ist nach der Statistik hoch.<\/p>\n<p>&nbsp;<\/p>\n","protected":false},"excerpt":{"rendered":"<p>Extremsommer! Es beginnt eine Hei\u00dfzeit! Jetzt kann jeder die Klima\u00e4nderung selbst sp\u00fcren! Politik und Medien \u00fcberschlagen sich bei der Fehlbewertung dieses Sommers. Wenn man Download Artikel als PDF<\/p>\n","protected":false},"author":1,"featured_media":0,"comment_status":"open","ping_status":"open","sticky":false,"template":"","format":"standard","meta":{"footnotes":""},"categories":[1,18],"tags":[],"class_list":["post-2162","post","type-post","status-publish","format-standard","hentry","category-allgemein","category-klima"],"post_mailing_queue_ids":[],"_links":{"self":[{"href":"https:\/\/gilbertbrands.de\/blog\/wp-json\/wp\/v2\/posts\/2162","targetHints":{"allow":["GET"]}}],"collection":[{"href":"https:\/\/gilbertbrands.de\/blog\/wp-json\/wp\/v2\/posts"}],"about":[{"href":"https:\/\/gilbertbrands.de\/blog\/wp-json\/wp\/v2\/types\/post"}],"author":[{"embeddable":true,"href":"https:\/\/gilbertbrands.de\/blog\/wp-json\/wp\/v2\/users\/1"}],"replies":[{"embeddable":true,"href":"https:\/\/gilbertbrands.de\/blog\/wp-json\/wp\/v2\/comments?post=2162"}],"version-history":[{"count":2,"href":"https:\/\/gilbertbrands.de\/blog\/wp-json\/wp\/v2\/posts\/2162\/revisions"}],"predecessor-version":[{"id":2170,"href":"https:\/\/gilbertbrands.de\/blog\/wp-json\/wp\/v2\/posts\/2162\/revisions\/2170"}],"wp:attachment":[{"href":"https:\/\/gilbertbrands.de\/blog\/wp-json\/wp\/v2\/media?parent=2162"}],"wp:term":[{"taxonomy":"category","embeddable":true,"href":"https:\/\/gilbertbrands.de\/blog\/wp-json\/wp\/v2\/categories?post=2162"},{"taxonomy":"post_tag","embeddable":true,"href":"https:\/\/gilbertbrands.de\/blog\/wp-json\/wp\/v2\/tags?post=2162"}],"curies":[{"name":"wp","href":"https:\/\/api.w.org\/{rel}","templated":true}]}}