{"id":215,"date":"2015-10-12T15:49:46","date_gmt":"2015-10-12T13:49:46","guid":{"rendered":"http:\/\/gilbertbrands.de\/blog\/?p=215"},"modified":"2015-10-13T09:00:13","modified_gmt":"2015-10-13T07:00:13","slug":"integration-und-anderes","status":"publish","type":"post","link":"https:\/\/gilbertbrands.de\/blog\/2015\/10\/12\/integration-und-anderes\/","title":{"rendered":"Integration und anderes"},"content":{"rendered":"<p>Der Vorsitzende der t\u00fcrksischen Gemeinde in Deutschland warnt vor <a href=\"http:\/\/www.fnp.de\/nachrichten\/politik\/tagesthema\/Schwappt-der-Tuerkei-Konflikt-nach-Deutschland;art46567,1639013\" target=\"_blank\">\u00dcberschwappen des sich anbahnenden t\u00fcrkischen B\u00fcrgerkriegs<\/a> nach Deutschland.<!--more--><\/p>\n<p>Wenn man sich einmal die einzelnen Teile solcher Meldungen anschaut &#8211; Vorsitzender der t\u00fcrkischen Gemeinde, innert\u00fcrkeilicher Krieg nach Deutschland &#8211; kann man eigentlich noch besser demonstrieren, dass das ganze Integrationsgerede nichts als inhaltsloses Gew\u00e4sch ist? Ein t\u00fcrkischst\u00e4mmiger Deutscher, der sich so f\u00fchlt, d\u00fcrfte sich wohl kaum durch einen t\u00fcrkischen T\u00fcrkenverein vertreten lassen, und irgendwelche Probleme in der T\u00fcrkei d\u00fcrften ihn allenfalls aufgrund dort lebender Verwandten interessieren, aber ruhig bleiben lassen. Vorbild sollten hier lebende (ehemalige) Russen oder Ukrainer sein, die zwar vermutlich Partei f\u00fcr das ergreifen, was sich in der Ukraine abspielt, aber verbal und nicht mit Messern oder Kn\u00fcppeln.<\/p>\n<p>Wenn sich schon t\u00fcrkische Verb\u00e4nde hier etablieren und nun auch mit Gewalt drohen &#8211; kann man dann nicht daraus schlie\u00dfen, dass es sich um T\u00fcrken handelt, die vielleicht einen &#8222;schei\u00dfdeutschen&#8220; Pass besitzen, um hier besser am Sozialstaat zu knabbern, denen aber sonst Deutschland usw. schei\u00dfegal ist (f\u00fcr Kurden gilt das Gleiche). Integration &#8211; Fehlanzeige, neue Heimat &#8211; Fehlanzeige. Ich habe kein Verst\u00e4ndnis daf\u00fcr, und man sollte in den Parteien, in denen sich t\u00fcrkische Namen h\u00e4ufen, durchaus einmal kontrollieren, ob es sich wirklich um Deutsche handelt oder nicht vielmehr um eine t\u00fcrkische 5. Kolonne, die den Staat von Innen aufmischt.<\/p>\n<p>Wir werden es vielleicht bald wissen. Man braucht nur zu beobachten, wie sich das ver\u00f6ffentlichte Verhalten zu den Aktivit\u00e4ten des Faschisten Erduan entwickelt. So wie dieser Mensch redet, welchen Hass er auf die Kurden ausdr\u00fcckt, ist ihm durchaus zuzutrauen, hinter dem Terroranschlag zu stehen, um an den Kurden gen\u00fc\u00dflich einen Holocaust zu zelebrieren. Es w\u00e4re ja nicht das erste Mal, dass sich die T\u00fcrken als V\u00f6lkerm\u00f6rder hervortun.<\/p>\n<p>Aber auch die Westeurop\u00e4er sollten sich m\u00f6glichst schnell warm anziehen. Zu den potentiell mehr als 4 Mio Syrern und Irakern, zu den Afrikanern (die zwar oft keinen Fl\u00fcchtlingsstatus bekommen, aber trotzdem in Massen &#8222;geduldet&#8220; dableiben) und Afghanen k\u00f6nnen schnell noch 5-6 Mio T\u00fcrken und Kurden kommen, wenn es wirklich zu einem B\u00fcrgerkrieg in der T\u00fcrkei kommt. Vordergr\u00fcndig als Fl\u00fcchtlinge, hintergr\u00fcndig, um hier ebenfalls Krieg zu spielen, wie die T\u00fcrkenverb\u00e4nde nun androhen.<\/p>\n","protected":false},"excerpt":{"rendered":"<p>Der Vorsitzende der t\u00fcrksischen Gemeinde in Deutschland warnt vor \u00dcberschwappen des sich anbahnenden t\u00fcrkischen B\u00fcrgerkriegs nach Deutschland. Download Artikel als PDF<\/p>\n","protected":false},"author":1,"featured_media":0,"comment_status":"open","ping_status":"open","sticky":false,"template":"","format":"standard","meta":{"footnotes":""},"categories":[22],"tags":[],"class_list":["post-215","post","type-post","status-publish","format-standard","hentry","category-naturschutz"],"post_mailing_queue_ids":[],"_links":{"self":[{"href":"https:\/\/gilbertbrands.de\/blog\/wp-json\/wp\/v2\/posts\/215","targetHints":{"allow":["GET"]}}],"collection":[{"href":"https:\/\/gilbertbrands.de\/blog\/wp-json\/wp\/v2\/posts"}],"about":[{"href":"https:\/\/gilbertbrands.de\/blog\/wp-json\/wp\/v2\/types\/post"}],"author":[{"embeddable":true,"href":"https:\/\/gilbertbrands.de\/blog\/wp-json\/wp\/v2\/users\/1"}],"replies":[{"embeddable":true,"href":"https:\/\/gilbertbrands.de\/blog\/wp-json\/wp\/v2\/comments?post=215"}],"version-history":[{"count":2,"href":"https:\/\/gilbertbrands.de\/blog\/wp-json\/wp\/v2\/posts\/215\/revisions"}],"predecessor-version":[{"id":217,"href":"https:\/\/gilbertbrands.de\/blog\/wp-json\/wp\/v2\/posts\/215\/revisions\/217"}],"wp:attachment":[{"href":"https:\/\/gilbertbrands.de\/blog\/wp-json\/wp\/v2\/media?parent=215"}],"wp:term":[{"taxonomy":"category","embeddable":true,"href":"https:\/\/gilbertbrands.de\/blog\/wp-json\/wp\/v2\/categories?post=215"},{"taxonomy":"post_tag","embeddable":true,"href":"https:\/\/gilbertbrands.de\/blog\/wp-json\/wp\/v2\/tags?post=215"}],"curies":[{"name":"wp","href":"https:\/\/api.w.org\/{rel}","templated":true}]}}