{"id":1951,"date":"2018-09-22T11:19:36","date_gmt":"2018-09-22T09:19:36","guid":{"rendered":"https:\/\/gilbertbrands.de\/blog\/?p=1951"},"modified":"2018-09-22T11:19:36","modified_gmt":"2018-09-22T09:19:36","slug":"die-causa-maassen-sprengt-alle-masse","status":"publish","type":"post","link":"https:\/\/gilbertbrands.de\/blog\/2018\/09\/22\/die-causa-maassen-sprengt-alle-masse\/","title":{"rendered":"Die Causa Maa\u00dfen sprengt alle Ma\u00dfe"},"content":{"rendered":"<p>Nachdem man sich nun scheinbar darauf geeinigt hat, Maa\u00dfen wegzuloben, hat A.Nahles (wer das ohne Sprechpause und Dehnungs-H liest, muss das selbst verantworten!) anscheinend ihren pers\u00f6nlichen Boomerang erlebt. F\u00fcr n\u00e4chste Woche <!--more-->hat sie neuen &#8222;Gespr\u00e4chsbedarf&#8220; angemeldet, da sie von den Scharfmachern in ihrer Partei wohl kr\u00e4ftig &#8222;was auf die Fresse&#8220; bekommen hat.<\/p>\n<p>Ich habe zwar schon einige Posts zu diesem Thema veranstaltet, aber aus Sicht eines Beamten sei zur Causa Maa\u00dfen sei noch einmal auf Folgendes hingewiesen: die Hochstilisierung des Videos zur Hetzjagd durch die Medienlandschaft ist nichts anderes als Volksverhetzung, denn es stimmt nichts daran, wie inzwischen in verschiedenen Artikeln einer Reihe von Qualit\u00e4tsmedien nachzulesen ist. Frau Merkel hat es vorgezogen, sich an dieser Verhetzung zu beteiligen anstatt sich erst einmal zu informieren. Aber das sind wir an ihr ja schon gewohnt &#8211; sie muss ja nichts lesen, um es &#8222;nicht hilfreich&#8220; zu finden.<\/p>\n<p>Hans-Georg Maa\u00dfen ist als Deutscher Beamter &#8211; wie alle Beamten &#8211; auf die Verfassung (je nach Dienstherr Landesverfassung oder Grundgesetz) vereidigt und hat geschworen, Schaden vom Deutschen Volk fernzuhalten. Er ist nicht etwa auf eine Partei oder einen Regierungschef vereidigt &#8211; das war letztmalig bei der Vereidigung auf Adolf Hitler pers\u00f6nlich der Fall, und auch davor erfolgte die Vereidigung auf die Krone und nicht etwa auf den Regenten. Herr Maa\u00dfen ist mit seiner Verlautbarung, die ja wohl mit seinem Chef abgestimmt war und die er stellvertretend f\u00fcr diesen als Ermittler t\u00e4tigte, um dem Ganzen etwas die Spitze zu nehmen, letztlich nur seinem Amtseid nachgekommen: Schaden vom Deutschen Volk durch eine ungerechtfertigte Volksverhetzung abzuwenden. Wenn sich jemand unprofessionell benommen hat und gehen m\u00fcsste, dann Frau Merkel und nicht Herr Maa\u00dfen.<\/p>\n<p>Ich finde es bedenklich, wie nun von allen Seiten auf den Boten eingeschlagen wird und nicht auf den Urheber und in welchem Umfang sich die Presse an dieser nun tats\u00e4chlich stattfindenden Hetzjagd beteiligt. Aus Sicht der Politiker ist es verlockend, sich durch besonders dramatischen Rufmord Kritikern zu entledigen und sich T\u00fcr und Tor f\u00fcr Demagogie zu \u00f6ffnen, zumal es ja Konsens ist, sich mit der AfD nie und niemals auf eine Sachdiskussion einzulassen. Aus Sicht der Demokratie ist das fatal, besonders wenn die Presse als selbsternannter H\u00fcter der Demokratie sich ebenfalls in dieser Form daneben benimmt und die ganze Hexenjagd auch noch politisch-moralisch zur nicht zu tolerierenden Dolchsto\u00dflegende gegen Merkel hochstilisiert.<\/p>\n<p>Um es auf den Punkt zu bringen: irren ist nicht nur m\u00e4nnlich, sondern auch weiblich, und eine Kanzlerin, die noch nicht einmal die Gr\u00f6\u00dfe besitzt &#8222;<em>Sorry. Ist mir so rausgerutscht und war wohl ein offensichtlicher Irrtum.<\/em>&#8220; in einer eigentlich nebens\u00e4chlichen Angelegenheit zu sagen, hat auf der Position nichts zu suchen. Merkel muss weg!<\/p>\n","protected":false},"excerpt":{"rendered":"<p>Nachdem man sich nun scheinbar darauf geeinigt hat, Maa\u00dfen wegzuloben, hat A.Nahles (wer das ohne Sprechpause und Dehnungs-H liest, muss das selbst verantworten!) anscheinend ihren pers\u00f6nlichen Boomerang erlebt. F\u00fcr n\u00e4chste Woche Download Artikel als PDF<\/p>\n","protected":false},"author":1,"featured_media":0,"comment_status":"open","ping_status":"open","sticky":false,"template":"","format":"standard","meta":{"footnotes":""},"categories":[6],"tags":[],"class_list":["post-1951","post","type-post","status-publish","format-standard","hentry","category-politik"],"post_mailing_queue_ids":[],"_links":{"self":[{"href":"https:\/\/gilbertbrands.de\/blog\/wp-json\/wp\/v2\/posts\/1951","targetHints":{"allow":["GET"]}}],"collection":[{"href":"https:\/\/gilbertbrands.de\/blog\/wp-json\/wp\/v2\/posts"}],"about":[{"href":"https:\/\/gilbertbrands.de\/blog\/wp-json\/wp\/v2\/types\/post"}],"author":[{"embeddable":true,"href":"https:\/\/gilbertbrands.de\/blog\/wp-json\/wp\/v2\/users\/1"}],"replies":[{"embeddable":true,"href":"https:\/\/gilbertbrands.de\/blog\/wp-json\/wp\/v2\/comments?post=1951"}],"version-history":[{"count":1,"href":"https:\/\/gilbertbrands.de\/blog\/wp-json\/wp\/v2\/posts\/1951\/revisions"}],"predecessor-version":[{"id":1952,"href":"https:\/\/gilbertbrands.de\/blog\/wp-json\/wp\/v2\/posts\/1951\/revisions\/1952"}],"wp:attachment":[{"href":"https:\/\/gilbertbrands.de\/blog\/wp-json\/wp\/v2\/media?parent=1951"}],"wp:term":[{"taxonomy":"category","embeddable":true,"href":"https:\/\/gilbertbrands.de\/blog\/wp-json\/wp\/v2\/categories?post=1951"},{"taxonomy":"post_tag","embeddable":true,"href":"https:\/\/gilbertbrands.de\/blog\/wp-json\/wp\/v2\/tags?post=1951"}],"curies":[{"name":"wp","href":"https:\/\/api.w.org\/{rel}","templated":true}]}}