{"id":1843,"date":"2018-08-09T16:10:41","date_gmt":"2018-08-09T14:10:41","guid":{"rendered":"https:\/\/gilbertbrands.de\/blog\/?p=1843"},"modified":"2018-08-09T16:10:41","modified_gmt":"2018-08-09T14:10:41","slug":"israel-auf-dem-weg-in-den-selbstmord","status":"publish","type":"post","link":"https:\/\/gilbertbrands.de\/blog\/2018\/08\/09\/israel-auf-dem-weg-in-den-selbstmord\/","title":{"rendered":"Israel auf dem Weg in den Selbstmord?"},"content":{"rendered":"<p>Den Dauerbrenner unter den Problemen Israels kennt jeder: die besetzten Gebiete und die darin befindlichen Araber. L\u00f6sung im offiziell angepeilten Sinn: unerw\u00fcnscht und unm\u00f6glich. <!--more-->Israel braucht die Gebiete, um sich verteidigen zu k\u00f6nnen. Eine Aufgabe zugunsten irgendeines Araberstaates w\u00fcrde selbst die nicht zimperliche israelische Armee strategisch \u00fcberfordern. Also muss man das Land behalten. Und die Araber? Die Nachbarn haben selbst bei einer wohlwollenden Haltung gen\u00fcgend eigene Probleme und k\u00f6nnen sich die Leute nicht auch noch aufhalsen, und eine unter Pinguin-Kommando stehende Aufkl\u00e4rungseinheit musste feststellen, dass Madagaskar, auf das Hitler noch die Juden abschieben wollte, ebenfalls bereits besiedelt ist und sich der \u00f6rtliche Machthaber King Julien eine weitere Ansiedlung von Halbaffen aufs strengste verbittet.<\/p>\n<p>Einen Gro\u00dfsstaat Israel aus Juden und Arabern machen? Immerhin sind die nichtj\u00fcdischen Israelis h\u00e4ufig gar nicht so unzufrieden mit ihrem Staat, waren es doch vielfach gerade diese Israelis, die mit israelischen Symbolen oder der j\u00fcdischen Kippa durch Berlin Testl\u00e4ufe veranstalteten und sich von Arabern verpr\u00fcgeln lie\u00dfen. Zufriedene und sich nicht allzu sehr benachteiligte B\u00fcrger planen keinen Aufstand (was sich Merkel &amp; Co. mal merken sollten). Mit viel Geld, gutem Willen und 200 Jahre Zeit &#8230; also vergessen wir das erst einmal.<\/p>\n<p>Die derzeitigen Zeichen stehen daher in eine andere Richtung, wobei die Ultraorthodoxen gewisserma\u00dfen als Brandbeschleuniger wirken. Die Ultraorthodoxen sind inzwischen zu einem ernsten internen Problem herangewachsen: au\u00dfer dem Tora-Studium wollen sie nichts von Bildung wissen, weshalb \u00e4hnlich wie bei uns, wo sich in den Schulen eine Moslem-Mentalit\u00e4t immer breiter macht, die jungen Leute allm\u00e4hlich verbl\u00f6den, wie viele Israelis bemerken. Orthodoxe leisten auch keinen Wehrdienst in der Armee, hetzen aber munter drauf los. Andere sollen f\u00fcr sie die Kastanien aus dem Feuer holen. Sie schicken eine Sittenpolizei auf die Stra\u00dfe, die schon mal westlich gekleidete junge Leute kurzerhand verpr\u00fcgelt (das k\u00f6nnen sie!). Und &#8230; sie vermehren sich aus religi\u00f6sen Gr\u00fcnden wie die Fliegen. Durch ihren Einfluss haben sie nun daf\u00fcr gesorgt, dass Israel streng in Richtung eines Apartheitsstaates marschiert: nur Juden haben wesentliche Rechte, nur Hebr\u00e4isch die offiziel zu nutzende Sprache. Die nichtj\u00fcdischen Israelis werden ausgegrenzt, und bei einem Wegfall der pal\u00e4stinensischen Selbstverwaltung w\u00fcrde das ganze Land unter ein Apartheitsregime fallen, das mindestens so rigoros w\u00e4re wie in S\u00fcdafrika zu seinen dunkelsten Zeiten. Apartheitsregime haben sich in der Geschichte nie halten k\u00f6nnen, auch nicht mit Gewalt. Das abzusehende Ende w\u00e4re dann das Ende des Staates.<\/p>\n<p>Es kann aber noch schlimmer und schneller kommen. Apartheit kommt nirgendwo gut an, auch nicht bei den Unterst\u00fctzern Israels. Auf die ist es n\u00e4mlich angewiesen, und wenn deren Unterst\u00fctzung, politisch und finanziell, wegf\u00e4llt, sieht es d\u00fcster aus f\u00fcr Israel. Laut Bundesregierung ist die Existenz Israels Staatsr\u00e4son, was aber schon ein sehr pomp\u00f6ses und unangebrachtes Statement ist: es kann nicht Sinn und Zweck und Aufgabe eines Staates sein, einen anderen Staat um jeden Preis zu garantieren. Jeder Staat ist erst einmal f\u00fcr sich selbst zust\u00e4ndig. Und rigides Apartheitsregime &#8211; da kann der W\u00e4hler auch auf die Idee kommen, andere Mehrheiten zu w\u00e4hlen, die das mit der Staatsr\u00e4son nicht so sehen. Wie w\u00e4re es aber &#8211; aus israelischer Sicht &#8211; wenn man Diskussionen \u00fcber eine Apartheit so unterbindet, dass dumme Ideen bei den W\u00e4hlern gar nicht mehr aufkommen?<\/p>\n<p>Darin hat man sogar eine gewisse Erfahrung. Beispielsweise darf \u00fcber den Holocaust in den f\u00fcr Israel wichtigen L\u00e4ndern gar nicht diskutiert werden, weil eine Diskussion unter Strafrecht gestellt ist. Daf\u00fcr sorgt die International Holocaust Remembrance Alliance (IHRA). Und die hat ihr Spektrum erweitert: es geht nicht mehr nur um den Holocaust, es geht <a href=\"https:\/\/www.holocaustremembrance.com\/node\/196\">inzwischen schlicht um Antisemitismus in jedweder Form<\/a>. Kritik an Israel? Antisemitismus! Kritik an Handlungen, an denen Juden beteiligt sind? Antisemitismus! Und das Ziel ist, Antisemitismus in m\u00f6glichst vielen L\u00e4ndern unter Strafrecht zu stellen. Im Prinzip also ein m\u00f6glichst weltweites Apartheitsregime, dem sich alle zu beugen haben. Die Sache mit der Staatsr\u00e4son h\u00e4tte sich damit erledigt, da sich jede Partei, die so etwas in die politisches Diskussion bringt, automatisch straff\u00e4llig macht. Erste Auswirkungen haben diese Entwicklungen bereits in Gro\u00dfbritannien, wo die Labour-Party in Bedr\u00e4ngnis wegen angeblichem Antisemitismus geraten ist.<\/p>\n<p>Nun gibt es wohl kaum eine bessere M\u00f6glichkeit, Widerstand zu erzeugen, als Gedanken zu verbieten. So ein Denkverbot herrscht in vielen Staaten bez\u00fcglich des Holocaust: die gesetzlich vorgeschriebene Anzahl von Juden wurde auf die gesetzlich vorgeschrieben Art von Hitler ermordet, und wer eine kritische Frage stellt, muss mit Gef\u00e4ngnis rechnen. In Gro\u00dfbritannien ist das nicht der Fall. Dort d\u00fcrfen durchaus &#8222;alternative Fakten&#8220; pr\u00e4sentiert werden, ohne dass das irgendwelche strafrechtlichen Folgen h\u00e4tte. Am Ende l\u00e4uft derjenige allerdings Gefahr, dass ihn die \u00d6ffentlichkeit nach Abw\u00e4gung des F\u00fcr und Wider zum Arschloch des Monats erkl\u00e4rt, wie es der Historiker David Irving in seinem Prozess gegen Deborah Lipstadt im Jahr 2000 hinnehmen musste. Auch in Teilen der Labour Party werden anscheinend kritische Fragen gestellt, weshalb jetzt Breitseiten der IHRA gegen die Partei laufen. Aber: ist es nicht besser, Fragen in einer Diskussion statt mit einem Verweis auf das Strafgesetzbuch zu kl\u00e4ren? Und bei derart komplexen Themen d\u00fcrfte es immer wieder zu Fragen kommen, die statt einer Antwort nur eine Kategorisierung als Leugnung erhalten. Und nur auch noch das Thema Antisemitismus mit in diese Verbotszone aufnehmen?<\/p>\n<p>Das kann schnell ins Auge gehen. W\u00e4hrend Europa von Moslems \u00fcberrannt wird, deren Einstellung zu Juden keiner Diskussion bedarf (aus vielen Teilen Europas mehren sich die Berichte, dass Juden eingedenk der Erfahrungen vor 80 Jahren emigrieren), l\u00e4uft die Antisemitismus-Maschine an, aber vorzugsweise gegen die Altbev\u00f6lkerung und nicht gegen die Moslems. Ausgerechnet der Berv\u00f6lkerungsteil, dessen Unterst\u00fctzung Israel letztlich bedarf, wird angegriffen. St\u00e4ndig schon bei leiser Kritik beschimpft und gema\u00dfregelt zu werden hat allerdings jetzt schon die Folge, dass zunehmend mehr B\u00fcrger antij\u00fcdische Ausschreitungen von Moslems als PAL abtun (<strong>P<\/strong>roblem <strong>A<\/strong>nderer <strong>L<\/strong>eute). &#8222;Die Juden treten mir dauernd vors Schienbein, warum sollte ich mich vor sie stellen?&#8220; &#8211; so die zwar sachlich falsche, aber durchaus verst\u00e4ndliche Denke (falsch, weil eben nicht die j\u00fcdischen Mitb\u00fcrger die Ursache sind, sondern Organisationen wie die IHRA). Wenn dann noch die gef\u00fchlte Umvolkung so weiter l\u00e4uft -Abschiebungs-Aktionismus \u00e0 la CSU, w\u00e4hrend die Importe von Schwarzafrikanern weiter ansteigen &#8211; haben die B\u00fcrger irgendwann ganz andere Probleme als die Existenz Israels.<\/p>\n<p>Apartheitsregime in Israel, die so genannte Umvolkung kritiklos laufen lassen, die eigentlichen Verb\u00fcndeten mental in den Hintern treten &#8211; letztlich landet man dann bei der in der \u00dcberschrift gestellten Frage.<\/p>\n","protected":false},"excerpt":{"rendered":"<p>Den Dauerbrenner unter den Problemen Israels kennt jeder: die besetzten Gebiete und die darin befindlichen Araber. L\u00f6sung im offiziell angepeilten Sinn: unerw\u00fcnscht und unm\u00f6glich. Download Artikel als PDF<\/p>\n","protected":false},"author":1,"featured_media":0,"comment_status":"open","ping_status":"open","sticky":false,"template":"","format":"standard","meta":{"footnotes":""},"categories":[12,8,6],"tags":[],"class_list":["post-1843","post","type-post","status-publish","format-standard","hentry","category-gesellschaft","category-massenpsychologie","category-politik"],"post_mailing_queue_ids":[],"_links":{"self":[{"href":"https:\/\/gilbertbrands.de\/blog\/wp-json\/wp\/v2\/posts\/1843","targetHints":{"allow":["GET"]}}],"collection":[{"href":"https:\/\/gilbertbrands.de\/blog\/wp-json\/wp\/v2\/posts"}],"about":[{"href":"https:\/\/gilbertbrands.de\/blog\/wp-json\/wp\/v2\/types\/post"}],"author":[{"embeddable":true,"href":"https:\/\/gilbertbrands.de\/blog\/wp-json\/wp\/v2\/users\/1"}],"replies":[{"embeddable":true,"href":"https:\/\/gilbertbrands.de\/blog\/wp-json\/wp\/v2\/comments?post=1843"}],"version-history":[{"count":1,"href":"https:\/\/gilbertbrands.de\/blog\/wp-json\/wp\/v2\/posts\/1843\/revisions"}],"predecessor-version":[{"id":1844,"href":"https:\/\/gilbertbrands.de\/blog\/wp-json\/wp\/v2\/posts\/1843\/revisions\/1844"}],"wp:attachment":[{"href":"https:\/\/gilbertbrands.de\/blog\/wp-json\/wp\/v2\/media?parent=1843"}],"wp:term":[{"taxonomy":"category","embeddable":true,"href":"https:\/\/gilbertbrands.de\/blog\/wp-json\/wp\/v2\/categories?post=1843"},{"taxonomy":"post_tag","embeddable":true,"href":"https:\/\/gilbertbrands.de\/blog\/wp-json\/wp\/v2\/tags?post=1843"}],"curies":[{"name":"wp","href":"https:\/\/api.w.org\/{rel}","templated":true}]}}