{"id":1583,"date":"2018-04-16T14:51:37","date_gmt":"2018-04-16T12:51:37","guid":{"rendered":"http:\/\/gilbertbrands.de\/blog\/?p=1583"},"modified":"2018-04-16T14:51:37","modified_gmt":"2018-04-16T12:51:37","slug":"facebook-ende","status":"publish","type":"post","link":"https:\/\/gilbertbrands.de\/blog\/2018\/04\/16\/facebook-ende\/","title":{"rendered":"Facebook Ende"},"content":{"rendered":"<p>Heute erschien folgender Beitrag in der WELT:<\/p>\n<h5><a href=\"https:\/\/www.welt.de\/politik\/deutschland\/article175450161\/Dortmund-Linksautonome-greifen-bei-Nazidemo-Polizisten-an.html\">Dortmund: Linksautonome greifen bei Nazidemo Polizisten an<\/a><!--more--><\/h5>\n<p>Das hat mit zu folgendem Post veranlastt:<\/p>\n<blockquote><p>Das ist interessant! Laut WELT ganz offiziell eine NAZI-Demo! Mit anderen Worten, eine anscheinend ganz legale Aktion der bislang verbotenen NSDAP!<\/p>\n<p>Liebe WELT, eine Bitte. Wenn ihr jetzt noch den Link zur Internetseite der NSDAP ver\u00f6ffentlichen w\u00fcrdet, k\u00f6nnte man sich dort das aktuelle Parteiprogramm anschauen und einen Mitgliedsantrag runterladen. Vielen Dank im Voraus<\/p><\/blockquote>\n<p>Ein anderer Nutzer hinterlie\u00df einen Kommentar, dass es sich nur um das \u00fcbliche Geschwafel in der Qualit\u00e4tspresse handelt, den ich mit<\/p>\n<blockquote><p>Wie jetzt? Doch nicht NSDAP? Jetzt bin ich aber entt\u00e4uscht!<\/p><\/blockquote>\n<p>Knapp eine Stunde sp\u00e4ter was der Kommentar entfernt, weil er gegen irgendwelche Standard verstie\u00df, und ich f\u00fcr 30 Tage gesperrt.<\/p>\n<p><strong>Eine knappe weitere Stunde sp\u00e4ter war mein Facebook-Konto gel\u00f6scht und Facebook bei mir auf Lebenszeit gesperrt.<\/strong><\/p>\n<p>Derzeit bin ich noch auf <a href=\"https:\/\/vk.com\/id411883291\"><strong>vk.com<\/strong><\/a> zu finden, nachdem sich schon vor l\u00e4ngerer Zeit google+ als unbrauchbar herausgestellt hat und ich twitter und anderem Quatsch auch nach Jahren beim besten Willen nichts Positives abgewinnen kann. Ansonsten gibt es anscheinend noch <strong><a href=\"https:\/\/nebenan.de\/\">nebenan.de<\/a><\/strong>, <strong><a href=\"https:\/\/nextdoor.de\/\">nextdoor.de<\/a><\/strong> + ein paar weitere Netzwerke, die jedoch nur lokal vernetzen. Da ich selten zum Arzt gehe, d\u00fcrfte das auch eine Sackgasse sein. Wer noch eine Idee hat, darf die gerne hier posten.<\/p>\n","protected":false},"excerpt":{"rendered":"<p>Heute erschien folgender Beitrag in der WELT: Dortmund: Linksautonome greifen bei Nazidemo Polizisten an Download Artikel als PDF<\/p>\n","protected":false},"author":1,"featured_media":0,"comment_status":"open","ping_status":"open","sticky":false,"template":"","format":"standard","meta":{"footnotes":""},"categories":[3],"tags":[],"class_list":["post-1583","post","type-post","status-publish","format-standard","hentry","category-mediennutzung"],"post_mailing_queue_ids":[],"_links":{"self":[{"href":"https:\/\/gilbertbrands.de\/blog\/wp-json\/wp\/v2\/posts\/1583","targetHints":{"allow":["GET"]}}],"collection":[{"href":"https:\/\/gilbertbrands.de\/blog\/wp-json\/wp\/v2\/posts"}],"about":[{"href":"https:\/\/gilbertbrands.de\/blog\/wp-json\/wp\/v2\/types\/post"}],"author":[{"embeddable":true,"href":"https:\/\/gilbertbrands.de\/blog\/wp-json\/wp\/v2\/users\/1"}],"replies":[{"embeddable":true,"href":"https:\/\/gilbertbrands.de\/blog\/wp-json\/wp\/v2\/comments?post=1583"}],"version-history":[{"count":1,"href":"https:\/\/gilbertbrands.de\/blog\/wp-json\/wp\/v2\/posts\/1583\/revisions"}],"predecessor-version":[{"id":1584,"href":"https:\/\/gilbertbrands.de\/blog\/wp-json\/wp\/v2\/posts\/1583\/revisions\/1584"}],"wp:attachment":[{"href":"https:\/\/gilbertbrands.de\/blog\/wp-json\/wp\/v2\/media?parent=1583"}],"wp:term":[{"taxonomy":"category","embeddable":true,"href":"https:\/\/gilbertbrands.de\/blog\/wp-json\/wp\/v2\/categories?post=1583"},{"taxonomy":"post_tag","embeddable":true,"href":"https:\/\/gilbertbrands.de\/blog\/wp-json\/wp\/v2\/tags?post=1583"}],"curies":[{"name":"wp","href":"https:\/\/api.w.org\/{rel}","templated":true}]}}