{"id":1486,"date":"2018-03-14T18:17:04","date_gmt":"2018-03-14T17:17:04","guid":{"rendered":"http:\/\/gilbertbrands.de\/blog\/?p=1486"},"modified":"2018-03-16T10:17:39","modified_gmt":"2018-03-16T09:17:39","slug":"wo-bleibt-der-aufschrei","status":"publish","type":"post","link":"https:\/\/gilbertbrands.de\/blog\/2018\/03\/14\/wo-bleibt-der-aufschrei\/","title":{"rendered":"Wo bleibt der Aufschrei ?"},"content":{"rendered":"<p>Ca. 1.000 tote und verletzte Zivilisten hat der \u00dcberfall von Adolf Erdogan auf die Kurdenrgion des Nachbarstaates Syrien bislang gefordert (NZZ). Anscheinend ist die Region Afrin nun umzingelt, und die t\u00fcrkische Wehrmacht schie\u00dft mit Waffen aus Deutschland in die Stadt und bombt munter hochpr\u00e4zise ganze Stadtviertel nieder.<!--more--><\/p>\n<p>Wo bleiben unsere neue Regierung, die ach so um Menschenrechte besorgten Gr\u00fcnen und Linken Spacken und die Qualit\u00e4tsl\u00fcgenpresse, die ja so gerne \u00fcber Assad herf\u00e4llt, mit irgendwelchen Protesten? Immerhin bek\u00e4mpft letzterer Terroristen im eigenen Land, w\u00e4hrend Adolf Erdogan einen nicht erkl\u00e4rten \u00dcberfallkrieg \u00e0 la Polen\u00fcberfall f\u00fchrt. Aber vermutlich wird eher der n\u00e4chste Friedensnobelpreis an den V\u00f6lkerm\u00f6rder und Kriegsverbrecher am Bosporus vergeben.<\/p>\n","protected":false},"excerpt":{"rendered":"<p>Ca. 1.000 tote und verletzte Zivilisten hat der \u00dcberfall von Adolf Erdogan auf die Kurdenrgion des Nachbarstaates Syrien bislang gefordert (NZZ). Anscheinend ist die Region Afrin nun umzingelt, und die t\u00fcrkische Wehrmacht schie\u00dft mit Waffen aus Deutschland in die Stadt und bombt munter hochpr\u00e4zise ganze Stadtviertel nieder. Download Artikel als PDF<\/p>\n","protected":false},"author":1,"featured_media":0,"comment_status":"open","ping_status":"open","sticky":false,"template":"","format":"standard","meta":{"footnotes":""},"categories":[20,23,6],"tags":[],"class_list":["post-1486","post","type-post","status-publish","format-standard","hentry","category-journalismus","category-krieg","category-politik"],"post_mailing_queue_ids":[],"_links":{"self":[{"href":"https:\/\/gilbertbrands.de\/blog\/wp-json\/wp\/v2\/posts\/1486","targetHints":{"allow":["GET"]}}],"collection":[{"href":"https:\/\/gilbertbrands.de\/blog\/wp-json\/wp\/v2\/posts"}],"about":[{"href":"https:\/\/gilbertbrands.de\/blog\/wp-json\/wp\/v2\/types\/post"}],"author":[{"embeddable":true,"href":"https:\/\/gilbertbrands.de\/blog\/wp-json\/wp\/v2\/users\/1"}],"replies":[{"embeddable":true,"href":"https:\/\/gilbertbrands.de\/blog\/wp-json\/wp\/v2\/comments?post=1486"}],"version-history":[{"count":2,"href":"https:\/\/gilbertbrands.de\/blog\/wp-json\/wp\/v2\/posts\/1486\/revisions"}],"predecessor-version":[{"id":1488,"href":"https:\/\/gilbertbrands.de\/blog\/wp-json\/wp\/v2\/posts\/1486\/revisions\/1488"}],"wp:attachment":[{"href":"https:\/\/gilbertbrands.de\/blog\/wp-json\/wp\/v2\/media?parent=1486"}],"wp:term":[{"taxonomy":"category","embeddable":true,"href":"https:\/\/gilbertbrands.de\/blog\/wp-json\/wp\/v2\/categories?post=1486"},{"taxonomy":"post_tag","embeddable":true,"href":"https:\/\/gilbertbrands.de\/blog\/wp-json\/wp\/v2\/tags?post=1486"}],"curies":[{"name":"wp","href":"https:\/\/api.w.org\/{rel}","templated":true}]}}