{"id":1414,"date":"2018-03-02T08:55:34","date_gmt":"2018-03-02T07:55:34","guid":{"rendered":"http:\/\/gilbertbrands.de\/blog\/?p=1414"},"modified":"2018-03-02T17:06:00","modified_gmt":"2018-03-02T16:06:00","slug":"der-daenische-weg","status":"publish","type":"post","link":"https:\/\/gilbertbrands.de\/blog\/2018\/03\/02\/der-daenische-weg\/","title":{"rendered":"Der d\u00e4nische Weg"},"content":{"rendered":"<p>Zwischen dem Weicheistaat Schweden und der zuk\u00fcnftigen IRD (Islamische Republik Deutschland) liegt bekanntlich D\u00e4nemark, zumindest wenn man den k\u00fcrzesten Weg nimmt. Den D\u00e4nen reicht es anscheinend jetzt mit den Migranten.<!--more--><\/p>\n<p>Der Anteil der Ausl\u00e4nder in D\u00e4nemark liegt bei ca. 9% (NZZ), also etwas geringer als bei uns. Die Probleme sind \u00e4hnlich: die Ausl\u00e4nder konzentrieren sich in bestimmten Gebieten und verweigern jegliche Integration. Die d\u00e4nische Regierung hat nun das folgende Programm initiiert:<\/p>\n<ul>\n<li>Aufnahmestop: es sollen keine weiteren Migranten aufgenommen werden, die keine Bleibeperspektive haben (und das sind auch hier die meisten, die aber trotzdem alle hier bleiben werden). Die Entscheidung soll m\u00f6glichst getroffen werden, <strong>bevor<\/strong> die Leute das Land betreten.<\/li>\n<li>Die Problemgebiete werden nach gut definierten Kriterien offiziell als <strong>Ghetto<\/strong> bezeichnet.<\/li>\n<li>Innerhalb dieser Ghettos soll die Polizeipr\u00e4senz massiv erh\u00f6ht werden.<\/li>\n<li>Straftaten sollten nicht nur mit Null-Toleranz verfolgt werden, die Strafen sollen bei Taten innerhalb der Ghetto-Gebiete <strong>verdoppelt <\/strong>werden.<\/li>\n<li>Das Erlernen der d\u00e4nischen Sprache ist\u00a0<strong>Pflicht.<\/strong><\/li>\n<li>Schulische\/vorschulische Ma\u00dfnahmen und anderes, was eine Eingliederung in die Gesellschaft f\u00f6rdert, sollen gegebenenfalls durch <strong>Zwangsma\u00dfnahmen<\/strong> durchgesetzt werden.<\/li>\n<\/ul>\n<p>Die d\u00e4nische Regierung will damit die Pflichten, die mit der Wahrnehmung von Rechten verbunden sein sollten, wesentlich mehr betonen.<\/p>\n<p>Kann das Erfolg haben? Das Geschrei aus gewissen links-gr\u00fcnen Ecken ist das \u00fcbliche, allerdings gibt es tats\u00e4chlich Beispiele, dass das funktioniert: die Stadt New York ist von einem Kriminalit\u00e4tsschwerpunkt genau dadurch zu einer sicheren Stadt geworden.<\/p>\n<p>Wir wissen genau, was hierzulande passiert, wenn jemand solche Vorstellungen \u00e4u\u00dfert, denn im Prinzip ist das das, was auch die AfD fordert. Und so werden auch die deutschen Qualit\u00e4tsmedien nicht m\u00fcde, von Rechtspopulismus in D\u00e4nemark zu sprechen (falls sie \u00fcberhaupt berichten, was so weit wie m\u00f6glich verz\u00f6gert wird). Aber! Federf\u00fchrend in D\u00e4nemark sind die <strong>Sozialdemokraten<\/strong>, die sich in einem breiten B\u00fcndnis bis auf ganz Links mit den Pl\u00e4nen bewegen. In deutschen Medien wird die d\u00e4nische SP nat\u00fcrlich nirgendwo erw\u00e4hnt. Da muss man schon in schweizerische oder \u00f6sterreichische Medien schauen.<\/p>\n<p>(Quelle: <a href=\"https:\/\/www.nzz.ch\/international\/wie-daenemark-ein-land-ohne-parallelgesellschaft-werden-will-ld.1361635\">verschiedene Artikel der NZZ<\/a>)<\/p>\n","protected":false},"excerpt":{"rendered":"<p>Zwischen dem Weicheistaat Schweden und der zuk\u00fcnftigen IRD (Islamische Republik Deutschland) liegt bekanntlich D\u00e4nemark, zumindest wenn man den k\u00fcrzesten Weg nimmt. Den D\u00e4nen reicht es anscheinend jetzt mit den Migranten. Download Artikel als PDF<\/p>\n","protected":false},"author":1,"featured_media":0,"comment_status":"open","ping_status":"open","sticky":false,"template":"","format":"standard","meta":{"footnotes":""},"categories":[4,6,13],"tags":[],"class_list":["post-1414","post","type-post","status-publish","format-standard","hentry","category-migration","category-politik","category-recht"],"post_mailing_queue_ids":[],"_links":{"self":[{"href":"https:\/\/gilbertbrands.de\/blog\/wp-json\/wp\/v2\/posts\/1414","targetHints":{"allow":["GET"]}}],"collection":[{"href":"https:\/\/gilbertbrands.de\/blog\/wp-json\/wp\/v2\/posts"}],"about":[{"href":"https:\/\/gilbertbrands.de\/blog\/wp-json\/wp\/v2\/types\/post"}],"author":[{"embeddable":true,"href":"https:\/\/gilbertbrands.de\/blog\/wp-json\/wp\/v2\/users\/1"}],"replies":[{"embeddable":true,"href":"https:\/\/gilbertbrands.de\/blog\/wp-json\/wp\/v2\/comments?post=1414"}],"version-history":[{"count":2,"href":"https:\/\/gilbertbrands.de\/blog\/wp-json\/wp\/v2\/posts\/1414\/revisions"}],"predecessor-version":[{"id":1418,"href":"https:\/\/gilbertbrands.de\/blog\/wp-json\/wp\/v2\/posts\/1414\/revisions\/1418"}],"wp:attachment":[{"href":"https:\/\/gilbertbrands.de\/blog\/wp-json\/wp\/v2\/media?parent=1414"}],"wp:term":[{"taxonomy":"category","embeddable":true,"href":"https:\/\/gilbertbrands.de\/blog\/wp-json\/wp\/v2\/categories?post=1414"},{"taxonomy":"post_tag","embeddable":true,"href":"https:\/\/gilbertbrands.de\/blog\/wp-json\/wp\/v2\/tags?post=1414"}],"curies":[{"name":"wp","href":"https:\/\/api.w.org\/{rel}","templated":true}]}}