{"id":1387,"date":"2018-02-22T12:06:41","date_gmt":"2018-02-22T11:06:41","guid":{"rendered":"http:\/\/gilbertbrands.de\/blog\/?p=1387"},"modified":"2018-02-22T12:06:41","modified_gmt":"2018-02-22T11:06:41","slug":"syrien-was-kaum-in-den-medien-steht","status":"publish","type":"post","link":"https:\/\/gilbertbrands.de\/blog\/2018\/02\/22\/syrien-was-kaum-in-den-medien-steht\/","title":{"rendered":"Syrien &#8211; was kaum in den Medien steht"},"content":{"rendered":"<p>Wenn angesprochen wird, dass syrische Fl\u00fcchtlinge in ihr Land zur\u00fcckkehren k\u00f6nnen (anstatt noch mehr hier hin zu holen), ist derjenige sofort massivem Nazi-Geschrei ausgesetzt, und jeder der RRG-Fraktion hat eine r\u00fchrende Geschichte <!--more-->eines nur noch im Lumpen geh\u00fcllten Kindes oder eine Frau parat, um die Notwendigkeit weiterer Fl\u00fcchtlingsaufnahme zu begr\u00fcnden.<\/p>\n<p>Ja, es ist furchtbar, was sich dort abspielt, aber die RRG-Propaganda ist genauso heuchlerisch wie auch durchschaubar, wenn man das Prinzip kennt: beschreibe nicht die Gesamtlage, beschreibe ein m\u00f6glichst r\u00fchrseliges Einzelschicksal, und zwar mit m\u00f6glichst vielen Details (wie hat die Person geschlafen, wann ist sie aufgestanden, was hat sie gefr\u00fchst\u00fcckt, wie ist sie gekleidet usw.; <a href=\"https:\/\/gilbertbrands.de\/blog\/2016\/02\/13\/nsa-bnd-co\/\">die kompletten Prinzipien finden sich hier<\/a>). Je n\u00e4her der Leser\/H\u00f6rer einer Person kommt, desto emotionaler wird er reagieren und die Realit\u00e4t ausblenden. Und wie sieht die aus?<\/p>\n<p><a href=\"http:\/\/gilbertbrands.de\/blog\/wp-content\/uploads\/2018\/02\/image-1248468-860_galleryfree-xvnl-1248468.jpg\"><img loading=\"lazy\" decoding=\"async\" class=\"alignnone wp-image-1388 size-full\" src=\"http:\/\/gilbertbrands.de\/blog\/wp-content\/uploads\/2018\/02\/image-1248468-860_galleryfree-xvnl-1248468.jpg\" alt=\"\" width=\"859\" height=\"559\" srcset=\"https:\/\/gilbertbrands.de\/blog\/wp-content\/uploads\/2018\/02\/image-1248468-860_galleryfree-xvnl-1248468.jpg 859w, https:\/\/gilbertbrands.de\/blog\/wp-content\/uploads\/2018\/02\/image-1248468-860_galleryfree-xvnl-1248468-300x195.jpg 300w, https:\/\/gilbertbrands.de\/blog\/wp-content\/uploads\/2018\/02\/image-1248468-860_galleryfree-xvnl-1248468-768x500.jpg 768w\" sizes=\"auto, (max-width: 859px) 100vw, 859px\" \/><\/a><\/p>\n<p>Wie man unschwer sieht, wird Syten weitgehend von Assad bzw. den Kurden kontrolliert, wobei die sich inzwischen angesichts der t\u00fcrkischen Aggression ziemlich einig sind. Kampfhandlungen beschr\u00e4nken sich auf wenige Gebiete; der Rest Syriens ist inzwischen nicht in einem schlechteren (aber auch nicht in einem besseren) Zustand als Deutschland im Sommer 1945. H\u00f6chste Zeit also, dass sich die Syrer wieder auf den Weg machen und ihr Land mit internationaler Hilfe wieder aufbauen. Nach RRG-Propaganda handelt es sich ja ausschlie\u00dflich um hoch qualifizierte Fachkr\u00e4fte, die das hinbekommen k\u00f6nnen.<\/p>\n<p>Wen es wundert, dass das Assad-Regime wieder weitgehend die Kontrolle hat: im Gegensatz zu den Darstellungen in den Nanny-Medien stehen die meisten Syrer nach wie vor eher hinter dem Regime als hinter einer der anderen Gruppierungen. Der Grund ist einfach: wie im Libanon ist der Anteil der Nicht-Muslime recht hoch, und die f\u00fcrchten mit Recht, massakriert zu werden, wenn die &#8222;gem\u00e4\u00dfigten&#8220; Islamisten das Sagen bekommen. Das ist auch der Grund, weshalb die Rebellen Verhandlungen sabotieren: sie w\u00fcrden mit ziemlicher Sicherheit nicht gew\u00e4hlt. Und das ist auch der Grund, weshalb nach Ansicht der westlichen Unwertegemeinschaft kein Frieden mit Assad m\u00f6glich ist: anders als mit westlicher Gewalt l\u00e4sst der sich nicht beseitigen, sondern wird eher wieder gew\u00e4hlt. Der Westen, der die Aufst\u00e4ndischen von der ersten Minute an mit Waffen unterst\u00fctzt und die Massaker erst erm\u00f6glicht hat, agiert somit weiterhin gegen die Mehrheit des syrischen Volkes.<\/p>\n<p>Assad ist in gewisser Hinsicht auch ein innerer Sicherheitsfaktor. Nicht nur der IS, auch die anderen Gruppen der Religion des himmlischen Friedens haben sich so aufgef\u00fchrt, dass die \u00dcberlebenden der Zivilgesellschaft nach dem Ende der K\u00e4mpfe erst mal N\u00e4chte der langen Messer veranstaltet und Rache an den Aufst\u00e4ndischen genommen haben. Erst eine komplette Kontrolle durch die Assad-Administration schafft ein wenig Ruhe; ansonsten s\u00e4he es aus wie in Libyen. Das findet man allerdings aus gutem Grund nicht in den deutschen Qualit\u00e4tsmedien, da muss man sich schon international umschauen.<\/p>\n<p>Auch bei den aktuellen K\u00e4mpfen in der Gegend von Damaskus wird sehr einseitig berichtet: die syrische Armee geht einseitig gegen die Aufst\u00e4ndischen vor. Bereits in der NZZ, also einem noch deutschen Nachrichtenmedium, findet man aber ganz andere Zusammenh\u00e4nge: aus den Gebieten der Aufst\u00e4ndischen werden Granaten in Richtung Damaskus geschossen, wobei diese Leute genau wissen, dass sie, wenn sie treffen, keine milit\u00e4rischen Einrichtungen besch\u00e4digt haben, sondern Zivilisten. Au\u00dferdem verweigern die Aufst\u00e4ndischen &#8211; und nicht etwa die Assad-Administration &#8211; einseitig bisland jegliche Verhandlungen. Dass sie die Zivilbev\u00f6lkrung als Geisel nimmt und somit Kollateralsch\u00e4den unabdingbar macht, nehmen sie willig in Kauf, und die deutsche Qualit\u00e4tspresse betet die Propaganda willig nach.<\/p>\n<p>An der anderen Ecke &#8211; dem t\u00fcrkischen Einmarsch &#8211; sind auch deutsche Soldaten beteiligt. Nach wie vor fliegen deutsche Aufkl\u00e4rungsflugzeuge \u00fcber die Kurdengebiete und liefern den T\u00fcrken Angriffsdaten; Ausfl\u00fcchte, die man von deutschen Politikern h\u00f6ren kann, liegen irgendwo zwischen l\u00e4cherlich und schwachsinnig. Erstaunlich, dass sich trotz der Unterst\u00fctzung die T\u00fcrken so schwer tun &#8211; und erstaunlich auch, dass der Terroristenschwachsinn des Oberterroristen Erdogan so unqualifiziert nachgebetet wird. Der macht inzwischen ungeniert neue F\u00e4sser auf: in <a href=\"https:\/\/www.wolfenbuetteler-zeitung.de\/wolfenbuettel\/article212950275\/Hunderte-Menschen-demonstrieren-in-Wolfenbuettel-fuer-den-Frieden.html\">Deutschland demonstrieren inzwischen in verschiedenen St\u00e4dten T\u00fcrken f\u00fcr den Einmarsch in Syrien<\/a>. Die deutschen Qualit\u00e4tsmedien sprechen bei diesen Demos f\u00fcr den Krieg nat\u00fcrlich lieber \u00fcber eine Demo f\u00fcr den Frieden und haben auch nichts gegen das Schwenken t\u00fcrkischer Fahnen, w\u00e4hrend sie bei deutsche Fahnen auf deutschen Demos \u00fcber Rechtspopulismus schwadronieren. Erdogan versucht inzwischen, sich wieder in selbst Deutschland einzuladen, um in mehreren Sportpalastreden die T\u00fcrken hier noch weiter aufzuhetzen.<\/p>\n<p><a href=\"http:\/\/gilbertbrands.de\/blog\/wp-content\/uploads\/2018\/02\/Bundesarchiv_Bild_183-J05235_Berlin_Gro\u00dfkundgebung_im_Sportpalast.jpg\"><img loading=\"lazy\" decoding=\"async\" class=\"size-medium wp-image-1389\" src=\"http:\/\/gilbertbrands.de\/blog\/wp-content\/uploads\/2018\/02\/Bundesarchiv_Bild_183-J05235_Berlin_Gro\u00dfkundgebung_im_Sportpalast-300x210.jpg\" alt=\"\" width=\"300\" height=\"210\" srcset=\"https:\/\/gilbertbrands.de\/blog\/wp-content\/uploads\/2018\/02\/Bundesarchiv_Bild_183-J05235_Berlin_Gro\u00dfkundgebung_im_Sportpalast-300x210.jpg 300w, https:\/\/gilbertbrands.de\/blog\/wp-content\/uploads\/2018\/02\/Bundesarchiv_Bild_183-J05235_Berlin_Gro\u00dfkundgebung_im_Sportpalast-768x538.jpg 768w, https:\/\/gilbertbrands.de\/blog\/wp-content\/uploads\/2018\/02\/Bundesarchiv_Bild_183-J05235_Berlin_Gro\u00dfkundgebung_im_Sportpalast.jpg 800w\" sizes=\"auto, (max-width: 300px) 100vw, 300px\" \/><\/a><\/p>\n<p>Von Bundesarchiv, Bild 183-J05235 \/ Schwahn \/ CC-BY-SA 3.0, CC BY-SA 3.0 de<\/p>\n<p>Wer meine unma\u00dfgebliche Meinung h\u00f6ren will: alle T\u00fcrken ohne deutschen Pass ausweisen, denen mit Doppelpass die deutsche Staatsb\u00fcrgerschaft entziehen und ebenfalls rauswerfen, und sich beim Rest die Aberkennung der Staatsb\u00fcrgerschaft vorbehalten. T\u00fcrken, die hier mit einer t\u00fcrkischen Fahne rumlaufen, haben hier nichts zu suchen, au\u00dfer sie wollen sie verbrennen. Aber das ist, wie gesagt, meine Meinung.<\/p>\n<p>Zum &#8211; auch weitgehend in den Medien bislang nur unwillig bemerkt &#8211; geht das Nato-<a href=\"http:\/\/www.zeit.de\/politik\/ausland\/2017-05\/griechenland-tuerkei-luftwaffe-territorialanspruch-konflikt\/seite-2\">Mitglied T\u00fcrkei inzwischen in guter t\u00fcrkischer T\u00fcrstehermanier &#8211; &#8222;eh, willst du Problem oder was?&#8220; und dann erst mal zuschlagen &#8211; gegen das Nato-Mitglied Griechenland mit<\/a> Gewalt vor und droht dort ebenfalls mit milit\u00e4rischen Einmarsch. Hat denn, verdammt noch mal, keiner mehr die Eier in der Hose, den t\u00fcrkischen Bl\u00f6dm\u00e4nnern mal zu zeigen, wo der Frosch die Locken hat? Es w\u00fcrde ja schon gen\u00fcgen, die Aufkl\u00e4rungseinheiten abzuziehen und keine Ersatzteile mehr zu liefern, und die t\u00fcrkische Armee s\u00e4he nach wenige Wochen armseliger aus als die zugrunde gerichtete Bummelwehr.<\/p>\n","protected":false},"excerpt":{"rendered":"<p>Wenn angesprochen wird, dass syrische Fl\u00fcchtlinge in ihr Land zur\u00fcckkehren k\u00f6nnen (anstatt noch mehr hier hin zu holen), ist derjenige sofort massivem Nazi-Geschrei ausgesetzt, und jeder der RRG-Fraktion hat eine r\u00fchrende Geschichte Download Artikel als PDF<\/p>\n","protected":false},"author":1,"featured_media":0,"comment_status":"open","ping_status":"open","sticky":false,"template":"","format":"standard","meta":{"footnotes":""},"categories":[20,23,6],"tags":[],"class_list":["post-1387","post","type-post","status-publish","format-standard","hentry","category-journalismus","category-krieg","category-politik"],"post_mailing_queue_ids":[],"_links":{"self":[{"href":"https:\/\/gilbertbrands.de\/blog\/wp-json\/wp\/v2\/posts\/1387","targetHints":{"allow":["GET"]}}],"collection":[{"href":"https:\/\/gilbertbrands.de\/blog\/wp-json\/wp\/v2\/posts"}],"about":[{"href":"https:\/\/gilbertbrands.de\/blog\/wp-json\/wp\/v2\/types\/post"}],"author":[{"embeddable":true,"href":"https:\/\/gilbertbrands.de\/blog\/wp-json\/wp\/v2\/users\/1"}],"replies":[{"embeddable":true,"href":"https:\/\/gilbertbrands.de\/blog\/wp-json\/wp\/v2\/comments?post=1387"}],"version-history":[{"count":1,"href":"https:\/\/gilbertbrands.de\/blog\/wp-json\/wp\/v2\/posts\/1387\/revisions"}],"predecessor-version":[{"id":1390,"href":"https:\/\/gilbertbrands.de\/blog\/wp-json\/wp\/v2\/posts\/1387\/revisions\/1390"}],"wp:attachment":[{"href":"https:\/\/gilbertbrands.de\/blog\/wp-json\/wp\/v2\/media?parent=1387"}],"wp:term":[{"taxonomy":"category","embeddable":true,"href":"https:\/\/gilbertbrands.de\/blog\/wp-json\/wp\/v2\/categories?post=1387"},{"taxonomy":"post_tag","embeddable":true,"href":"https:\/\/gilbertbrands.de\/blog\/wp-json\/wp\/v2\/tags?post=1387"}],"curies":[{"name":"wp","href":"https:\/\/api.w.org\/{rel}","templated":true}]}}