{"id":1367,"date":"2018-02-16T07:53:22","date_gmt":"2018-02-16T06:53:22","guid":{"rendered":"http:\/\/gilbertbrands.de\/blog\/?p=1367"},"modified":"2018-02-16T07:53:22","modified_gmt":"2018-02-16T06:53:22","slug":"warum-die-afd-ein-muss-fuer-deutschland-ist","status":"publish","type":"post","link":"https:\/\/gilbertbrands.de\/blog\/2018\/02\/16\/warum-die-afd-ein-muss-fuer-deutschland-ist\/","title":{"rendered":"Warum die AfD ein MUSS f\u00fcr Deutschland ist"},"content":{"rendered":"<p>&#8222;Deutschland geht es gut&#8220; &#8211; zumindest was die Steuereinnahmen angeht. Man spricht von ca. 45 Mrd \u20ac, die zus\u00e4tzlich in den n\u00e4chsten Jahren ausgegeben werden k\u00f6nnen, ohne dass die Verschuldung noch schlimmer wird. Ginge es nach Maddin &amp; Cons., <!--more-->w\u00fcrde das Geld quantitativ in andere EU-Staaten abflie\u00dfen (die Italiener meinen sogar, ein Anrecht auf deutsches Geld zu haben, wenn man dem aktuellen Wahlkampf dort folgt) oder in eine Aufr\u00fcstung gesteckt werden. W\u00e4re da nicht das leidige Thema AfD.<\/p>\n<p>Politik und Presse sind sich einig, dass etwas getan werden muss, um der AfD den Wind aus den Segeln zu nehmen, und so kommt es zu wohlfeilen Programmpunkten wie &#8222;schnelles Internet&#8220; (nicht machbar, weil keiner die Auftr\u00e4ge annehmen kann), &#8222;mehr Pflegekr\u00e4fte&#8220; (nicht machbar, weil keiner Pfleger werden will), &#8222;Grundschule bis 16 Uhr&#8220; (nicht machbar, weil keiner Lehrer werden will), &#8222;1,5 Mio Wohnungen&#8220; (nicht machbar, weil Grundst\u00fccke und Handwerker fehlen) usw. Immer unter dem Gesichtspunkt: Wir m\u00fcssen etwas gegen die AfD tun (und nicht etwa f\u00fcr das deutsche Volk)!<\/p>\n<p>Mal ernsthaft: Gibt es ein besseres Argument F\u00dcR die AfD als solche Programme? Nur weil es die AfD gibt, fangen die Altparteien an, sich Gedanken \u00fcber Missst\u00e4nde zu machen. Ohne AfD w\u00fcrde weiterhin gar nichts passieren. Und schon alleine deshalb ist sie notwendig.<\/p>\n<p>Nur schade, dass es letztlich undurchf\u00fchrbare Programmpunkte handelt, weil die meisten Ziele eben nicht nur mit Geld zu erreichen sind, sondern grundlegendes Umdenken erforden. Das wird ausbleiben, und so werden die Milliarden mit hoher Wahrscheinlichkeit nicht f\u00fcr das Volk, das sie erarbeitet hat, ausgegeben, sondern f\u00fcr arbeitsuntaugliche Asylanten und andere EU-L\u00e4nder.<\/p>\n<p>&nbsp;<\/p>\n","protected":false},"excerpt":{"rendered":"<p>&#8222;Deutschland geht es gut&#8220; &#8211; zumindest was die Steuereinnahmen angeht. Man spricht von ca. 45 Mrd \u20ac, die zus\u00e4tzlich in den n\u00e4chsten Jahren ausgegeben werden k\u00f6nnen, ohne dass die Verschuldung noch schlimmer wird. Ginge es nach Maddin &amp; Cons., Download Artikel als PDF<\/p>\n","protected":false},"author":1,"featured_media":0,"comment_status":"open","ping_status":"open","sticky":false,"template":"","format":"standard","meta":{"footnotes":""},"categories":[12,20,6],"tags":[],"class_list":["post-1367","post","type-post","status-publish","format-standard","hentry","category-gesellschaft","category-journalismus","category-politik"],"post_mailing_queue_ids":[],"_links":{"self":[{"href":"https:\/\/gilbertbrands.de\/blog\/wp-json\/wp\/v2\/posts\/1367","targetHints":{"allow":["GET"]}}],"collection":[{"href":"https:\/\/gilbertbrands.de\/blog\/wp-json\/wp\/v2\/posts"}],"about":[{"href":"https:\/\/gilbertbrands.de\/blog\/wp-json\/wp\/v2\/types\/post"}],"author":[{"embeddable":true,"href":"https:\/\/gilbertbrands.de\/blog\/wp-json\/wp\/v2\/users\/1"}],"replies":[{"embeddable":true,"href":"https:\/\/gilbertbrands.de\/blog\/wp-json\/wp\/v2\/comments?post=1367"}],"version-history":[{"count":1,"href":"https:\/\/gilbertbrands.de\/blog\/wp-json\/wp\/v2\/posts\/1367\/revisions"}],"predecessor-version":[{"id":1368,"href":"https:\/\/gilbertbrands.de\/blog\/wp-json\/wp\/v2\/posts\/1367\/revisions\/1368"}],"wp:attachment":[{"href":"https:\/\/gilbertbrands.de\/blog\/wp-json\/wp\/v2\/media?parent=1367"}],"wp:term":[{"taxonomy":"category","embeddable":true,"href":"https:\/\/gilbertbrands.de\/blog\/wp-json\/wp\/v2\/categories?post=1367"},{"taxonomy":"post_tag","embeddable":true,"href":"https:\/\/gilbertbrands.de\/blog\/wp-json\/wp\/v2\/tags?post=1367"}],"curies":[{"name":"wp","href":"https:\/\/api.w.org\/{rel}","templated":true}]}}