{"id":1345,"date":"2018-02-05T18:35:37","date_gmt":"2018-02-05T17:35:37","guid":{"rendered":"http:\/\/gilbertbrands.de\/blog\/?p=1345"},"modified":"2018-02-05T18:35:37","modified_gmt":"2018-02-05T17:35:37","slug":"wer-ueber-die-naechsten-36-jahre-bestimmt","status":"publish","type":"post","link":"https:\/\/gilbertbrands.de\/blog\/2018\/02\/05\/wer-ueber-die-naechsten-36-jahre-bestimmt\/","title":{"rendered":"Wer \u00fcber die n\u00e4chsten 3,6 Jahre bestimmt"},"content":{"rendered":"<p>Schulz will inzwischen niemand mehr, genauso wie sein Br\u00fcll\u00e4ffchen Nahles. Merkel wollen die meisten inzwischen auch lieber auf dem Schrottplatz der Weltgeschichte sehen als im Kanzleramt. Aber davor steht noch die SPD-Parteiabstimmung \u00fcber die zusammengelogene Groko. Wer stimmt da ab?<!--more--><\/p>\n<p>Das passive Wahlrecht haben bekanntlich deutsche Staatsb\u00fcrger \u00fcber 18 Jahre (noch? wie lange wohl noch). Bei der SPD-internen Abstimmung kommen allerdings noch zwei weitere Gruppen dazu:<\/p>\n<ol>\n<li>Die jungen Pioniere der SPD, also alles was im Jungvolk mitmacht, und das sind Leute ab 14 Jahre. 14-j\u00e4hrige d\u00fcrfen also abstimmen, was in den n\u00e4chsten Jahren in D abgeht.<\/li>\n<li>Nichtdeutsche Ausl\u00e4nder, also solche ohne deutsche Pass. Und da gibt es nicht wenige. Ob die <a href=\"https:\/\/www.compact-online.de\/ministerin-fuer-zersetzung-und-ueberfremdung-die-10-uebelsten-zitate-der-aydan-oezoguz\/\">Ministerin f\u00fcr Zersetzung und \u00dcberfremdung Aydan \u00d6zuguz<\/a> Deutsche ist, wei\u00df ich nicht, aber es w\u00e4re auf jeden Fall eine Schande f\u00fcr das Land. Auch in Niedersachsen gibt es eine solche Quotent\u00fcrkin, die von allen Landesbediensteten einen Abstammungsnachweis haben wollte (ich konnte mich gerade noch zur\u00fcckhalten, ihr mit einem sch\u00f6nen Gru\u00df an SS-Gruppenf\u00fchrer Walter Darr\u00e9 die Genehmigung zu erteilen, diese Ausk\u00fcnfte beim RuSHA einzuholen).<\/li>\n<\/ol>\n<p>Leute, die in Deutschland kein Wahlrecht haben, stimmen nun ab. Und schon h\u00f6rt man Stimmen aus dem SPD-Lager, Ausl\u00e4ndern generell ein Wahlrecht zu gew\u00e4hren.<\/p>\n","protected":false},"excerpt":{"rendered":"<p>Schulz will inzwischen niemand mehr, genauso wie sein Br\u00fcll\u00e4ffchen Nahles. Merkel wollen die meisten inzwischen auch lieber auf dem Schrottplatz der Weltgeschichte sehen als im Kanzleramt. Aber davor steht noch die SPD-Parteiabstimmung \u00fcber die zusammengelogene Groko. Wer stimmt da ab? Download Artikel als PDF<\/p>\n","protected":false},"author":1,"featured_media":0,"comment_status":"open","ping_status":"open","sticky":false,"template":"","format":"standard","meta":{"footnotes":""},"categories":[6],"tags":[],"class_list":["post-1345","post","type-post","status-publish","format-standard","hentry","category-politik"],"post_mailing_queue_ids":[],"_links":{"self":[{"href":"https:\/\/gilbertbrands.de\/blog\/wp-json\/wp\/v2\/posts\/1345","targetHints":{"allow":["GET"]}}],"collection":[{"href":"https:\/\/gilbertbrands.de\/blog\/wp-json\/wp\/v2\/posts"}],"about":[{"href":"https:\/\/gilbertbrands.de\/blog\/wp-json\/wp\/v2\/types\/post"}],"author":[{"embeddable":true,"href":"https:\/\/gilbertbrands.de\/blog\/wp-json\/wp\/v2\/users\/1"}],"replies":[{"embeddable":true,"href":"https:\/\/gilbertbrands.de\/blog\/wp-json\/wp\/v2\/comments?post=1345"}],"version-history":[{"count":1,"href":"https:\/\/gilbertbrands.de\/blog\/wp-json\/wp\/v2\/posts\/1345\/revisions"}],"predecessor-version":[{"id":1346,"href":"https:\/\/gilbertbrands.de\/blog\/wp-json\/wp\/v2\/posts\/1345\/revisions\/1346"}],"wp:attachment":[{"href":"https:\/\/gilbertbrands.de\/blog\/wp-json\/wp\/v2\/media?parent=1345"}],"wp:term":[{"taxonomy":"category","embeddable":true,"href":"https:\/\/gilbertbrands.de\/blog\/wp-json\/wp\/v2\/categories?post=1345"},{"taxonomy":"post_tag","embeddable":true,"href":"https:\/\/gilbertbrands.de\/blog\/wp-json\/wp\/v2\/tags?post=1345"}],"curies":[{"name":"wp","href":"https:\/\/api.w.org\/{rel}","templated":true}]}}