{"id":1301,"date":"2018-01-24T17:21:27","date_gmt":"2018-01-24T16:21:27","guid":{"rendered":"http:\/\/gilbertbrands.de\/blog\/?p=1301"},"modified":"2018-01-24T17:21:27","modified_gmt":"2018-01-24T16:21:27","slug":"erklaerung-klarstellung-fuer-die-hueter-der-demokratie","status":"publish","type":"post","link":"https:\/\/gilbertbrands.de\/blog\/2018\/01\/24\/erklaerung-klarstellung-fuer-die-hueter-der-demokratie\/","title":{"rendered":"Erkl\u00e4rung\/Klarstellung f\u00fcr die H\u00fcter der Demokratie"},"content":{"rendered":"<p>Irgendwie scheinen die aufrechten H\u00fcter der Demokratie aus (der linken) Politik und Medien das Grundgesetz nicht richtig verstanden zu haben. Deshalb der guten Ordnung halber ein paar Klarstellungen.<!--more--><\/p>\n<p><strong>Das Recht auf freie Meinungs\u00e4u\u00dferung bedeutet insbesondere, dass man das sagen darf, was anderen NICHT gef\u00e4llt!<\/strong><\/p>\n<p>Ein paar Beispiele. Zum Recht auf freie Meinungs\u00e4u\u00dferung geh\u00f6rt,<\/p>\n<ul>\n<li>dass man den Islam als aggressive und menschenfeindliche Sekte bezeichnen und ein weitgehendes Verbot entsprechend den Gesetzen f\u00fcr solche Sekten fordern kann, wie sie auch f\u00fcr Aum, Raelianer, Boko-Haram, Scientology, Peoples Temple, Colonia dignidad und andere gelten.<\/li>\n<li>dass man fordert, die Exponenten dieser Sekte, die hier durch Gewalt und Kriminalit\u00e4t auffalen, umgehend aus dem Land zu entfernen.<\/li>\n<li>dass man die EU in der jetzigen Form, die deutsche Steuergelder ins Ausland umschichtet, im Gegenzug anderen L\u00e4ndern eine ihnen nicht genehme Lebensart aufzw\u00e4ngt und durch und durch undemokratisch ist, ablehnt.<\/li>\n<li>dass man die Handlungen der Regierung Merkel &#8211; EU-Rettungsschirme, Grenz\u00f6ffnungen, usw. &#8211; als schweren Landesverrat bezeichnet.<\/li>\n<\/ul>\n<p>&nbsp;<\/p>\n<p><strong>Die Gleichheit vor dem Gesetz ist w\u00f6rtlich zu verstehen!<\/strong><\/p>\n<p>Zum Beispiel ist es ein schwerer Versto\u00df gegen Menschenrechte, wenn<\/p>\n<ul>\n<li>die AfD gewaltsam selbst an der Aus\u00fcbung ihrer Pflichten wie der Durchf\u00fchrung von Parteitagen gehindert wird, auch wenn so genannte K\u00fcnstler dies als Kunst deklarieren.<\/li>\n<li>Vereine Mitglieder ausschlie\u00dfen wollen, weil sie der AfD angeh\u00f6ren oder in Wahlen AfD gew\u00e4hlt haben.<\/li>\n<li>zum Boykott von Gesch\u00e4ftsleuten, die mit der AfD Gesch\u00e4fte machen (Hotels usw), aufgerufen wird.<\/li>\n<li>Ausl\u00e4ndern eigene Rechte und Gerichtsbarkeit zugestanden wird.<\/li>\n<li>Straftaten nicht geahndet werden oder ihnen nicht konsequent nachgegangen wird, wenn es sich bei den T\u00e4tern um Ausl\u00e4nder handelt.<\/li>\n<\/ul>\n<p>&nbsp;<\/p>\n<p><strong>Die Feststellung von Rechtsverst\u00f6\u00dfen obliegt der (unabh\u00e4ngigen) Justiz (Rechtsstaatsprinzip)<\/strong><\/p>\n<ul>\n<li>Was eine &#8222;Hassrede&#8220; ist, obliegt eindeutig NICHT dem Justizminister, und schon gar nicht einem Rechtsbrecher Heiko Maas.<\/li>\n<li>Was justiziabel ist und was nicht, obliegt NICHT ehemaligen DDR-StaSi-Mitarbeitern, die im Auftrag der sozialen Netzwerke alles l\u00f6schen, was ihnen nicht gef\u00e4llt.<\/li>\n<li>Eine soziale Existenzvernichtung, wie sie im Rahmen der #MeToo-Kampagne durch Aufstellung nicht belegbarer Behauptungen \u00fcber jahrzehnte zur\u00fcckliegende Vorg\u00e4nge, ist ein Verbrechen.<\/li>\n<\/ul>\n<p>&nbsp;<\/p>\n<p>Das sind nur einige Beispiele und Grunds\u00e4tze. Wer kommentieren m\u00f6chte, kann das gerne fortsetzen.<\/p>\n","protected":false},"excerpt":{"rendered":"<p>Irgendwie scheinen die aufrechten H\u00fcter der Demokratie aus (der linken) Politik und Medien das Grundgesetz nicht richtig verstanden zu haben. Deshalb der guten Ordnung halber ein paar Klarstellungen. Download Artikel als PDF<\/p>\n","protected":false},"author":1,"featured_media":0,"comment_status":"open","ping_status":"open","sticky":false,"template":"","format":"standard","meta":{"footnotes":""},"categories":[12,6,13],"tags":[],"class_list":["post-1301","post","type-post","status-publish","format-standard","hentry","category-gesellschaft","category-politik","category-recht"],"post_mailing_queue_ids":[],"_links":{"self":[{"href":"https:\/\/gilbertbrands.de\/blog\/wp-json\/wp\/v2\/posts\/1301","targetHints":{"allow":["GET"]}}],"collection":[{"href":"https:\/\/gilbertbrands.de\/blog\/wp-json\/wp\/v2\/posts"}],"about":[{"href":"https:\/\/gilbertbrands.de\/blog\/wp-json\/wp\/v2\/types\/post"}],"author":[{"embeddable":true,"href":"https:\/\/gilbertbrands.de\/blog\/wp-json\/wp\/v2\/users\/1"}],"replies":[{"embeddable":true,"href":"https:\/\/gilbertbrands.de\/blog\/wp-json\/wp\/v2\/comments?post=1301"}],"version-history":[{"count":1,"href":"https:\/\/gilbertbrands.de\/blog\/wp-json\/wp\/v2\/posts\/1301\/revisions"}],"predecessor-version":[{"id":1302,"href":"https:\/\/gilbertbrands.de\/blog\/wp-json\/wp\/v2\/posts\/1301\/revisions\/1302"}],"wp:attachment":[{"href":"https:\/\/gilbertbrands.de\/blog\/wp-json\/wp\/v2\/media?parent=1301"}],"wp:term":[{"taxonomy":"category","embeddable":true,"href":"https:\/\/gilbertbrands.de\/blog\/wp-json\/wp\/v2\/categories?post=1301"},{"taxonomy":"post_tag","embeddable":true,"href":"https:\/\/gilbertbrands.de\/blog\/wp-json\/wp\/v2\/tags?post=1301"}],"curies":[{"name":"wp","href":"https:\/\/api.w.org\/{rel}","templated":true}]}}