{"id":1297,"date":"2018-01-23T14:10:06","date_gmt":"2018-01-23T13:10:06","guid":{"rendered":"http:\/\/gilbertbrands.de\/blog\/?p=1297"},"modified":"2018-01-23T14:10:06","modified_gmt":"2018-01-23T13:10:06","slug":"offener-brief-an-johann-saathoff-spd-mdb","status":"publish","type":"post","link":"https:\/\/gilbertbrands.de\/blog\/2018\/01\/23\/offener-brief-an-johann-saathoff-spd-mdb\/","title":{"rendered":"Offener Brief an Johann Saathoff (SPD, MdB)"},"content":{"rendered":"<p>Moin Herr Saathoff,<\/p>\n<p>ich war lange Zeit \u00fcberzeugter SPD-W\u00e4hler, angefangen bei Willy Brandt bis hin zu Gerhard Schr\u00f6der. Dessen Zusammengehen mit den realit\u00e4tsverweigernden Gr\u00fcnen <!--more-->Ideologie-Automaten hat dem allerdings bereits einen ziemlichen Knacks versetzt (wenig zeigt wohl den desastr\u00f6sen Zustand im Bildungssystem wirkungsvoller auf als dass die Gr\u00fcnen bei Wahlen immer noch 10% bekommen).<\/p>\n<p>Die SPD-Positionen, die heute vertreten werden, sind allerdings v\u00f6llig unverst\u00e4ndlich. Selbst die Linke hat inzwischen mitbekommen, dass Ideologie nicht mehr viel n\u00fctzt, wenn es keine W\u00e4hler mehr gibt, die daf\u00fcr ihre Stimme abgeben. Wenn man sich anh\u00f6rt, mit was f\u00fcr Themen jetzt in die (Nach-)Verhandlungen mit der CDU\/CSU eingestiegen wird, frage ich mich aber sehr ernsthaft, ob in der SPD-Spitze \u00fcberhaupt noch jemand vorhanden ist, der mitbekommt, was &#8222;auf der Stra\u00dfe&#8220; los ist.<\/p>\n<p>Was meinen Sie, wie ein Martin Schulz, der innerhalb von wenigen Tagen eine 180\u00b0-Rolle hingelegt hat und permanent demonstriert, dass sein Schulabbruch kein Zufall war, und eine Andrea Nahles, die meint, ihre Ideenlosigkeit hinter der Proll-Fassade eines arabischen T\u00fcrstehers verstecken zu k\u00f6nnen, wirklich bei den Leuten ankommt? Als Einzelner kennt man nat\u00fcrlich immer nur eine begrenzte Anzahl von Leuten, aber die meisten, die ich kenne, sind zwar mit dem ostfriesischen SPD-w\u00e4hlen-Gen (bewusst ohne &#8222;h&#8220;) auf die Welt gekommen, w\u00fcrden aber inzwischen morgen trotzdem woanders ihre Kreuze machen. Das liegt einerseits an Leuten wie Schulz und Nahles, andererseits aber auch an den Themen. Auch wenn man selbst eine L\u00f6sung nicht zur Hand hat, so k\u00f6nnen doch die meisten Leute ganz gut beurteilen, ob etwas &#8222;gequirlte Kacke&#8220; (frei nach A. Nahles) ist, und der Ansicht sind immer mehr Leute.<\/p>\n<p>Ist es das wirklich wert, die Traditionspartei in Klump zu fahren, nur damit ein paar abgehalfterte Funktion\u00e4re ihren Hintern noch mal mit einem Ministeramt vergolden k\u00f6nnen (irgendwie f\u00e4rbt Nahles verbal ab)? Und glauben Sie wirklich, dass das gut geht, wenn schon jetzt nur knapp 55% dahinter stehen? Oder wird im Hauen und Stechen um die verbleibenden Pfr\u00fcnde alsbald der eine oder andere gegen seine eigenen Regierung stimmen? W\u00e4re es nicht besser, wirklich 4 Jahre ohne Koalitionsdruck eine neue Spitzenmannschaft und ein neues Programm aufzustellen? Eine Minderheitsregierung ist doch nicht wirklich schlimm; woanders funktioniert die Konstruktion doch auch hervorragend. Und wenn Frau Merkel nicht will &#8211; es findet sich schon jemand anderes. Der Bundespr\u00e4sident kann vorschlagen, wen er will, und das muss nicht ein Mehrheitsf\u00fchrer sein.<\/p>\n<p>Ich kann ja verstehen, dass die Listenpl\u00e4tzler unter dem MdB im Interesse des Erhalts ihrer Listenposition sich eher an den W\u00fcnschen der Leute ausrichten, die ma\u00dfgeblichen Einfluss auf die Listen haben. Deshalb appeliere ich an Sie und Ihre anderen direkt gew\u00e4hlten Kollegen, sich gegen eine Fortsetzung dieses Unfugs einzusetzen. Gerade dadurch, dass Sie direkt gew\u00e4hlt sind, haben Sie eine ganz andere Hausmacht, n\u00e4mlich Ihre direkten W\u00e4hler, was Sie einerseits unabh\u00e4ngiger macht, andererseits aber auch pers\u00f6nlich verpflichtet.<\/p>\n<div class=\"moz-signature\">&#8212;<br \/>\nViele Gr\u00fc\u00dfe<\/div>\n","protected":false},"excerpt":{"rendered":"<p>Moin Herr Saathoff, ich war lange Zeit \u00fcberzeugter SPD-W\u00e4hler, angefangen bei Willy Brandt bis hin zu Gerhard Schr\u00f6der. Dessen Zusammengehen mit den realit\u00e4tsverweigernden Gr\u00fcnen Download Artikel als PDF<\/p>\n","protected":false},"author":1,"featured_media":0,"comment_status":"open","ping_status":"open","sticky":false,"template":"","format":"standard","meta":{"footnotes":""},"categories":[12,6],"tags":[],"class_list":["post-1297","post","type-post","status-publish","format-standard","hentry","category-gesellschaft","category-politik"],"post_mailing_queue_ids":[],"_links":{"self":[{"href":"https:\/\/gilbertbrands.de\/blog\/wp-json\/wp\/v2\/posts\/1297","targetHints":{"allow":["GET"]}}],"collection":[{"href":"https:\/\/gilbertbrands.de\/blog\/wp-json\/wp\/v2\/posts"}],"about":[{"href":"https:\/\/gilbertbrands.de\/blog\/wp-json\/wp\/v2\/types\/post"}],"author":[{"embeddable":true,"href":"https:\/\/gilbertbrands.de\/blog\/wp-json\/wp\/v2\/users\/1"}],"replies":[{"embeddable":true,"href":"https:\/\/gilbertbrands.de\/blog\/wp-json\/wp\/v2\/comments?post=1297"}],"version-history":[{"count":1,"href":"https:\/\/gilbertbrands.de\/blog\/wp-json\/wp\/v2\/posts\/1297\/revisions"}],"predecessor-version":[{"id":1298,"href":"https:\/\/gilbertbrands.de\/blog\/wp-json\/wp\/v2\/posts\/1297\/revisions\/1298"}],"wp:attachment":[{"href":"https:\/\/gilbertbrands.de\/blog\/wp-json\/wp\/v2\/media?parent=1297"}],"wp:term":[{"taxonomy":"category","embeddable":true,"href":"https:\/\/gilbertbrands.de\/blog\/wp-json\/wp\/v2\/categories?post=1297"},{"taxonomy":"post_tag","embeddable":true,"href":"https:\/\/gilbertbrands.de\/blog\/wp-json\/wp\/v2\/tags?post=1297"}],"curies":[{"name":"wp","href":"https:\/\/api.w.org\/{rel}","templated":true}]}}