{"id":127,"date":"2015-09-17T22:46:53","date_gmt":"2015-09-17T20:46:53","guid":{"rendered":"http:\/\/gilbertbrands.de\/blog\/?p=127"},"modified":"2015-09-17T22:46:53","modified_gmt":"2015-09-17T20:46:53","slug":"linke-tasche-rechte-tasche","status":"publish","type":"post","link":"https:\/\/gilbertbrands.de\/blog\/2015\/09\/17\/linke-tasche-rechte-tasche\/","title":{"rendered":"Linke Tasche &#8211; rechte Tasche"},"content":{"rendered":"<p>Politik und Medien veranstalten schon seit Wochen das &#8222;Theater f\u00fcr die Superdoofen&#8220;. Und als wi\u0155klich echt bekloppt, bescheuert oder gehirnamputiert zeigt sich anscheinend das deutsche Volk, das alles schluckt. <!--more--><\/p>\n<p>Aufgrund der Fl\u00fcchtlingsinvasion &#8211; anders kann man es nicht mehr nennen &#8211; stehen Kommunen und L\u00e4nder finanziell mit dem R\u00fccken in (nicht mehr nur an) der Wand. Was jahrelang liegenblieb &#8211; verrotende Schulr\u00e4ume, aber immer noch gut genug f\u00fcr die deutschen Sch\u00fcler &#8211; wird nun f\u00fcr Fl\u00fcchtlinge saniert. In Hamburg werden inzwischen sogar Nobelviertel belegt &#8211; um die normalen Obdachlosen k\u00fcmmert sich immer noch keiner. Das kostet alles f\u00fcrchterlich viel Geld. Woher nehmen?<\/p>\n<p>Aber ach! Die Politik wei\u00df einen Ausweg! <strong>Der Bund soll die Kosten \u00fcbernehmen<\/strong>, und alle strahlen ob dieser Weisheit. Nat\u00fcrlich, damit ist das Problem behoben, wenn der Bund die Kosten \u00fcbernimmt!<\/p>\n<p>Mal ehrlich, ihr jubelnden Vollidioten, ist euch schon mal aufgegangen, dass es schei\u00dfegal ist, wer das Geld bereit stellt, weil das alles Steuergelder sind? Egal, von wo das Geld kommt, es wurde letztendlich dem Steuerzahler abgenommen. Kommunale Mittel: dein Geld, Landesmittel: dein Geld, Bundesmittel: dein Geld &#8211; oder besser ehemaliges Geld. Ein Nullsummenspiel. Und woher soll der Bund das Geld nehmen, dass er auch nicht hat, weil er schon hunderte von Millionen Euro in den B\u00fcrgerkrieg in der Urkaine steckt oder in die Unterst\u00fctzung der Assad-Gegner, damit noch mehr Fl\u00fcchtlinge produziert werden, oder irgendwelche Bimbos in Schwarzafrika schmiert, die uns zum Dank ihre \u00fcbersch\u00fcssige Bev\u00f6lkerung schicken? Achtet mal drauf, ihr Jubler, was dem B\u00fcrger demn\u00e4chst alles an Leistungen gestrichen wird, und dann jubelt weiter!<\/p>\n","protected":false},"excerpt":{"rendered":"<p>Politik und Medien veranstalten schon seit Wochen das &#8222;Theater f\u00fcr die Superdoofen&#8220;. Und als wi\u0155klich echt bekloppt, bescheuert oder gehirnamputiert zeigt sich anscheinend das deutsche Volk, das alles schluckt. Download Artikel als PDF<\/p>\n","protected":false},"author":1,"featured_media":0,"comment_status":"open","ping_status":"open","sticky":false,"template":"","format":"standard","meta":{"footnotes":""},"categories":[4,6],"tags":[],"class_list":["post-127","post","type-post","status-publish","format-standard","hentry","category-migration","category-politik"],"post_mailing_queue_ids":[],"_links":{"self":[{"href":"https:\/\/gilbertbrands.de\/blog\/wp-json\/wp\/v2\/posts\/127","targetHints":{"allow":["GET"]}}],"collection":[{"href":"https:\/\/gilbertbrands.de\/blog\/wp-json\/wp\/v2\/posts"}],"about":[{"href":"https:\/\/gilbertbrands.de\/blog\/wp-json\/wp\/v2\/types\/post"}],"author":[{"embeddable":true,"href":"https:\/\/gilbertbrands.de\/blog\/wp-json\/wp\/v2\/users\/1"}],"replies":[{"embeddable":true,"href":"https:\/\/gilbertbrands.de\/blog\/wp-json\/wp\/v2\/comments?post=127"}],"version-history":[{"count":1,"href":"https:\/\/gilbertbrands.de\/blog\/wp-json\/wp\/v2\/posts\/127\/revisions"}],"predecessor-version":[{"id":128,"href":"https:\/\/gilbertbrands.de\/blog\/wp-json\/wp\/v2\/posts\/127\/revisions\/128"}],"wp:attachment":[{"href":"https:\/\/gilbertbrands.de\/blog\/wp-json\/wp\/v2\/media?parent=127"}],"wp:term":[{"taxonomy":"category","embeddable":true,"href":"https:\/\/gilbertbrands.de\/blog\/wp-json\/wp\/v2\/categories?post=127"},{"taxonomy":"post_tag","embeddable":true,"href":"https:\/\/gilbertbrands.de\/blog\/wp-json\/wp\/v2\/tags?post=127"}],"curies":[{"name":"wp","href":"https:\/\/api.w.org\/{rel}","templated":true}]}}